{"id":582216,"date":"2025-12-06T13:43:24","date_gmt":"2025-12-06T13:43:24","guid":{"rendered":"https:\/\/www.europesays.com\/fr\/582216\/"},"modified":"2025-12-06T13:43:24","modified_gmt":"2025-12-06T13:43:24","slug":"les-pompiers-sauvent-une-femme-de-la-noyade-dans-la-loire","status":"publish","type":"post","link":"https:\/\/www.europesays.com\/fr\/582216\/","title":{"rendered":"les pompiers sauvent une femme de la noyade dans la Loire"},"content":{"rendered":"<p>                    Par<br \/>\n        <strong><br \/>\n            <a href=\"https:\/\/actu.fr\/auteur\/redaction-nantes\" title=\"Consulter tous les articles de R\u00e9daction Nantes\" target=\"_blank\" rel=\"noopener\">R\u00e9daction Nantes<\/a><br \/>\n                    <\/strong><\/p>\n<p>        Publi\u00e9 le<\/p>\n<p>            6 d\u00e9c. 2025 \u00e0 13h49        <\/p>\n<p>Leur action a \u00e9t\u00e9 rapide. Ce samedi 6 d\u00e9cembre 2025, les plongeurs de la caserne de sapeurs-pompiers Nantes Gouz\u00e9 <b>ont sauv\u00e9 une femme de 36 ans, en train de se noyer dans la Loire<\/b>. Les secours sont intervenus au niveau du pont de Pirmil, <b>au sud de Nantes<\/b>.\u00a0<\/p>\n<p>    <a href=\"https:\/\/www.google.com\/maps\/embed?pb=!1m18!1m12!1m3!1d2064.942338748466!2d-1.5458415248062272!3d47.198996016037334!2m3!1f0!2f0!3f0!3m2!1i1024!2i768!4f13.1!3m3!1m2!1s0x4805e9495601b32d%3A0xe699fa6150323b6a!2sPont%20de%20Pirmil!5e1!3m2!1sfr!2sfr!4v1765025115819!5m2!1sfr!2sfr\" title=\"Ouvrie le lien\" target=\"_blank\" rel=\"noopener\">Cliquez ici pour visualiser le contenu<\/a><\/p>\n<p>Urgence relative<\/p>\n<p class=\" wall-content\">Selon le centre op\u00e9rationnel d\u00e9partemental d\u2019incendie et de secours (Codis), la victime a \u00e9t\u00e9 prise en charge et transport\u00e9e en urgence relative au CHU de Nantes. Ce samedi, sept sapeurs-pompiers ont \u00e9t\u00e9 mobilis\u00e9s sur cette intervention de sauvetage.\u00a0<\/p>\n<p class=\" wall-content\">Personnalisez votre actualit\u00e9 en ajoutant vos villes et m\u00e9dias en favori avec <a href=\"https:\/\/moncompte.actu.fr\" title=\"D\u00e9couvez Mon Actu\" rel=\"nofollow noopener\" data-trk=\"{&quot;cta&quot;:{&quot;action&quot;:&quot;https:\\\/\\\/moncompte.actu.fr&quot;,&quot;category&quot;:&quot;mon compte&quot;,&quot;from&quot;:&quot;article footer&quot;,&quot;name&quot;:&quot;Mon actu&quot;,&quot;type&quot;:&quot;cta&quot;}}\" target=\"_blank\">Mon Actu<\/a>.<\/p>\n","protected":false},"excerpt":{"rendered":"Par R\u00e9daction Nantes Publi\u00e9 le 6 d\u00e9c. 2025 \u00e0 13h49 Leur action a \u00e9t\u00e9 rapide. Ce samedi 6&hellip;\n","protected":false},"author":2,"featured_media":582217,"comment_status":"","ping_status":"","sticky":false,"template":"","format":"standard","meta":{"footnotes":""},"categories":[2818],"tags":[1111,11,1777,674,118,1011,27,3367,766,12,2636,1311,25],"class_list":{"0":"post-582216","1":"post","2":"type-post","3":"status-publish","4":"format-standard","5":"has-post-thumbnail","7":"category-nantes","8":"tag-actu","9":"tag-actualites","10":"tag-eu","11":"tag-europe","12":"tag-faits-divers","13":"tag-fr","14":"tag-france","15":"tag-loire","16":"tag-nantes","17":"tag-news","18":"tag-pays-de-la-loire","19":"tag-pompiers","20":"tag-republique-francaise"},"share_on_mastodon":{"url":"https:\/\/pubeurope.com\/@fr\/115672921200375386","error":""},"_links":{"self":[{"href":"https:\/\/www.europesays.com\/fr\/wp-json\/wp\/v2\/posts\/582216","targetHints":{"allow":["GET"]}}],"collection":[{"href":"https:\/\/www.europesays.com\/fr\/wp-json\/wp\/v2\/posts"}],"about":[{"href":"https:\/\/www.europesays.com\/fr\/wp-json\/wp\/v2\/types\/post"}],"author":[{"embeddable":true,"href":"https:\/\/www.europesays.com\/fr\/wp-json\/wp\/v2\/users\/2"}],"replies":[{"embeddable":true,"href":"https:\/\/www.europesays.com\/fr\/wp-json\/wp\/v2\/comments?post=582216"}],"version-history":[{"count":0,"href":"https:\/\/www.europesays.com\/fr\/wp-json\/wp\/v2\/posts\/582216\/revisions"}],"wp:featuredmedia":[{"embeddable":true,"href":"https:\/\/www.europesays.com\/fr\/wp-json\/wp\/v2\/media\/582217"}],"wp:attachment":[{"href":"https:\/\/www.europesays.com\/fr\/wp-json\/wp\/v2\/media?parent=582216"}],"wp:term":[{"taxonomy":"category","embeddable":true,"href":"https:\/\/www.europesays.com\/fr\/wp-json\/wp\/v2\/categories?post=582216"},{"taxonomy":"post_tag","embeddable":true,"href":"https:\/\/www.europesays.com\/fr\/wp-json\/wp\/v2\/tags?post=582216"}],"curies":[{"name":"wp","href":"https:\/\/api.w.org\/{rel}","templated":true}]}}