{"id":58222,"date":"2025-04-28T02:43:13","date_gmt":"2025-04-28T02:43:13","guid":{"rendered":"https:\/\/www.europesays.com\/fr\/58222\/"},"modified":"2025-04-28T02:43:13","modified_gmt":"2025-04-28T02:43:13","slug":"la-balle-est-dans-le-camp-de-vladimir-poutine-assure-guillaume-ancel-sur-rtl","status":"publish","type":"post","link":"https:\/\/www.europesays.com\/fr\/58222\/","title":{"rendered":"\u00ab\u00a0La balle est dans le camp de Vladimir Poutine\u00a0\u00bb, assure Guillaume Ancel, sur RTL"},"content":{"rendered":"<p class=\"article-p mdl\"><strong>Un\u00a0espoir de paix <\/strong>est survenu, samedi 26 avril, au c\u0153ur du Vatican, <strong>en marge des fun\u00e9railles du pape Fran\u00e7ois<\/strong>. Une image a fait le tour du monde : celle de <strong>Donald Trump<\/strong>, l&rsquo;Am\u00e9ricain, assis face \u00e0 <strong>Volodymyr Zelensky<\/strong>, l&rsquo;Ukrainien, \u00e0 l&rsquo;int\u00e9rieur de la basilique Saint-Pierre. Les deux hommes ont \u00e9chang\u00e9 quinze minutes seulement. Mais <strong>la discussion a \u00e9t\u00e9 encourageante<\/strong>, selon les deux parties.<\/p>\n<p class=\"article-p mdl\">Pour\u00a0<a class=\"link\" href=\"https:\/\/www.rtl.fr\/actu\/international\/guerre-en-ukraine-la-treve-annoncee-par-poutine-est-une-premiere-marche-vers-la-paix-estime-guillaume-ancel-sur-rtl-7900496245\" rel=\"nofollow noopener\" target=\"_blank\"><strong>Guillaume Ancel<\/strong><\/a>, si la discussion a \u00e9t\u00e9 br\u00e8ve, l&rsquo;essentiel est ailleurs. \u00ab\u00a0Ce qui est important, c&rsquo;est que\u00a0<a class=\"link\" href=\"https:\/\/www.rtl.fr\/actu\/international\/guerre-en-ukraine-selon-donald-trump-moscou-et-kiev-sont-tres-proches-d-un-accord-7900498404\" rel=\"nofollow noopener\" target=\"_blank\"><strong>Donald Trump<\/strong>\u00a0<\/a><strong>\u00e9coute d\u00e9sormais la voix des Europ\u00e9ens<\/strong>, et notamment celle de\u00a0<a class=\"link\" href=\"https:\/\/www.rtl.fr\/actu\/international\/guerre-en-ukraine-volodymyr-zelensky-accuse-la-russie-d-avoir-utilise-un-missile-fabrique-en-coree-du-nord-7900497974\" rel=\"nofollow noopener\" target=\"_blank\">Volodymyr Zelensky<\/a>\u00ab\u00a0, a assur\u00e9 l&rsquo;\u00e9crivain, ancien officier et chroniqueur de guerre.<br \/>\u00a0<br \/>\u00ab\u00a0Le pr\u00e9sident \u00e9tats-unien a \u00e9galement \u00e9chang\u00e9 avec des dirigeants europ\u00e9ens, qui lui ont redit qu&rsquo;il fallait absolument faire attention \u00e0 l&rsquo;attitude de<a class=\"link\" href=\"https:\/\/www.rtl.fr\/actu\/international\/vladimir-arrete-lance-donald-trump-a-vladimir-poutine-apres-de-nouvelles-frappes-massives-sur-l-ukraine-7900497922\" rel=\"nofollow noopener\" target=\"_blank\"> <strong>Vladimir Poutine<\/strong><\/a>.\u00a0\u00bb Cons\u00e9quence : \u00ab\u00a0<a class=\"link\" href=\"https:\/\/www.rtl.fr\/actu\/international\/funerailles-du-pape-francois-ce-que-l-on-sait-de-la-reunion-entre-donald-trump-et-volodymyr-zelensky-7900498475\" rel=\"nofollow noopener\" target=\"_blank\">Donald Trump<\/a>, qui avait tout impos\u00e9 \u00e0 l&rsquo;Ukraine, <strong>commence enfin \u00e0 mettre la pression sur le pr\u00e9sident russe\u00a0<\/strong>pour qu&rsquo;il accepte l&rsquo;accord auquel Trump est extr\u00eamement attach\u00e9\u00a0\u00bb, a-t-il soulign\u00e9.<\/p>\n<blockquote class=\"article-quote\">\n<p class=\"article-quote-text icon icon-quote-v2\">Accepter de stopper cette guerre permettrait au pr\u00e9sident russe d&#8217;empocher un gain territorial substantiel<\/p>\n<p>Guillaume Ancel, \u00e9crivain, ancien officier et chroniqueur de guerre.<\/p>\n<\/blockquote>\n<p class=\"article-p mdl\">Si, d\u00e9but mars,\u00a0<a class=\"link\" href=\"https:\/\/www.rtl.fr\/actu\/international\/cessez-le-feu-en-ukraine-nous-sommes-pour-annonce-vladimir-poutine-qui-evoque-des-nuances-7900482948\" rel=\"nofollow noopener\" target=\"_blank\">Kiev avait accept\u00e9 un cessez-le-feu imm\u00e9diat<\/a>\u00a0aux conditions impos\u00e9es par Washington, \u00ab\u00a0c&rsquo;est d\u00e9sormais \u00e0 la Russie de montrer si, oui ou non, elle accepte enfin de terminer cette guerre qu&rsquo;elle a d\u00e9clench\u00e9e\u00a0\u00bb, insiste Guillaume Ancel.\u00a0\u00ab\u00a0On sait que du c\u00f4t\u00e9 ukrainien, Volodymyr Zelensky n&rsquo;a pas le choix que d&rsquo;accepter cet accord\u00a0qui n&rsquo;est vraiment pas \u00e0 son avantage, puisqu&rsquo;<strong>il perd plus de 18 % de son territoire avec ce cessez-le-feu<\/strong>\u00ab\u00a0, a-t-il poursuivi.<\/p>\n<p class=\"article-p mdl\">Mais pour la Russie, \u00ab\u00a0l&rsquo;accord est assez avantageux, car au rythme o\u00f9 l&rsquo;arm\u00e9e russe progresse aujourd&rsquo;hui, il lui faudrait un si\u00e8cle pour tenter de soumettre l&rsquo;Ukraine\u00a0\u00bb, a ajout\u00e9\u00a0l&rsquo;\u00e9crivain, ancien officier et chroniqueur de guerre.\u00a0\u00ab\u00a0Accepter de stopper cette guerre permettrait <strong>au pr\u00e9sident russe d&#8217;empocher un gain territorial substantiel\u00a0<\/strong>juste avant le 9 mai\u00a0\u00bb date de \u00ab\u00a0la comm\u00e9moration de la grande victoire de la Russie contre le nazisme et auquel Vladimir Poutine est tr\u00e8s attach\u00e9 en digne h\u00e9ritier de l&rsquo;URSS\u00a0\u00bb.<\/p>\n<p class=\"article-p mdl\">Apr\u00e8s le face-\u00e0-face entre le pr\u00e9sident am\u00e9ricain et ukrainien, \u00ab\u00a0<strong>la balle est dans le camp de Vladimir Poutine.<\/strong> Tout va d\u00e9pendre de lui\u00a0\u00bb. Alors que Donald Trump le menace \u00ab\u00a0<strong>de sanctions financi\u00e8res et douani\u00e8res<\/strong> qui seraient probablement tr\u00e8s dures pour la Russie dont on sait qu&rsquo;elle a \u00e9t\u00e9 tr\u00e8s affect\u00e9e par les sanctions \u00e9conomiques de l&rsquo;Europe depuis trois ans\u00a0\u00bb, a conclu Guillaume Ancel.<\/p>\n<p>    L&rsquo;\u00e9quipe de l&rsquo;\u00e9mission vous recommande<\/p>\n<p class=\"s-newsletter__title\">\n                L\u2019actualit\u00e9 par la r\u00e9daction de RTL dans votre bo\u00eete mail.\n            <\/p>\n<p class=\"s-newsletter__subtitle\">\n                Gr\u00e2ce \u00e0 votre compte RTL abonnez-vous \u00e0 la newsletter RTL info pour suivre toute l&rsquo;actualit\u00e9 au quotidien\n            <\/p>\n<p>\n                                    Lire la suite\n                                <\/p>\n","protected":false},"excerpt":{"rendered":"Un\u00a0espoir de paix est survenu, samedi 26 avril, au c\u0153ur du Vatican, en marge des fun\u00e9railles du pape&hellip;\n","protected":false},"author":2,"featured_media":54416,"comment_status":"","ping_status":"","sticky":false,"template":"","format":"standard","meta":{"footnotes":""},"categories":[1590],"tags":[11,75,73,1777,674,107,131,14,12,362,361,360,132,220,135,134],"class_list":{"0":"post-58222","1":"post","2":"type-post","3":"status-publish","4":"format-standard","5":"has-post-thumbnail","7":"category-ukraine","8":"tag-actualites","9":"tag-donald-trump","10":"tag-etats-unis","11":"tag-eu","12":"tag-europe","13":"tag-fil-info","14":"tag-guerre-en-ukraine","15":"tag-international","16":"tag-news","17":"tag-replay","18":"tag-replay-a-la-une","19":"tag-replay-integral","20":"tag-russie","21":"tag-ukraine","22":"tag-vladimir-poutine","23":"tag-volodymyr-zelensky"},"share_on_mastodon":{"url":"https:\/\/pubeurope.com\/@fr\/114413292941263165","error":""},"_links":{"self":[{"href":"https:\/\/www.europesays.com\/fr\/wp-json\/wp\/v2\/posts\/58222","targetHints":{"allow":["GET"]}}],"collection":[{"href":"https:\/\/www.europesays.com\/fr\/wp-json\/wp\/v2\/posts"}],"about":[{"href":"https:\/\/www.europesays.com\/fr\/wp-json\/wp\/v2\/types\/post"}],"author":[{"embeddable":true,"href":"https:\/\/www.europesays.com\/fr\/wp-json\/wp\/v2\/users\/2"}],"replies":[{"embeddable":true,"href":"https:\/\/www.europesays.com\/fr\/wp-json\/wp\/v2\/comments?post=58222"}],"version-history":[{"count":0,"href":"https:\/\/www.europesays.com\/fr\/wp-json\/wp\/v2\/posts\/58222\/revisions"}],"wp:featuredmedia":[{"embeddable":true,"href":"https:\/\/www.europesays.com\/fr\/wp-json\/wp\/v2\/media\/54416"}],"wp:attachment":[{"href":"https:\/\/www.europesays.com\/fr\/wp-json\/wp\/v2\/media?parent=58222"}],"wp:term":[{"taxonomy":"category","embeddable":true,"href":"https:\/\/www.europesays.com\/fr\/wp-json\/wp\/v2\/categories?post=58222"},{"taxonomy":"post_tag","embeddable":true,"href":"https:\/\/www.europesays.com\/fr\/wp-json\/wp\/v2\/tags?post=58222"}],"curies":[{"name":"wp","href":"https:\/\/api.w.org\/{rel}","templated":true}]}}