{"id":582222,"date":"2025-12-06T13:46:12","date_gmt":"2025-12-06T13:46:12","guid":{"rendered":"https:\/\/www.europesays.com\/fr\/582222\/"},"modified":"2025-12-06T13:46:12","modified_gmt":"2025-12-06T13:46:12","slug":"ou-se-faire-prendre-en-photo-avec-le-pere-noel-et-meme-le-grinch-a-toulouse-et-ses-alentours","status":"publish","type":"post","link":"https:\/\/www.europesays.com\/fr\/582222\/","title":{"rendered":"O\u00f9 se faire prendre en photo avec le P\u00e8re No\u00ebl (et m\u00eame Le Grinch !) \u00e0 Toulouse et ses alentours"},"content":{"rendered":"<p>                    Par<br \/>\n        <strong><br \/>\n            <a href=\"https:\/\/actu.fr\/auteur\/mareva-laville-actu-fr\" title=\"Consulter tous les articles de Mar\u00e9va Laville\" target=\"_blank\" rel=\"noopener\">Mar\u00e9va Laville<\/a><br \/>\n                    <\/strong><\/p>\n<p>        Publi\u00e9 le<\/p>\n<p>            6 d\u00e9c. 2025 \u00e0 12h14        <\/p>\n<p>C\u2019est la star de l\u2019hiver et de la p\u00e9riode des f\u00eates. Le P\u00e8re No\u00ebl va faire escale sur son trajet \u00e0 <a href=\"http:\/\/www.actu.fr\/toulouse\" target=\"_blank\" rel=\"noopener\">Toulouse<\/a>, pour rencontrer les enfants (et les grands qui le souhaitent\u2009!). Un indispensable de No\u00ebl \u00e0 immortaliser, souvent, d\u2019un joli clich\u00e9 (parfois accompagn\u00e9 de grimaces). Alors o\u00f9 pourra-t-on se faire prendre en photo avec Papa No\u00ebl\u2009dans la Ville rose, et ses alentours\u2009?<\/p>\n<p>Derri\u00e8re le Capitole \u00e0 Toulouse<\/p>\n<p class=\" wall-content\">Direction le<strong> square Charles-de-Gaulle<\/strong> pour se rendre au domicile du P\u00e8re-No\u00ebl. C\u2019est ici, derri\u00e8re le Capitole, que la <strong>Maison du P\u00e8re No\u00ebl<\/strong> a trouv\u00e9 sa place, au milieu de la douzaine de chalets blancs.<\/p>\n<p class=\" wall-content\">C\u2019est dans sa cabane que le P\u00e8re-No\u00ebl sera disponible pour prendre des photos <strong>tous les mercredis, les samedis et les dimanches<\/strong> jusqu\u2019au 24\u00a0d\u00e9cembre.<\/p>\n<p class=\" wall-content\">Ceux qui n\u2019oseraient pas le voir ou manqueraient sa pr\u00e9sence pourront tout de m\u00eame y laisser leur lettre de v\u0153ux de cadeaux\u2009: un chalet \u00e0 lettres, avec des lutins, sera ouvert tous les jours jusqu\u2019au r\u00e9veillon.<\/p>\n<p>Le Grinch, de la partie aussi<\/p>\n<p class=\" wall-content\">Enfin, pour les plus t\u00e9m\u00e9raires, un personnage plus curieux fera son apparition. La <strong>Mascotte du Grinch,<\/strong> le c\u00e9l\u00e8bre vieux grincheux cynique attendri par l\u2019esprit de No\u00ebl d\u2019une petite fille, investira la Maison du P\u00e8re-No\u00ebl le temps d\u2019un apr\u00e8s-midi, <strong>vendredi 21\u00a0d\u00e9cembre de 14h30 \u00e0 18h30.<\/strong><\/p>\n<p>Et autour de Toulouse\u2009?<\/p>\n<p class=\" wall-content\">D\u2019autres occasions de voir le P\u00e8re No\u00ebl seront possibles tout au long du mois de d\u00e9cembre, en p\u00e9riph\u00e9rie de Toulouse*. Voici la date et les endroits \u00e0 retenir pour se faire prendre en photo avec\u2009:<\/p>\n<p>Vid\u00e9os : en ce moment sur Actu<\/p>\n<ul class=\" wall-content\">\n<li>au march\u00e9 de No\u00ebl de Brugui\u00e8res, samedi 6\u00a0d\u00e9cembre, de 10h \u00e0 18h<\/li>\n<li>sur la place Saint-Barth\u00e9l\u00e9my de Lab\u00e8ge, entre 10h et 17h, samedi 6\u00a0d\u00e9cembre<\/li>\n<li>Portet<\/li>\n<li>au march\u00e9 de Gratentour, de 9h \u00e0 18h, dimanche 7\u00a0d\u00e9cembre<\/li>\n<li>\u00e0 Merville, au march\u00e9 de No\u00ebl, dimanche 7\u00a0d\u00e9cembre<\/li>\n<li>au march\u00e9 de No\u00ebl de Tournefeuille, de 10h \u00e0 19h samedi 13\u00a0d\u00e9cembre et de 10h \u00e0 18h, dimanche 14\u00a0d\u00e9cembre<\/li>\n<\/ul>\n<p class=\" wall-content\">*liste non exhaustive<\/p>\n<p><strong>Rencontre avec le P\u00e8re No\u00ebl \u00e0 Toulouse<\/strong><br \/>\u00c0 la Maison du P\u00e8re No\u00ebl<br \/>Square Charles de Gaulle, derri\u00e8re le Capitole<br \/>Tous les mercredis, samedis et dimanches du 28\u00a0novembre au 24\u00a0d\u00e9cembre 2025<br \/>Et le Grinch, vendredi 21\u00a0d\u00e9cembre apr\u00e8s-midi<\/p>\n<p class=\" wall-content\">Personnalisez votre actualit\u00e9 en ajoutant vos villes et m\u00e9dias en favori avec <a href=\"https:\/\/moncompte.actu.fr\" title=\"D\u00e9couvez Mon Actu\" rel=\"nofollow noopener\" data-trk=\"{&quot;cta&quot;:{&quot;action&quot;:&quot;https:\\\/\\\/moncompte.actu.fr&quot;,&quot;category&quot;:&quot;mon compte&quot;,&quot;from&quot;:&quot;article footer&quot;,&quot;name&quot;:&quot;Mon actu&quot;,&quot;type&quot;:&quot;cta&quot;}}\" target=\"_blank\">Mon Actu<\/a>.<\/p>\n","protected":false},"excerpt":{"rendered":"Par Mar\u00e9va Laville Publi\u00e9 le 6 d\u00e9c. 2025 \u00e0 12h14 C\u2019est la star de l\u2019hiver et de la&hellip;\n","protected":false},"author":2,"featured_media":582223,"comment_status":"","ping_status":"","sticky":false,"template":"","format":"standard","meta":{"footnotes":""},"categories":[2816],"tags":[1111,11,1777,674,1011,27,1652,12,15830,2680,25,2312],"class_list":{"0":"post-582222","1":"post","2":"type-post","3":"status-publish","4":"format-standard","5":"has-post-thumbnail","7":"category-toulouse","8":"tag-actu","9":"tag-actualites","10":"tag-eu","11":"tag-europe","12":"tag-fr","13":"tag-france","14":"tag-loisirs-culture","15":"tag-news","16":"tag-noel","17":"tag-occitanie","18":"tag-republique-francaise","19":"tag-toulouse"},"share_on_mastodon":{"url":"https:\/\/pubeurope.com\/@fr\/115672933040936713","error":""},"_links":{"self":[{"href":"https:\/\/www.europesays.com\/fr\/wp-json\/wp\/v2\/posts\/582222","targetHints":{"allow":["GET"]}}],"collection":[{"href":"https:\/\/www.europesays.com\/fr\/wp-json\/wp\/v2\/posts"}],"about":[{"href":"https:\/\/www.europesays.com\/fr\/wp-json\/wp\/v2\/types\/post"}],"author":[{"embeddable":true,"href":"https:\/\/www.europesays.com\/fr\/wp-json\/wp\/v2\/users\/2"}],"replies":[{"embeddable":true,"href":"https:\/\/www.europesays.com\/fr\/wp-json\/wp\/v2\/comments?post=582222"}],"version-history":[{"count":0,"href":"https:\/\/www.europesays.com\/fr\/wp-json\/wp\/v2\/posts\/582222\/revisions"}],"wp:featuredmedia":[{"embeddable":true,"href":"https:\/\/www.europesays.com\/fr\/wp-json\/wp\/v2\/media\/582223"}],"wp:attachment":[{"href":"https:\/\/www.europesays.com\/fr\/wp-json\/wp\/v2\/media?parent=582222"}],"wp:term":[{"taxonomy":"category","embeddable":true,"href":"https:\/\/www.europesays.com\/fr\/wp-json\/wp\/v2\/categories?post=582222"},{"taxonomy":"post_tag","embeddable":true,"href":"https:\/\/www.europesays.com\/fr\/wp-json\/wp\/v2\/tags?post=582222"}],"curies":[{"name":"wp","href":"https:\/\/api.w.org\/{rel}","templated":true}]}}