{"id":582226,"date":"2025-12-06T13:49:11","date_gmt":"2025-12-06T13:49:11","guid":{"rendered":"https:\/\/www.europesays.com\/fr\/582226\/"},"modified":"2025-12-06T13:49:11","modified_gmt":"2025-12-06T13:49:11","slug":"roberto-de-zerbi-tres-enerve-ligue-1-j15-lille-marseille-1-0","status":"publish","type":"post","link":"https:\/\/www.europesays.com\/fr\/582226\/","title":{"rendered":"Roberto De Zerbi \u00ab\u202ftr\u00e8s \u00e9nerv\u00e9\u202f\u00bb &#8211; Ligue 1 &#8211; J15 &#8211; Lille-Marseille (1-0)"},"content":{"rendered":"<p>Mauvais week-end en perspective, pour Roberto De Zerbi.<\/p>\n<p><a target=\"_blank\" href=\"https:\/\/www.sofoot.com\/articles\/ligue-1-lille-dompte-lolympique-de-marseille\" rel=\"noopener\">En d\u00e9placement \u00e0 Lille pour le compte de la quinzi\u00e8me journ\u00e9e de Ligue 1, son Olympique de Marseille s\u2019est inclin\u00e9 sur la plus courte des marges<\/a>. <strong>La faute, selon l\u2019entra\u00eeneur, \u00e0 une prestation plus que poussive de ses joueurs<\/strong> qui l\u2019a mis en col\u00e8re. Si bien qu\u2019en conf\u00e9rence de presse, l\u2019Italien a indiqu\u00e9 \u00eatre \u00ab\u202ftr\u00e8s \u00e9nerv\u00e9\u202f\u00bb et a reconnu que la d\u00e9faite \u00e9tait logique : \u00ab\u202fOn a mal jou\u00e9, on m\u00e9rite de perdre.\u202f\u00bb<\/p>\n<p>Et <strong>le technicien d\u2019ajouter, visiblement remont\u00e9<\/strong> : \u00ab\u202fOn n\u2019a pas fait trois passes de suite, on a perdu tous les deuxi\u00e8mes ballons. M\u00eame par le dribble, on n\u2019arrivait \u00e0 \u00e9liminer personne\u2026 En phase d\u00e9fensive, on n\u2019a jamais \u00e9t\u00e9 agressif comme on peut l\u2019\u00eatre d\u2019habitude. On a \u00e9t\u00e9 passif de la premi\u00e8re \u00e0 la derni\u00e8re minute, frapper aussi peu n\u2019est pas suffisant. Je ne m\u2019attendais pas \u00e0 ce qu\u2019on fasse un match pareil, et quand vous jouez \u00e0 l\u2019OM, vous ne pouvez pas livrer une telle performance.\u202f\u00bb<\/p>\n<p>Il faut dire qu\u2019en face, il y avait <a target=\"_blank\" href=\"https:\/\/www.sofoot.com\/breves\/ligue-1-aissa-mandi-considere-quethan-mbappe-defend-enormement-apres-la-victoire-de-lille-contre-marseille\" rel=\"noopener\">un Mbapp\u00e9 au super rendement d\u00e9fensif<\/a>\u2026<\/p>\n<p>\t\t\t\t\t\t\t\t\t\t<a class=\"lien-connexe\" href=\"https:\/\/www.sofoot.com\/breves\/ligue-1-aissa-mandi-considere-quethan-mbappe-defend-enormement-apres-la-victoire-de-lille-contre-marseille\" target=\"_blank\" rel=\"noopener\">Mbapp\u00e9 \u00ab\u202fd\u00e9fend \u00e9norm\u00e9ment\u202f\u00bb selon un de ses partenaires<\/a>\t\t\t\t\t<\/p>\n","protected":false},"excerpt":{"rendered":"Mauvais week-end en perspective, pour Roberto De Zerbi. En d\u00e9placement \u00e0 Lille pour le compte de la quinzi\u00e8me&hellip;\n","protected":false},"author":2,"featured_media":582227,"comment_status":"","ping_status":"","sticky":false,"template":"","format":"standard","meta":{"footnotes":""},"categories":[2815],"tags":[1111,47,11,61,69,65,64,1777,674,63,1011,27,811,68,66,1307,12,62,70,25,67],"class_list":{"0":"post-582226","1":"post","2":"type-post","3":"status-publish","4":"format-standard","5":"has-post-thumbnail","7":"category-lille","8":"tag-actu","9":"tag-actualite","10":"tag-actualites","11":"tag-actus-football","12":"tag-bundesliga","13":"tag-championnats-europeens","14":"tag-equipe-de-france","15":"tag-eu","16":"tag-europe","17":"tag-football","18":"tag-fr","19":"tag-france","20":"tag-hauts-de-france","21":"tag-ligua","22":"tag-ligue-1","23":"tag-lille","24":"tag-news","25":"tag-news-foot","26":"tag-premier-league","27":"tag-republique-francaise","28":"tag-serie-a"},"share_on_mastodon":{"url":"https:\/\/pubeurope.com\/@fr\/115672944926436268","error":""},"_links":{"self":[{"href":"https:\/\/www.europesays.com\/fr\/wp-json\/wp\/v2\/posts\/582226","targetHints":{"allow":["GET"]}}],"collection":[{"href":"https:\/\/www.europesays.com\/fr\/wp-json\/wp\/v2\/posts"}],"about":[{"href":"https:\/\/www.europesays.com\/fr\/wp-json\/wp\/v2\/types\/post"}],"author":[{"embeddable":true,"href":"https:\/\/www.europesays.com\/fr\/wp-json\/wp\/v2\/users\/2"}],"replies":[{"embeddable":true,"href":"https:\/\/www.europesays.com\/fr\/wp-json\/wp\/v2\/comments?post=582226"}],"version-history":[{"count":0,"href":"https:\/\/www.europesays.com\/fr\/wp-json\/wp\/v2\/posts\/582226\/revisions"}],"wp:featuredmedia":[{"embeddable":true,"href":"https:\/\/www.europesays.com\/fr\/wp-json\/wp\/v2\/media\/582227"}],"wp:attachment":[{"href":"https:\/\/www.europesays.com\/fr\/wp-json\/wp\/v2\/media?parent=582226"}],"wp:term":[{"taxonomy":"category","embeddable":true,"href":"https:\/\/www.europesays.com\/fr\/wp-json\/wp\/v2\/categories?post=582226"},{"taxonomy":"post_tag","embeddable":true,"href":"https:\/\/www.europesays.com\/fr\/wp-json\/wp\/v2\/tags?post=582226"}],"curies":[{"name":"wp","href":"https:\/\/api.w.org\/{rel}","templated":true}]}}