{"id":582228,"date":"2025-12-06T13:50:16","date_gmt":"2025-12-06T13:50:16","guid":{"rendered":"https:\/\/www.europesays.com\/fr\/582228\/"},"modified":"2025-12-06T13:50:16","modified_gmt":"2025-12-06T13:50:16","slug":"quand-la-tradition-fait-germer-la-solidarite","status":"publish","type":"post","link":"https:\/\/www.europesays.com\/fr\/582228\/","title":{"rendered":"Quand la tradition fait germer la solidarit\u00e9"},"content":{"rendered":"<p>Depuis 35 ans, \u00e0 l&rsquo;initiative de Maguy Roubaud,<a href=\"https:\/\/www.laprovence.com\/article\/societe\/1520792407722315\/sainte-barbe-entre-tradition-et-croyance-pourquoi-et-comment-plante-t-on-du-ble-en-provence\" target=\"_blank\" rel=\"noopener\"> le bl\u00e9 de l&rsquo;Esp\u00e9rance<\/a> s&rsquo;est impos\u00e9 comme une tradition incontournable des f\u00eates de fin d&rsquo;ann\u00e9e. Chaque ann\u00e9e, des milliers de familles ach\u00e8tent ce petit sachet de bl\u00e9, d\u00e9sormais disponible dans de nombreux commerces et m\u00eame en mairie. L&rsquo;objectif ? Aider les enfants \u00e0 mieux vivre leur s\u00e9jour \u00e0 l&rsquo;h\u00f4pital, tout en perp\u00e9tuant une belle coutume proven\u00e7ale.<\/p>\n<p>Depuis sa cr\u00e9ation, ce sont plus de 13 millions de sachets qui ont \u00e9t\u00e9 vendus, permettant de financer 500 projets au profit des enfants hospitalis\u00e9s. Cette ann\u00e9e encore, l&rsquo;association a sollicit\u00e9 de nouveaux partenaires pour \u00e9largir la diffusion du bl\u00e9 de l&rsquo;Esp\u00e9rance. \u00ab\u00a0Le maire a trouv\u00e9 l&rsquo;id\u00e9e int\u00e9ressante et nous avons, pour la premi\u00e8re fois, particip\u00e9 \u00e0 la vente\u00a0\u00bb, explique Maryvonne Gascon, adjointe au maire de <a href=\"https:\/\/www.laprovence.com\/bouches-du-rhone\/la-barben-13009\" target=\"_blank\" rel=\"noopener\">La Barben<\/a>.<\/p>\n<p>Traditionnellement, le bl\u00e9 se plante le 4 d\u00e9cembre. Il suffit de le semer dans de petites coupelles ou sur tout support de votre choix, de l&rsquo;arroser r\u00e9guli\u00e8rement et de le garder au chaud, sans exc\u00e8s. Pour ralentir sa pousse, un rebord de fen\u00eatre fera tr\u00e8s bien l&rsquo;affaire. \u00ab\u00a0Un bl\u00e9 bien germ\u00e9 est le signe de la prosp\u00e9rit\u00e9 pour toute la maison et la famille, rappelle Maryvonne Gascon. Bien vert, il trouvera sa place dans la cr\u00e8che ou sur la table, aux c\u00f4t\u00e9s des <a href=\"https:\/\/www.laprovence.com\/article\/societe\/87410432664229\/atelier-de-13-desserts-feu-d-artifice-la-ville-de-venelles-lance-ses-festivites-de-noel-avec-la-maniere\" target=\"_blank\" rel=\"noopener\">13 desserts<\/a>\u00ab\u00a0.<\/p>\n<p>Et si la date est d\u00e9pass\u00e9e ?<\/p>\n<p>Pas de panique : il est toujours possible de planter son bl\u00e9 apr\u00e8s le 4 d\u00e9cembre, ou m\u00eame d&rsquo;ajouter une coupelle de lentilles pour varier les d\u00e9cors de f\u00eate. Les pousses, tr\u00e8s diff\u00e9rentes de celles du bl\u00e9, apporteront une touche originale \u00e0 vos d\u00e9corations de No\u00ebl.<\/p>\n<p>Cette ann\u00e9e, l&rsquo;association a pu compter sur de nouveaux relais pour diffuser le bl\u00e9 de l&rsquo;Esp\u00e9rance. Une belle occasion de s&rsquo;impliquer dans une tradition solidaire, tout en apportant une touche naturelle et symbolique \u00e0 la magie de No\u00ebl.<\/p>\n","protected":false},"excerpt":{"rendered":"Depuis 35 ans, \u00e0 l&rsquo;initiative de Maguy Roubaud, le bl\u00e9 de l&rsquo;Esp\u00e9rance s&rsquo;est impos\u00e9 comme une tradition incontournable&hellip;\n","protected":false},"author":2,"featured_media":582229,"comment_status":"","ping_status":"","sticky":false,"template":"","format":"standard","meta":{"footnotes":""},"categories":[2814],"tags":[17,1111,11,4526,21414,1719,1777,674,1011,27,151,2831,5415,884,32557,12,882,25,3681],"class_list":{"0":"post-582228","1":"post","2":"type-post","3":"status-publish","4":"format-standard","5":"has-post-thumbnail","7":"category-marseille","8":"tag-17","9":"tag-actu","10":"tag-actualites","11":"tag-aide","12":"tag-barben","13":"tag-enfants","14":"tag-eu","15":"tag-europe","16":"tag-fr","17":"tag-france","18":"tag-les","19":"tag-loisirs-traditions","20":"tag-mairie","21":"tag-marseille","22":"tag-mieux","23":"tag-news","24":"tag-provence-alpes-cote-dazur","25":"tag-republique-francaise","26":"tag-vivre"},"share_on_mastodon":{"url":"https:\/\/pubeurope.com\/@fr\/115672948784041636","error":""},"_links":{"self":[{"href":"https:\/\/www.europesays.com\/fr\/wp-json\/wp\/v2\/posts\/582228","targetHints":{"allow":["GET"]}}],"collection":[{"href":"https:\/\/www.europesays.com\/fr\/wp-json\/wp\/v2\/posts"}],"about":[{"href":"https:\/\/www.europesays.com\/fr\/wp-json\/wp\/v2\/types\/post"}],"author":[{"embeddable":true,"href":"https:\/\/www.europesays.com\/fr\/wp-json\/wp\/v2\/users\/2"}],"replies":[{"embeddable":true,"href":"https:\/\/www.europesays.com\/fr\/wp-json\/wp\/v2\/comments?post=582228"}],"version-history":[{"count":0,"href":"https:\/\/www.europesays.com\/fr\/wp-json\/wp\/v2\/posts\/582228\/revisions"}],"wp:featuredmedia":[{"embeddable":true,"href":"https:\/\/www.europesays.com\/fr\/wp-json\/wp\/v2\/media\/582229"}],"wp:attachment":[{"href":"https:\/\/www.europesays.com\/fr\/wp-json\/wp\/v2\/media?parent=582228"}],"wp:term":[{"taxonomy":"category","embeddable":true,"href":"https:\/\/www.europesays.com\/fr\/wp-json\/wp\/v2\/categories?post=582228"},{"taxonomy":"post_tag","embeddable":true,"href":"https:\/\/www.europesays.com\/fr\/wp-json\/wp\/v2\/tags?post=582228"}],"curies":[{"name":"wp","href":"https:\/\/api.w.org\/{rel}","templated":true}]}}