{"id":582235,"date":"2025-12-06T13:55:26","date_gmt":"2025-12-06T13:55:26","guid":{"rendered":"https:\/\/www.europesays.com\/fr\/582235\/"},"modified":"2025-12-06T13:55:26","modified_gmt":"2025-12-06T13:55:26","slug":"le-louvre-ouvre-une-galerie-pour-un-dialogue-inedit-entre-civilisations","status":"publish","type":"post","link":"https:\/\/www.europesays.com\/fr\/582235\/","title":{"rendered":"Le Louvre ouvre une galerie pour un dialogue in\u00e9dit entre civilisations"},"content":{"rendered":"<p><img loading=\"lazy\" decoding=\"async\" alt=\"\u00a9 Mus\u00e9e du Louvre - Le mus\u00e9e inaugure la Galerie des cinq continents, un espace r\u00e9nov\u00e9 de 130 \u0153uvres pens\u00e9 pour d\u00e9cloisonner l\u2019histoire de l\u2019art et relancer un mus\u00e9e fragilis\u00e9.\" data-zoom-src=\"https:\/\/www.europesays.com\/fr\/wp-content\/uploads\/2025\/12\/initial-galerie-des-cinq-continents-louvre.jpg\" data-zoomable=\"\" height=\"702\" src=\"https:\/\/www.europesays.com\/fr\/wp-content\/uploads\/2025\/12\/initial-galerie-des-cinq-continents-louvre.jpg\" width=\"1248\"\/>  <\/p>\n<p class=\"article-desc\">\u00a9 Mus\u00e9e du Louvre &#8211; Le mus\u00e9e inaugure la Galerie des cinq continents, un espace r\u00e9nov\u00e9 de 130 \u0153uvres pens\u00e9 pour d\u00e9cloisonner l\u2019histoire de l\u2019art et relancer un mus\u00e9e fragilis\u00e9. <\/p>\n<p>Le <a href=\"https:\/\/mesinfos.fr\/75000-paris\/cambriolage-du-louvre-quatre-nouvelles-arrestations-234699.html\" rel=\"noopener\" target=\"_blank\">mus\u00e9e du Louvre<\/a> a inaugur\u00e9 mercredi une nouvelle galerie alors que l\u2019institution traverse une p\u00e9riode d\u00e9licate depuis le <strong>vol des joyaux de la Couronne<\/strong>. <strong>Laurence des Cars<\/strong> \u00e9voque un projet con\u00e7u pour moderniser le mus\u00e9e, y compris sur le plan s\u00e9curitaire. <\/p>\n<p>Elle assure que \u201c\u00e7a fait partie des projets que j\u2019ai port\u00e9s depuis quatre ans\u201d et glisse, en r\u00e9f\u00e9rence au<strong> casse du 19 octobre<\/strong> : \u201cVous pourrez compter les cam\u00e9ras, vous pourrez compter les capteurs dans les vitrines\u201d. <\/p>\n<p>Autrefois nomm\u00e9<strong> Pavillon des Sessions<\/strong>, l\u2019espace devient la<strong> Galerie des cinq continents<\/strong>, un lieu qui entend proposer une \u201capproche d\u00e9cloisonn\u00e9e\u201d de l\u2019histoire de l\u2019art. Les visiteurs y d\u00e9couvrent un <a href=\"https:\/\/mesinfos.fr\/75000-paris\/momies-au-musee-de-l-homme-plongee-au-coeur-des-vies-d-outre-tombe-234970.html\" rel=\"noopener\" target=\"_blank\">sarcophage \u00e9gyptien<\/a> de 200 ans avant J.-C. voisinant avec une t\u00eate sculpt\u00e9e de<strong> l\u2019\u00eele de P\u00e2ques<\/strong> datant du XI\u1d49 au XV\u1d49 si\u00e8cle. <\/p>\n<p>Une sc\u00e9nographie par th\u00e8mes plut\u00f4t que par territoires <\/p>\n<p>Sur 1 000 m\u00b2, les \u0153uvres ne sont plus regroup\u00e9es par<strong> zones g\u00e9ographiques <\/strong>mais par grandes th\u00e9matiques : \u201cna\u00eetre et mourir\u201d, \u201ccroire\u201d, \u201cmanifester l\u2019autorit\u00e9\u201d. Ce parti pris cr\u00e9e des confrontations inattendues. Une <strong>sculpture grecque d\u2019Aelius C\u00e9sar <\/strong>du II\u1d49 si\u00e8cle r\u00e9pond \u00e0 celle d\u2019un dignitaire du Vanuatu du XIX\u1d49, toutes deux incarnant<strong> l\u2019exercice du pouvoir<\/strong>. Dans une m\u00eame vitrine, un crucifix chinois du XVII\u1d49 si\u00e8cle c\u00f4toie une sculpture anthropomorphe de l\u2019\u00eele de P\u00e2ques du XVIII\u1d49-XIX\u1d49 si\u00e8cle.<\/p>\n<p> <img decoding=\"async\" alt=\"\" class=\"img-align-center img-size-limited\" data-zoomable=\"\" height=\"1330\" loading=\"lazy\" src=\"https:\/\/www.europesays.com\/fr\/wp-content\/uploads\/2025\/12\/galerie-des-cinq-continents-louvre1.jpg\" width=\"2000\"\/> \u00a9 Mus\u00e9e du Louvre &#8211; Sur 1 000 m\u00b2, les \u0153uvres ne sont plus regroup\u00e9es par zones g\u00e9ographiques mais par grandes th\u00e9matiques. <\/p>\n<p>L\u2019espace r\u00e9unit 42 \u0153uvres du Louvre et 77 du<strong> mus\u00e9e du Quai Branly<\/strong>, compl\u00e9t\u00e9es par des pr\u00eats d\u2019autres mus\u00e9es, notamment du Nigeria.<\/p>\n<p>  Un questionnement sur la provenance des \u0153uvres <\/p>\n<p>Les <strong>cartels<\/strong> offrent aussi au public une r\u00e9flexion actualis\u00e9e sur la provenance des objets, alors que les revendications de restitution port\u00e9es par des <strong>pays africains<\/strong> occupent une place croissante dans le d\u00e9bat international. Pour <a href=\"https:\/\/mesinfos.fr\/75000-paris\/vol-au-louvre-laurence-des-cars-repond-au-rapport-tres-critique-de-la-cour-des-comptes-233542.html\" rel=\"noopener\" target=\"_blank\">Laurence des Cars<\/a>, \u201cc\u2019est devenu un sujet pr\u00e9gnant pour l\u2019ensemble des pays du monde\u201d. <\/p>\n<p>Elle revient sur l\u2019histoire du Pavillon des Sessions, cr\u00e9\u00e9 en 2000 pour accueillir une s\u00e9lection d\u2019\u0153uvres du futur <a href=\"https:\/\/mesinfos.fr\/ile-de-france\/le-musee-du-quai-branly-accueille-le-japon-pour-son-rendez-vous-jardin-d-ete-179451.html\" rel=\"noopener\" target=\"_blank\">mus\u00e9e du Quai Branly<\/a>. La greffe n\u2019avait pourtant \u201cpas \u00e9t\u00e9 compl\u00e8tement bien v\u00e9cue\u201d au<strong> Louvre<\/strong>, explique-t-elle, rappelant que le pavillon \u201c\u00e9tait tr\u00e8s isol\u00e9\u201d et que son installation \u201cn\u2019avait pas \u00e9t\u00e9, on peut le dire, compl\u00e8tement bien v\u00e9cue par les \u00e9quipes du Louvre\u201d. <\/p>\n<p>Une r\u00e9novation plus large du mus\u00e9e <\/p>\n<p>En parall\u00e8le, le Louvre rouvre l\u2019espace d\u00e9di\u00e9 aux<strong> peintres italiens <\/strong>et espagnols des XVII\u1d49 et XVIII\u1d49 si\u00e8cles, situ\u00e9 dans la m\u00eame aile que la nouvelle galerie, enti\u00e8rement repeint et modernis\u00e9. <\/p>\n<p>\u201cC\u2019est un projet global de r\u00e9novation et \u00e7a fait partie de ces projets qui portent l\u2019envie de redonner le go\u00fbt du Louvre \u00e0 tous ses visiteurs\u201d, affirme la pr\u00e9sidente du mus\u00e9e. Premi\u00e8re destination mus\u00e9ale mondiale, le Louvre a accueilli 8,7 millions de visiteurs en 2024, dont 69 % d\u2019\u00e9trangers.<\/p>\n","protected":false},"excerpt":{"rendered":"\u00a9 Mus\u00e9e du Louvre &#8211; Le mus\u00e9e inaugure la Galerie des cinq continents, un espace r\u00e9nov\u00e9 de 130&hellip;\n","protected":false},"author":2,"featured_media":582236,"comment_status":"","ping_status":"","sticky":false,"template":"","format":"standard","meta":{"footnotes":""},"categories":[1592],"tags":[1111,11,1777,674,1011,27,662,11625,12,626,25],"class_list":{"0":"post-582235","1":"post","2":"type-post","3":"status-publish","4":"format-standard","5":"has-post-thumbnail","7":"category-ile-de-france","8":"tag-actu","9":"tag-actualites","10":"tag-eu","11":"tag-europe","12":"tag-fr","13":"tag-france","14":"tag-ile-de-france","15":"tag-musu00e9es","16":"tag-news","17":"tag-paris","18":"tag-republique-francaise"},"share_on_mastodon":{"url":"https:\/\/pubeurope.com\/@fr\/115672969146823098","error":""},"_links":{"self":[{"href":"https:\/\/www.europesays.com\/fr\/wp-json\/wp\/v2\/posts\/582235","targetHints":{"allow":["GET"]}}],"collection":[{"href":"https:\/\/www.europesays.com\/fr\/wp-json\/wp\/v2\/posts"}],"about":[{"href":"https:\/\/www.europesays.com\/fr\/wp-json\/wp\/v2\/types\/post"}],"author":[{"embeddable":true,"href":"https:\/\/www.europesays.com\/fr\/wp-json\/wp\/v2\/users\/2"}],"replies":[{"embeddable":true,"href":"https:\/\/www.europesays.com\/fr\/wp-json\/wp\/v2\/comments?post=582235"}],"version-history":[{"count":0,"href":"https:\/\/www.europesays.com\/fr\/wp-json\/wp\/v2\/posts\/582235\/revisions"}],"wp:featuredmedia":[{"embeddable":true,"href":"https:\/\/www.europesays.com\/fr\/wp-json\/wp\/v2\/media\/582236"}],"wp:attachment":[{"href":"https:\/\/www.europesays.com\/fr\/wp-json\/wp\/v2\/media?parent=582235"}],"wp:term":[{"taxonomy":"category","embeddable":true,"href":"https:\/\/www.europesays.com\/fr\/wp-json\/wp\/v2\/categories?post=582235"},{"taxonomy":"post_tag","embeddable":true,"href":"https:\/\/www.europesays.com\/fr\/wp-json\/wp\/v2\/tags?post=582235"}],"curies":[{"name":"wp","href":"https:\/\/api.w.org\/{rel}","templated":true}]}}