{"id":582239,"date":"2025-12-06T13:58:44","date_gmt":"2025-12-06T13:58:44","guid":{"rendered":"https:\/\/www.europesays.com\/fr\/582239\/"},"modified":"2025-12-06T13:58:44","modified_gmt":"2025-12-06T13:58:44","slug":"luis-enrique-nous-connaissons-leurs-qualites","status":"publish","type":"post","link":"https:\/\/www.europesays.com\/fr\/582239\/","title":{"rendered":"Luis Enrique\u00a0: \u00ab\u202fNous connaissons leurs qualit\u00e9s\u202f\u00bb"},"content":{"rendered":"<p>La venue de Rennes<\/p>\n<p class=\"MsoNormal text-justify typography-paragraph mb-4 md:mb-6 [&amp;:only-of-type]:mb-0 md:[&amp;:only-of-type]:mb-0 [&amp;:last-of-type]:mb-0 md:[&amp;:last-of-type]:mb-0\">\u00ab\u202fToutes les \u00e9quipes qui viennent au Parc des Princes cherchent \u00e0 nous cr\u00e9er des probl\u00e8mes. Nous connaissons leurs qualit\u00e9s, demain ce sera difficile car c\u2019est une \u00e9quipe qui joue tr\u00e8s bien avec et sans le ballon. Ils ont gagn\u00e9 beaucoup de points, particuli\u00e8rement ces derni\u00e8res semaines avec quatre victoires cons\u00e9cutives. Mais \u00e7a reste une motivation pour nous plut\u00f4t qu\u2019une pr\u00e9occupation.\u202f\u00bb<\/p>\n<p>La course au titre<\/p>\n<p class=\"MsoNormal text-justify typography-paragraph mb-4 md:mb-6 [&amp;:only-of-type]:mb-0 md:[&amp;:only-of-type]:mb-0 [&amp;:last-of-type]:mb-0 md:[&amp;:last-of-type]:mb-0\">\u00ab\u202fJe pense que l\u2019on est une \u00e9quipe tr\u00e8s constante, \u00e0 l\u2019image de notre mentalit\u00e9. En ce moment, le championnat est encore plus motivant parce qu\u2019il y a Lens, Rennes, Marseille, Lyon, Strasbourg, Monaco\u2026 C\u2019est une motivation. Et quand je parle avec mes joueurs, je ressens la m\u00eame confiance dans nos forces et envers ce que nous voulons faire dans ce championnat.\u202f\u00bb<\/p>\n","protected":false},"excerpt":{"rendered":"La venue de Rennes \u00ab\u202fToutes les \u00e9quipes qui viennent au Parc des Princes cherchent \u00e0 nous cr\u00e9er des&hellip;\n","protected":false},"author":2,"featured_media":582240,"comment_status":"","ping_status":"","sticky":false,"template":"","format":"standard","meta":{"footnotes":""},"categories":[1888],"tags":[1111,1928,11,1927,1777,674,1011,27,12,1926,626,1925,25],"class_list":{"0":"post-582239","1":"post","2":"type-post","3":"status-publish","4":"format-standard","5":"has-post-thumbnail","7":"category-paris","8":"tag-actu","9":"tag-actu-paris","10":"tag-actualites","11":"tag-actualites-paris","12":"tag-eu","13":"tag-europe","14":"tag-fr","15":"tag-france","16":"tag-news","17":"tag-news-paris","18":"tag-paris","19":"tag-paris-news","20":"tag-republique-francaise"},"share_on_mastodon":{"url":"https:\/\/pubeurope.com\/@fr\/115672980285280905","error":""},"_links":{"self":[{"href":"https:\/\/www.europesays.com\/fr\/wp-json\/wp\/v2\/posts\/582239","targetHints":{"allow":["GET"]}}],"collection":[{"href":"https:\/\/www.europesays.com\/fr\/wp-json\/wp\/v2\/posts"}],"about":[{"href":"https:\/\/www.europesays.com\/fr\/wp-json\/wp\/v2\/types\/post"}],"author":[{"embeddable":true,"href":"https:\/\/www.europesays.com\/fr\/wp-json\/wp\/v2\/users\/2"}],"replies":[{"embeddable":true,"href":"https:\/\/www.europesays.com\/fr\/wp-json\/wp\/v2\/comments?post=582239"}],"version-history":[{"count":0,"href":"https:\/\/www.europesays.com\/fr\/wp-json\/wp\/v2\/posts\/582239\/revisions"}],"wp:featuredmedia":[{"embeddable":true,"href":"https:\/\/www.europesays.com\/fr\/wp-json\/wp\/v2\/media\/582240"}],"wp:attachment":[{"href":"https:\/\/www.europesays.com\/fr\/wp-json\/wp\/v2\/media?parent=582239"}],"wp:term":[{"taxonomy":"category","embeddable":true,"href":"https:\/\/www.europesays.com\/fr\/wp-json\/wp\/v2\/categories?post=582239"},{"taxonomy":"post_tag","embeddable":true,"href":"https:\/\/www.europesays.com\/fr\/wp-json\/wp\/v2\/tags?post=582239"}],"curies":[{"name":"wp","href":"https:\/\/api.w.org\/{rel}","templated":true}]}}