{"id":582241,"date":"2025-12-06T13:59:19","date_gmt":"2025-12-06T13:59:19","guid":{"rendered":"https:\/\/www.europesays.com\/fr\/582241\/"},"modified":"2025-12-06T13:59:19","modified_gmt":"2025-12-06T13:59:19","slug":"concert-du-nouvel-an-a-paris-un-syndicaliste-policier-justifie-son-annulation-a-cause-dun-match-de-lalgerie","status":"publish","type":"post","link":"https:\/\/www.europesays.com\/fr\/582241\/","title":{"rendered":"Concert du Nouvel An \u00e0 Paris : un syndicaliste policier justifie son annulation \u00e0 cause d\u2019un match de l\u2019Alg\u00e9rie"},"content":{"rendered":"<p class=\"p1\">La pr\u00e9fecture de Paris a demand\u00e9 \u00e0 la mairie de Paris, pour des raisons de s\u00e9curit\u00e9, d\u2019annuler le concert pr\u00e9vu le 31 d\u00e9cembre prochain sur la plus belle avenue du monde, a r\u00e9v\u00e9l\u00e9 <a href=\"https:\/\/www.lemonde.fr\/politique\/article\/2025\/12\/03\/le-concert-du-nouvel-an-sur-les-champs-elysees-est-annule-cette-annee-pour-des-raisons-de-securite_6655891_823448.html\" target=\"_blank\" rel=\"nofollow noopener\">Le Monde<\/a>, mercredi 3 d\u00e9cembre. Cependant, le feu d\u2019artifice sera tout de m\u00eame maintenu.<\/p>\n<p><a href=\"https:\/\/www.valeursactuelles.com\/monde\/algerie-dix-ans-de-prison-requis-en-appel-contre-le-journaliste-francais-christophe-gleizes\" class=\"h-flex h-align-items-center h-border-tb h-ptb-15\" target=\"_blank\" rel=\"noopener\">A\u00a0LIRE\u00a0Alg\u00e9rie : le journaliste fran\u00e7ais Christophe Gleizes condamn\u00e9 \u00e0 sept ans de prison en appel<\/a><\/p>\n<p class=\"p1\">Au micro de CNews, Benjamin Camboulives, porte-parole du syndicat Alternative Police CFDT, a fait le lien entre l\u2019annulation de ce concert et la tenue d\u2019un match de football de l\u2019Alg\u00e9rie dans le m\u00eame temps. En effet, un match Alg\u00e9rie-Guin\u00e9e \u00e9quatoriale est programm\u00e9 le 31 d\u00e9cembre lors de la Coupe d\u2019Afrique des nations, indique <a href=\"https:\/\/www.lejdd.fr\/Societe\/concert-du-nouvel-an-un-syndicaliste-policier-evoque-une-annulation-en-raison-du-match-algerie-guinee-164721\" target=\"_blank\" rel=\"nofollow noopener\">Le JDD<\/a>.<\/p>\n<p class=\"p1\">Le syndicaliste a d\u00e9plor\u00e9 \u00ab la multiplication des t\u00e2ches, des lieux \u00e0 surveiller, des effectifs \u00e0 engager \u00bb, dont la rencontre retiendra \u00ab l\u2019attention \u00bb des forces de l\u2019ordre car\u00a0\u00ab\u00a0il y a d\u00e9j\u00e0 eu des ant\u00e9c\u00e9dents\u00a0\u00bb.<\/p>\n<p>Incidents en 2021<\/p>\n<p class=\"p1\">En effet, lors de la Coupe d\u2019Afrique des nations en 2021, <a href=\"https:\/\/www.valeursactuelles.com\/societe\/match-tunisie-algerie-un-perimetre-de-securite-mis-en-place-autour-des-champs-elysees\" target=\"_blank\" rel=\"noopener\">des \u00e9chauffour\u00e9es et des pillages avaient eu lieu sur les Champs-\u00c9lys\u00e9es<\/a> \u00e0 la suite de la victoire de l\u2019Alg\u00e9rie face \u00e0 la Tunisie. \u00ab On va regarder tous ces indicateurs, les services de renseignement nous donnent en permanence des informations sur de potentiels mouvements de foule \u00bb, indique le porte-parole du syndicat CTFC-Police, Alex Ronde, lui aussi sur CNews.<\/p>\n<p class=\"p1\">Selon lui, le concert pr\u00e9vu sur les Champs-\u00c9lys\u00e9es aurait donc\u00a0\u00ab\u00a0\u00e9t\u00e9 annul\u00e9 parce que l\u2019on ne peut pas d\u00e9ployer massivement des policiers comme \u00e7a en permanence\u00a0\u00bb. R\u00e9cemment, la plus belle avenue du monde avait \u00e9t\u00e9 saccag\u00e9e lors de <a href=\"https:\/\/www.valeursactuelles.com\/societe\/paris-voiture-incendiee-tirs-de-mortiers-commerces-saccages-de-nombreux-debordements-apres-la-victoire-du-psg-contre-arsenal\" target=\"_blank\" rel=\"noopener\">la victoire du PSG en Ligue des champions<\/a> en mai dernier.<\/p>\n<p class=\"p1\">Les forces de l\u2019ordre se pr\u00e9parent \u00e9galement \u00e0 de possibles mouvements de foule en lien avec le match entre l\u2019Alg\u00e9rie et le Soudan pr\u00e9vu le 24\u00a0d\u00e9cembre, jour du r\u00e9veillon de No\u00ebl.<\/p>\n","protected":false},"excerpt":{"rendered":"La pr\u00e9fecture de Paris a demand\u00e9 \u00e0 la mairie de Paris, pour des raisons de s\u00e9curit\u00e9, d\u2019annuler le&hellip;\n","protected":false},"author":2,"featured_media":582242,"comment_status":"","ping_status":"","sticky":false,"template":"","format":"standard","meta":{"footnotes":""},"categories":[1888],"tags":[11,15,6984,69595,1777,674,63,1011,27,12,626,1072,25],"class_list":{"0":"post-582241","1":"post","2":"type-post","3":"status-publish","4":"format-standard","5":"has-post-thumbnail","7":"category-paris","8":"tag-actualites","9":"tag-algerie","10":"tag-champs-elysees","11":"tag-coupe-dafrique-des-nations","12":"tag-eu","13":"tag-europe","14":"tag-football","15":"tag-fr","16":"tag-france","17":"tag-news","18":"tag-paris","19":"tag-police","20":"tag-republique-francaise"},"share_on_mastodon":{"url":"https:\/\/pubeurope.com\/@fr\/115672984133946647","error":""},"_links":{"self":[{"href":"https:\/\/www.europesays.com\/fr\/wp-json\/wp\/v2\/posts\/582241","targetHints":{"allow":["GET"]}}],"collection":[{"href":"https:\/\/www.europesays.com\/fr\/wp-json\/wp\/v2\/posts"}],"about":[{"href":"https:\/\/www.europesays.com\/fr\/wp-json\/wp\/v2\/types\/post"}],"author":[{"embeddable":true,"href":"https:\/\/www.europesays.com\/fr\/wp-json\/wp\/v2\/users\/2"}],"replies":[{"embeddable":true,"href":"https:\/\/www.europesays.com\/fr\/wp-json\/wp\/v2\/comments?post=582241"}],"version-history":[{"count":0,"href":"https:\/\/www.europesays.com\/fr\/wp-json\/wp\/v2\/posts\/582241\/revisions"}],"wp:featuredmedia":[{"embeddable":true,"href":"https:\/\/www.europesays.com\/fr\/wp-json\/wp\/v2\/media\/582242"}],"wp:attachment":[{"href":"https:\/\/www.europesays.com\/fr\/wp-json\/wp\/v2\/media?parent=582241"}],"wp:term":[{"taxonomy":"category","embeddable":true,"href":"https:\/\/www.europesays.com\/fr\/wp-json\/wp\/v2\/categories?post=582241"},{"taxonomy":"post_tag","embeddable":true,"href":"https:\/\/www.europesays.com\/fr\/wp-json\/wp\/v2\/tags?post=582241"}],"curies":[{"name":"wp","href":"https:\/\/api.w.org\/{rel}","templated":true}]}}