{"id":582243,"date":"2025-12-06T14:00:24","date_gmt":"2025-12-06T14:00:24","guid":{"rendered":"https:\/\/www.europesays.com\/fr\/582243\/"},"modified":"2025-12-06T14:00:24","modified_gmt":"2025-12-06T14:00:24","slug":"pourquoi-lunion-coince-entre-socialistes-et-ecologistes","status":"publish","type":"post","link":"https:\/\/www.europesays.com\/fr\/582243\/","title":{"rendered":"pourquoi l\u2019union coince entre socialistes et \u00e9cologistes"},"content":{"rendered":"<p>C&rsquo;\u00e9tait le temps o\u00f9 les \u00e9cologistes parisiens r\u00eavaient tout haut et, parfois, roulaient des m\u00e9caniques. Attabl\u00e9 en bras de chemise blanche sous une tonnelle, ce 23\u00a0juin, <a class=\"Link\" href=\"https:\/\/www.lepoint.fr\/politique\/qui-est-david-belliard-candidat-des-ecologistes-a-paris-23-03-2025-2585469_20.php\" title=\"\" data-gtm=\"click:capsule\" data-capsule=\"Lien\" target=\"_blank\" rel=\"noopener\">David Belliard lance\u00a0sa campagne municipale<\/a> avec, en t\u00eate, d&rsquo;heureux sondages. Tous donnent \u00e0 peu de chose pr\u00e8s une avance confortable au candidat \u00e9cologiste devant son rival socialiste, alors inconnu. L&rsquo;un, command\u00e9 par Les \u00c9cologistes, lui accorde\u00a031\u00a0% d&rsquo;opinions favorables, contre 24\u00a0% \u00e0 R\u00e9mi F\u00e9raud et 23\u00a0% \u00e0 Emmanuel Gr\u00e9goire. Six mois plus tard, le vent a\u00a0tourn\u00e9\u00a0; les courbes de sondage entre PS et \u00e9cologistes se sont crois\u00e9es. Les Verts, David Belliard en t\u00eate, semblent pourtant toujours sur leur nuage\u00a0: ils n\u00e9gocient avec les socialistes comme s&rsquo;ils \u00e9taient encore en position de force.<\/p>\n<p>Depuis plusieurs semaines, l&#8230;<\/p>\n<p>Toute l\u2019actualit\u00e9 \u00e0 1\u20ac le premier mois<\/p>\n<p><a href=\"https:\/\/abo.lepoint.fr\/?provenance=21EDI020098\" class=\"btn\" title=\"S&#039;abonner\" data-gtm=\"click:abo|display:abo\" data-campaign=\"paywall_maison\" target=\"_blank\" rel=\"noopener\">S&rsquo;abonner<\/a><\/p>\n<p>ou<\/p>\n<p>La newsletter politique<\/p>\n<p class=\"period\">Tous les lundis \u00e0 11h30<\/p>\n<p>Recevez en avant-premi\u00e8re les informations et analyses politiques de la r\u00e9daction du Point.<\/p>\n<p>Merci !<br \/>Votre inscription a bien \u00e9t\u00e9 prise en compte avec l&rsquo;adresse email :<\/p>\n<p>Pour d\u00e9couvrir toutes nos autres newsletters, rendez-vous ici : <a href=\"https:\/\/moncompte.lepoint.fr\/\" title=\"\" target=\"_blank\" rel=\"noopener\">MonCompte<\/a><\/p>\n<p>En vous inscrivant, vous acceptez les <a href=\"https:\/\/www.lepoint.fr\/html\/cgu\/\" title=\"Conditions g\u00e9n\u00e9rales d&#039;utilisation\" target=\"_blank\" rel=\"noopener\">conditions g\u00e9n\u00e9rales d\u2019utilisations<\/a> et notre <a href=\"https:\/\/www.lepoint.fr\/html\/politique-de-protection-donnees-personnelles\/\" title=\"Politique de confidentialit\u00e9\" target=\"_blank\" rel=\"noopener\">politique de confidentialit\u00e9<\/a>.<\/p>\n","protected":false},"excerpt":{"rendered":"C&rsquo;\u00e9tait le temps o\u00f9 les \u00e9cologistes parisiens r\u00eavaient tout haut et, parfois, roulaient des m\u00e9caniques. Attabl\u00e9 en bras&hellip;\n","protected":false},"author":2,"featured_media":582244,"comment_status":"","ping_status":"","sticky":false,"template":"","format":"standard","meta":{"footnotes":""},"categories":[1888],"tags":[11,4188,8186,1777,674,1011,27,12,626,25],"class_list":{"0":"post-582243","1":"post","2":"type-post","3":"status-publish","4":"format-standard","5":"has-post-thumbnail","7":"category-paris","8":"tag-actualites","9":"tag-elections-municipales","10":"tag-emmanuel-gregoire","11":"tag-eu","12":"tag-europe","13":"tag-fr","14":"tag-france","15":"tag-news","16":"tag-paris","17":"tag-republique-francaise"},"share_on_mastodon":{"url":"https:\/\/pubeurope.com\/@fr\/115672988042512935","error":""},"_links":{"self":[{"href":"https:\/\/www.europesays.com\/fr\/wp-json\/wp\/v2\/posts\/582243","targetHints":{"allow":["GET"]}}],"collection":[{"href":"https:\/\/www.europesays.com\/fr\/wp-json\/wp\/v2\/posts"}],"about":[{"href":"https:\/\/www.europesays.com\/fr\/wp-json\/wp\/v2\/types\/post"}],"author":[{"embeddable":true,"href":"https:\/\/www.europesays.com\/fr\/wp-json\/wp\/v2\/users\/2"}],"replies":[{"embeddable":true,"href":"https:\/\/www.europesays.com\/fr\/wp-json\/wp\/v2\/comments?post=582243"}],"version-history":[{"count":0,"href":"https:\/\/www.europesays.com\/fr\/wp-json\/wp\/v2\/posts\/582243\/revisions"}],"wp:featuredmedia":[{"embeddable":true,"href":"https:\/\/www.europesays.com\/fr\/wp-json\/wp\/v2\/media\/582244"}],"wp:attachment":[{"href":"https:\/\/www.europesays.com\/fr\/wp-json\/wp\/v2\/media?parent=582243"}],"wp:term":[{"taxonomy":"category","embeddable":true,"href":"https:\/\/www.europesays.com\/fr\/wp-json\/wp\/v2\/categories?post=582243"},{"taxonomy":"post_tag","embeddable":true,"href":"https:\/\/www.europesays.com\/fr\/wp-json\/wp\/v2\/tags?post=582243"}],"curies":[{"name":"wp","href":"https:\/\/api.w.org\/{rel}","templated":true}]}}