{"id":582245,"date":"2025-12-06T14:01:18","date_gmt":"2025-12-06T14:01:18","guid":{"rendered":"https:\/\/www.europesays.com\/fr\/582245\/"},"modified":"2025-12-06T14:01:18","modified_gmt":"2025-12-06T14:01:18","slug":"en-depit-des-pressions-occidentales-linde-approfondit-son-partenariat-avec-la-russie","status":"publish","type":"post","link":"https:\/\/www.europesays.com\/fr\/582245\/","title":{"rendered":"En d\u00e9pit des pressions occidentales, l\u2019Inde approfondit son partenariat avec la Russie"},"content":{"rendered":"<p>                     <img loading=\"lazy\" decoding=\"async\" src=\"https:\/\/www.europesays.com\/fr\/wp-content\/uploads\/2025\/12\/2788aeb_ftp-1-fz0clxlesnrz-5601918-01-06.jpg\" alt=\"Le pr\u00e9sident russe, Vladimir Poutine, et le premier ministre indien, Narendra Modi, au palais pr\u00e9sidentiel indien Rashtrapati Bhavan, \u00e0 New Delhi, le 5\u00a0d\u00e9cembre 2025. \"   width=\"664\" height=\"443\"\/>    Le pr\u00e9sident russe, Vladimir Poutine, et le premier ministre indien, Narendra Modi, au palais pr\u00e9sidentiel indien Rashtrapati Bhavan, \u00e0 New Delhi, le 5\u00a0d\u00e9cembre 2025.  SAJJAD HUSSAIN\/AFP                 <\/p>\n<p class=\"article__paragraph  \">Narendra Modi s\u2019est une nouvelle fois adonn\u00e9 \u00e0 un impossible exercice d\u2019\u00e9quilibriste, \u00e0 l\u2019occasion de la visite de Vladimir Poutine, les\u00a04 et 5\u00a0d\u00e9cembre. Durant pr\u00e8s de deux\u00a0jours, le premier ministre indien aura pris soin de choyer ses relations avec la Russie, tout en essayant de ne pas froisser ses partenaires occidentaux. D\u00e8s l\u2019arriv\u00e9e du pr\u00e9sident russe sur le sol indien, Narendra\u00a0Modi a donn\u00e9 le ton en allant l\u2019accueillir en personne sur le tarmac. Les deux\u00a0dirigeants n\u2019ont pas h\u00e9sit\u00e9 \u00e0 mettre en sc\u00e8ne leurs bonnes relations, en s\u2019embrassant chaleureusement avant d\u2019embarquer dans le m\u00eame v\u00e9hicule pour un d\u00eener priv\u00e9 \u00e0 la r\u00e9sidence du premier ministre.<\/p>\n<p class=\"article__paragraph  \">Dans la capitale, les grandes avenues arboraient les affiches \u00e0 l\u2019effigie des deux\u00a0hommes ainsi que des drapeaux indiens et russes. Les apparences rev\u00eatent une importance particuli\u00e8re pour les deux\u00a0dirigeants. Pour Vladimir\u00a0Poutine, il s\u2019agissait de montrer qu\u2019il n\u2019est pas isol\u00e9 sur la sc\u00e8ne internationale et pour Narendra\u00a0Modi, c\u2019\u00e9tait l\u2019occasion d\u2019affirmer son autonomie strat\u00e9gique vis-\u00e0-vis de l\u2019Occident. Il n\u2019a, pour ce faire, pas h\u00e9sit\u00e9 \u00e0 qualifier l\u2019amiti\u00e9 indo-russe d\u2019\u00ab\u00a0in\u00e9branlable\u00a0\u00bb, \u00ab\u00a0telle une \u00e9toile polaire\u00a0\u00bb au cours des huit derni\u00e8res d\u00e9cennies.<\/p>\n<p class=\"reading-mode-only \"><strong>Il vous reste 76.67% de cet article \u00e0 lire. La suite est r\u00e9serv\u00e9e aux abonn\u00e9s.<\/strong><\/p>\n","protected":false},"excerpt":{"rendered":"Le pr\u00e9sident russe, Vladimir Poutine, et le premier ministre indien, Narendra Modi, au palais pr\u00e9sidentiel indien Rashtrapati Bhavan,&hellip;\n","protected":false},"author":2,"featured_media":582246,"comment_status":"","ping_status":"","sticky":false,"template":"","format":"standard","meta":{"footnotes":""},"categories":[1591],"tags":[11,1887,12,1885,1886,132],"class_list":{"0":"post-582245","1":"post","2":"type-post","3":"status-publish","4":"format-standard","5":"has-post-thumbnail","7":"category-russie","8":"tag-actualites","9":"tag-federation-de-russie","10":"tag-news","11":"tag-russia","12":"tag-russian-federation","13":"tag-russie"},"share_on_mastodon":{"url":"https:\/\/pubeurope.com\/@fr\/115672992748530115","error":""},"_links":{"self":[{"href":"https:\/\/www.europesays.com\/fr\/wp-json\/wp\/v2\/posts\/582245","targetHints":{"allow":["GET"]}}],"collection":[{"href":"https:\/\/www.europesays.com\/fr\/wp-json\/wp\/v2\/posts"}],"about":[{"href":"https:\/\/www.europesays.com\/fr\/wp-json\/wp\/v2\/types\/post"}],"author":[{"embeddable":true,"href":"https:\/\/www.europesays.com\/fr\/wp-json\/wp\/v2\/users\/2"}],"replies":[{"embeddable":true,"href":"https:\/\/www.europesays.com\/fr\/wp-json\/wp\/v2\/comments?post=582245"}],"version-history":[{"count":0,"href":"https:\/\/www.europesays.com\/fr\/wp-json\/wp\/v2\/posts\/582245\/revisions"}],"wp:featuredmedia":[{"embeddable":true,"href":"https:\/\/www.europesays.com\/fr\/wp-json\/wp\/v2\/media\/582246"}],"wp:attachment":[{"href":"https:\/\/www.europesays.com\/fr\/wp-json\/wp\/v2\/media?parent=582245"}],"wp:term":[{"taxonomy":"category","embeddable":true,"href":"https:\/\/www.europesays.com\/fr\/wp-json\/wp\/v2\/categories?post=582245"},{"taxonomy":"post_tag","embeddable":true,"href":"https:\/\/www.europesays.com\/fr\/wp-json\/wp\/v2\/tags?post=582245"}],"curies":[{"name":"wp","href":"https:\/\/api.w.org\/{rel}","templated":true}]}}