{"id":582247,"date":"2025-12-06T14:02:12","date_gmt":"2025-12-06T14:02:12","guid":{"rendered":"https:\/\/www.europesays.com\/fr\/582247\/"},"modified":"2025-12-06T14:02:12","modified_gmt":"2025-12-06T14:02:12","slug":"guerre-en-ukraine-des-sous-marins-russes-presque-chaque-semaine-dans-la-mer-baltique","status":"publish","type":"post","link":"https:\/\/www.europesays.com\/fr\/582247\/","title":{"rendered":"Guerre en Ukraine\u00a0: des sous-marins russes \u00ab\u00a0presque chaque semaine\u00a0\u00bb dans la mer Baltique"},"content":{"rendered":"<p>\n                                                                    l&rsquo;essentiel<br \/>\n                                                                D\u2019apr\u00e8s le capitaine Marko Petkovic de la Marine su\u00e9doise, ces rencontres se multiplieront en cas de cessez-le-feu ou d\u2019armistice dans la guerre en Ukraine.\n                            <\/p>\n<p>Les Russes se renforcent sous la mer Baltique. Le chef des op\u00e9rations de la marine su\u00e9doise, Marko Petkovic, a d\u00e9clar\u00e9 rencontrer des sous-marins russes \u00ab\u00a0presque chaque semaine\u00a0\u00bb dans les eaux baltes, rapporte <a href=\"https:\/\/www.theguardian.com\/world\/2025\/dec\/06\/swedish-navy-chief-russia-baltic-presence-ukraine-peace\" target=\"_self\" rel=\"noopener\">The Guardian.<\/a> D\u2019apr\u00e8s le capitaine, il faudra s\u2019attendre \u00e0 en croiser encore plus en cas de cessez-le-feu ou d\u2019armistice dans la guerre en Ukraine.<\/p>\n<p>L\u2019information inqui\u00e8te dans un contexte de tension\u00a0o\u00f9 la r\u00e9gion de la mer Baltique est confront\u00e9e \u00e0 une multitude de menaces\u00a0: attaques hybrides, sabotage, flux constant de navires\u00a0vieillissants dit \u00ab\u00a0fant\u00f4me\u00a0\u00bb transportant du p\u00e9trole russe.<\/p>\n<p class=\"std-elt__inline\">\n        <strong>\u00c0 lire aussi :<\/strong><br \/>\n        <a href=\"https:\/\/www.ladepeche.fr\/2025\/12\/06\/direct-guerre-en-ukraine-attaque-russe-dans-la-region-de-kiev-cette-nuit-3e-jour-de-discussions-entre-americains-et-ukrainiens-13093099.php\" target=\"_blank\" rel=\"noopener\">DIRECT. Guerre en Ukraine\u00a0: \u00ab\u00a0L\u2019objectif des Russes est de faire souffrir des millions d\u2019Ukrainiens\u00a0\u00bb, d\u00e9nonce Volodymyr Zelensky<\/a>\n    <\/p>\n<p>Une r\u00e9gion surveill\u00e9e\u00a0par l\u2019OTAN<\/p>\n<p class=\"dcr-130mj7b\">Marko Petkovic a \u00e9galement expliqu\u00e9\u00a0que la Russie\u00a0augmentait\u00a0ses capacit\u00e9s et produisait un sous-marin de classe Kilo par an \u00e0 Saint-P\u00e9tersbourg. Il a ajout\u00e9 qu\u2019elle menait un programme de modernisation \u00ab\u00a0d\u00e9lib\u00e9r\u00e9 et constant\u00a0\u00bb\u00a0de sa flotte.\u00a0\u00ab\u00a0Une fois qu\u2019un cessez-le-feu ou un armistice sera finalement instaur\u00e9 en <a href=\"https:\/\/www.ladepeche.fr\/actu\/international\/crise-en-ukraine\/\" target=\"_blank\" rel=\"noopener\">Ukraine<\/a>, on ne peut que constater, et nous constatons effectivement, que la Russie renforcera ses capacit\u00e9s dans cette r\u00e9gion\u00a0\u00bb, a alert\u00e9 le capitaine. \u00ab\u00a0Par cons\u00e9quent, la marine su\u00e9doise doit continuer \u00e0 se d\u00e9velopper et \u00e0 se concentrer sur la situation dans son ensemble.\u00a0\u00bb<\/p>\n<p class=\"dcr-130mj7b\">Ces \u00e9volutions sont d\u2019autant plus pr\u00e9occupantes pour un territoire comme celui de la Su\u00e8de o\u00f9 le relief sous-marin accident\u00e9 rend la d\u00e9tection des Russes difficile. \u00ab\u00a0Les conditions sous-marines variables (visibilit\u00e9 r\u00e9duite, salinit\u00e9 et la temp\u00e9rature) rendent les infrastructures\u00a0particuli\u00e8rement vuln\u00e9rables dans les pays baltes\u00a0\u00bb, a indiqu\u00e9 Marko Petkovic qui rappelle que ces \u00e9tats d\u00e9pendent grandement du bon fonctionnement de leurs voies de communication maritimes.<\/p>\n<p class=\"dcr-130mj7b\">Malgr\u00e9 ses observations, le chef\u00a0des op\u00e9rations de la marine su\u00e9doise reconna\u00eet que les actions men\u00e9es par l\u2019OTAN dans la r\u00e9gion sont efficaces\u00a0: \u00ab\u00a0Cela d\u00e9montre avant tout l\u2019efficacit\u00e9 et la coh\u00e9sion de l\u2019alliance. Nous unissons nos forces face \u00e0 une menace particuli\u00e8re. Le Baltic Sentry (renforcement des missions de l\u2019OTAN en mer Baltique, NDLR) l\u2019a prouv\u00e9. Que ces incidents soient d\u2019origine \u00e9tatique, dus \u00e0 une mauvaise navigation ou \u00e0 toute autre raison, ils ont sensibilis\u00e9 la flotte marchande \u00e0 la n\u00e9cessit\u00e9 d\u2019une plus grande prudence dans nos eaux r\u00e9gionales.\u00a0\u00bb.<\/p>\n","protected":false},"excerpt":{"rendered":"l&rsquo;essentiel D\u2019apr\u00e8s le capitaine Marko Petkovic de la Marine su\u00e9doise, ces rencontres se multiplieront en cas de cessez-le-feu&hellip;\n","protected":false},"author":2,"featured_media":582248,"comment_status":"","ping_status":"","sticky":false,"template":"","format":"standard","meta":{"footnotes":""},"categories":[1590],"tags":[11,1777,674,329,131,14,12,220],"class_list":{"0":"post-582247","1":"post","2":"type-post","3":"status-publish","4":"format-standard","5":"has-post-thumbnail","7":"category-ukraine","8":"tag-actualites","9":"tag-eu","10":"tag-europe","11":"tag-france-monde","12":"tag-guerre-en-ukraine","13":"tag-international","14":"tag-news","15":"tag-ukraine"},"share_on_mastodon":{"url":"https:\/\/pubeurope.com\/@fr\/115672995945065388","error":""},"_links":{"self":[{"href":"https:\/\/www.europesays.com\/fr\/wp-json\/wp\/v2\/posts\/582247","targetHints":{"allow":["GET"]}}],"collection":[{"href":"https:\/\/www.europesays.com\/fr\/wp-json\/wp\/v2\/posts"}],"about":[{"href":"https:\/\/www.europesays.com\/fr\/wp-json\/wp\/v2\/types\/post"}],"author":[{"embeddable":true,"href":"https:\/\/www.europesays.com\/fr\/wp-json\/wp\/v2\/users\/2"}],"replies":[{"embeddable":true,"href":"https:\/\/www.europesays.com\/fr\/wp-json\/wp\/v2\/comments?post=582247"}],"version-history":[{"count":0,"href":"https:\/\/www.europesays.com\/fr\/wp-json\/wp\/v2\/posts\/582247\/revisions"}],"wp:featuredmedia":[{"embeddable":true,"href":"https:\/\/www.europesays.com\/fr\/wp-json\/wp\/v2\/media\/582248"}],"wp:attachment":[{"href":"https:\/\/www.europesays.com\/fr\/wp-json\/wp\/v2\/media?parent=582247"}],"wp:term":[{"taxonomy":"category","embeddable":true,"href":"https:\/\/www.europesays.com\/fr\/wp-json\/wp\/v2\/categories?post=582247"},{"taxonomy":"post_tag","embeddable":true,"href":"https:\/\/www.europesays.com\/fr\/wp-json\/wp\/v2\/tags?post=582247"}],"curies":[{"name":"wp","href":"https:\/\/api.w.org\/{rel}","templated":true}]}}