{"id":58225,"date":"2025-04-28T02:45:15","date_gmt":"2025-04-28T02:45:15","guid":{"rendered":"https:\/\/www.europesays.com\/fr\/58225\/"},"modified":"2025-04-28T02:45:15","modified_gmt":"2025-04-28T02:45:15","slug":"nouvelles-directives-et-inquietudes-sur-la-transidentite-apres-la-decision-de-la-cour-supreme-2","status":"publish","type":"post","link":"https:\/\/www.europesays.com\/fr\/58225\/","title":{"rendered":"Nouvelles directives (et inqui\u00e9tudes) sur la transidentit\u00e9 apr\u00e8s la d\u00e9cision de la Cour supr\u00eame"},"content":{"rendered":"<p>Si elles ont pour vocation \u00e0 \u00eatre plus claires, pas s\u00fbr du tout en revanche qu\u2019elles soient suffisamment <a href=\"https:\/\/www.20minutes.fr\/monde\/4149505-20250420-royaume-uni-milliers-personnes-defilent-londres-edimbourg-soutien-droits-personnes-trans\" class=\"color-ultramarine c-link\" rel=\"nofollow noopener\" target=\"_blank\">rassurantes, notamment pour les personnes transgenres<\/a>. Apr\u00e8s la d\u00e9cision de la Cour supr\u00eame de <a href=\"https:\/\/www.20minutes.fr\/monde\/ecosse\/4148864-20250416-royaume-uni-cour-supreme-va-prononcer-femme\" class=\"color-ultramarine c-link\" rel=\"nofollow noopener\" target=\"_blank\">fonder la d\u00e9finition l\u00e9gale d\u2019une femme sur le sexe biologique<\/a>, le r\u00e9gulateur britannique en charge de l\u2019\u00e9galit\u00e9 a en effet publi\u00e9 de nouvelles directives provisoires sur l\u2019usage des espaces non-mixtes, comme les toilettes, les vestiaires, au Royaume-Uni.<\/p>\n<p>En conformit\u00e9 avec le jugement qui suscite l\u2019inqui\u00e9tude des personnes transgenres, la Commission pour l\u2019\u00e9galit\u00e9 et les droits humains (EHRC) stipule que d\u00e9sormais, une \u00ab\u00a0<a href=\"https:\/\/www.20minutes.fr\/societe\/4148947-20250416-royaume-uni-k-rowling-jubile-femmes-trans-inquietes-definition-femme-cour-supreme-divise\" class=\"color-ultramarine c-link\" rel=\"nofollow noopener\" target=\"_blank\">femme transgenre est un homme biologique<\/a>\u00a0\u00bb et \u00ab\u00a0un homme transgenre est une femme biologique\u00a0\u00bb au regard de la loi. En cons\u00e9quence, \u00ab\u00a0les femmes transgenres (hommes biologiques) ne devraient pas \u00eatre autoris\u00e9es \u00e0 utiliser les services r\u00e9serv\u00e9s aux femmes\u00a0\u00bb, dans les magasins, les restaurants ou les h\u00f4pitaux, estime-t-elle. Cela s\u2019applique \u00e9galement aux hommes transgenres dans les services et espaces r\u00e9serv\u00e9s aux hommes.<\/p>\n<\/p>\n<p>\u00ab\u00a0L\u2019ajout de toilettes mixtes\u00a0\u00bb pr\u00e9conis\u00e9<\/p>\n<p>Cependant, \u00ab\u00a0les personnes transgenres ne devraient pas se retrouver dans une situation o\u00f9 elles n\u2019ont pas de service \u00e0 leur disposition\u00a0\u00bb, ajoute l\u2019EHRC, qui pr\u00e9conise notamment l\u2019ajout de toilettes mixtes. \u00ab\u00a0C\u2019est la cons\u00e9quence logique de la d\u00e9cision\u00a0\u00bb de la Cour supr\u00eame, a r\u00e9agi ce dimanche sur la BBC Pat McFadden, un haut responsable du gouvernement, tout en assurant qu\u2019il n\u2019y aurait pas de \u00ab\u00a0police des toilettes\u00a0\u00bb pour veiller \u00e0 l\u2019application.<\/p>\n<p>Pour rappel, les magistrats de la plus haute instance judiciaire du pays ont <a href=\"https:\/\/www.20minutes.fr\/monde\/ecosse\/4148864-20250416-royaume-uni-cour-supreme-va-prononcer-femme\" class=\"color-ultramarine c-link\" rel=\"nofollow noopener\" target=\"_blank\">unanimement statu\u00e9<\/a> le 16\u00a0avril que \u00ab\u00a0les termes \u00ab\u00a0femme\u00a0\u00bb et \u00ab\u00a0sexe\u00a0\u00bb dans la loi sur l\u2019Egalit\u00e9 de\u00a02010 se r\u00e9f\u00e8rent \u00e0 une femme biologique et \u00e0 un sexe biologique\u00a0\u00bb. Ils ont affirm\u00e9 qu\u2019il est l\u00e9gal d\u2019exclure les femmes transgenres de certains espaces r\u00e9serv\u00e9s aux femmes &#8211; comme des centres d\u2019h\u00e9bergement ou dans des h\u00f4pitaux &#8211; si cela est consid\u00e9r\u00e9 comme \u00ab\u00a0proportionn\u00e9\u00a0\u00bb.<\/p>\n<p>A l\u2019\u00e9cole, \u00ab\u00a0les \u00e9l\u00e8ves qui s\u2019identifient comme <a href=\"https:\/\/www.20minutes.fr\/dossier\/transgenre\" class=\"color-ultramarine c-link\" rel=\"nofollow noopener\" target=\"_blank\">filles transgenres<\/a> (gar\u00e7ons biologiques) ne devraient pas \u00eatre autoris\u00e9s \u00e0 utiliser les toilettes ou les vestiaires des filles\u00a0\u00bb, et inversement, ajoute cette commission. Par ailleurs, \u00ab\u00a0une association exclusivement f\u00e9minine ou lesbienne ne devrait pas accueillir de femmes trans (hommes biologiques)\u00a0\u00bb, indique-t-elle. D\u2019autres directives sur <a href=\"https:\/\/www.20minutes.fr\/societe\/inclusion\/\" class=\"color-ultramarine c-link\" rel=\"nofollow noopener\" target=\"_blank\">l\u2019inclusion<\/a> des personnes transgenres dans les sports de comp\u00e9tition doivent \u00eatre publi\u00e9es prochainement par cette commission.<\/p>\n<p>Une consultation des \u00ab\u00a0parties prenantes concern\u00e9es\u00a0\u00bb aura lieu en mai, et l\u2019EHRC dit vouloir soumettre fin juin un code de pratiques actualis\u00e9 au gouvernement. Le Premier ministre britannique Keir Starmer a salu\u00e9 mardi la d\u00e9cision de la Cour Supr\u00eame, estimant qu\u2019elle apportait de la \u00ab\u00a0clart\u00e9\u00a0\u00bb, tout en revenant sur des propos tenus en\u00a02022 affirmant que les \u00ab\u00a0femmes transgenres sont des femmes\u00a0\u00bb.<\/p>\n","protected":false},"excerpt":{"rendered":"Si elles ont pour vocation \u00e0 \u00eatre plus claires, pas s\u00fbr du tout en revanche qu\u2019elles soient suffisamment&hellip;\n","protected":false},"author":2,"featured_media":58226,"comment_status":"","ping_status":"","sticky":false,"template":"","format":"standard","meta":{"footnotes":""},"categories":[1588],"tags":[47,11,10658,1777,674,3850,5893,2581,11085,15435,9087,12,473,1853,15436,104,10657,12707,1851,1850,1852],"class_list":{"0":"post-58225","1":"post","2":"type-post","3":"status-publish","4":"format-standard","5":"has-post-thumbnail","7":"category-royaume-uni","8":"tag-actualite","9":"tag-actualites","10":"tag-cour-supreme","11":"tag-eu","12":"tag-europe","13":"tag-genre","14":"tag-identite","15":"tag-keir-starmer","16":"tag-legislation","17":"tag-lesbienne","18":"tag-lgbt","19":"tag-news","20":"tag-royaume-uni","21":"tag-royaume-uni-de-grande-bretagne-et-dirlande-du-nord","22":"tag-sexe","23":"tag-societe","24":"tag-transgenre","25":"tag-transphobie","26":"tag-uk","27":"tag-united-kingdom","28":"tag-united-kingdom-of-great-britain-and-northern-ireland"},"share_on_mastodon":{"url":"https:\/\/pubeurope.com\/@fr\/114413300903295547","error":""},"_links":{"self":[{"href":"https:\/\/www.europesays.com\/fr\/wp-json\/wp\/v2\/posts\/58225","targetHints":{"allow":["GET"]}}],"collection":[{"href":"https:\/\/www.europesays.com\/fr\/wp-json\/wp\/v2\/posts"}],"about":[{"href":"https:\/\/www.europesays.com\/fr\/wp-json\/wp\/v2\/types\/post"}],"author":[{"embeddable":true,"href":"https:\/\/www.europesays.com\/fr\/wp-json\/wp\/v2\/users\/2"}],"replies":[{"embeddable":true,"href":"https:\/\/www.europesays.com\/fr\/wp-json\/wp\/v2\/comments?post=58225"}],"version-history":[{"count":0,"href":"https:\/\/www.europesays.com\/fr\/wp-json\/wp\/v2\/posts\/58225\/revisions"}],"wp:featuredmedia":[{"embeddable":true,"href":"https:\/\/www.europesays.com\/fr\/wp-json\/wp\/v2\/media\/58226"}],"wp:attachment":[{"href":"https:\/\/www.europesays.com\/fr\/wp-json\/wp\/v2\/media?parent=58225"}],"wp:term":[{"taxonomy":"category","embeddable":true,"href":"https:\/\/www.europesays.com\/fr\/wp-json\/wp\/v2\/categories?post=58225"},{"taxonomy":"post_tag","embeddable":true,"href":"https:\/\/www.europesays.com\/fr\/wp-json\/wp\/v2\/tags?post=58225"}],"curies":[{"name":"wp","href":"https:\/\/api.w.org\/{rel}","templated":true}]}}