{"id":582251,"date":"2025-12-06T14:04:13","date_gmt":"2025-12-06T14:04:13","guid":{"rendered":"https:\/\/www.europesays.com\/fr\/582251\/"},"modified":"2025-12-06T14:04:13","modified_gmt":"2025-12-06T14:04:13","slug":"tour-de-londres-quatre-arrestations-apres-un-jet-de-nourriture-sur-la-vitrine-des-joyaux-de-la-couronne","status":"publish","type":"post","link":"https:\/\/www.europesays.com\/fr\/582251\/","title":{"rendered":"Tour de Londres\u00a0: quatre arrestations apr\u00e8s un jet de nourriture sur la vitrine des joyaux de la Couronne"},"content":{"rendered":"<p class=\"paragraph text_align_left lp-f-body-02\">Quatre personnes ont \u00e9t\u00e9 arr\u00eat\u00e9es samedi apr\u00e8s un jet de nourriture sur la vitrine prot\u00e9geant les bijoux de la Couronne britannique \u00e0 la <a href=\"https:\/\/www.leparisien.fr\/international\/royaume-uni\/disparition-de-deux-princes-proches-de-la-famille-royale-a-la-tour-de-londres-lenquete-rebondit-cinq-siecles-plus-tard-18-07-2025-IZ7A3VVQZBEE5BHJB44MAK66GU.php\" target=\"_self\" rel=\"nofollow noopener\">Tour de Londres<\/a>, a annonc\u00e9 la police, une action revendiqu\u00e9e par un groupe de d\u00e9sob\u00e9issance civile.<\/p>\n<p class=\"paragraph text_align_left lp-f-body-02\">\u00ab Quatre manifestants ont \u00e9t\u00e9 arr\u00eat\u00e9s \u00e0 la suite de dommages criminels \u00e0 la Tour de Londres \u00bb dans la matin\u00e9e, a-t-elle indiqu\u00e9. Le groupe Take Back Power, peu connu du public, a publi\u00e9 une vid\u00e9o de l\u2019action sur X, indiquant que ses militants avaient lanc\u00e9 de la cr\u00e8me anglaise et du crumble aux pommes sur la vitrine.<\/p>\n<blockquote class=\"twitter-tweet\">\n<p lang=\"en\" dir=\"ltr\">\u203c\ufe0f CRUMBLE AND CUSTARD ON THE CROWN JEWELS<\/p>\n<p>Democracy has crumbled. Billionaires buy political influence whilst homeless people die on the streets.<\/p>\n<p>We need a House of the People to tax the rich.<\/p>\n<p>Donate to help take back power: <a href=\"https:\/\/t.co\/fMDX5SNEKg\" rel=\"nofollow\">https:\/\/t.co\/fMDX5SNEKg<\/a> <a href=\"https:\/\/t.co\/Tl7Wyfakvd\" rel=\"nofollow\">pic.twitter.com\/Tl7Wyfakvd<\/a><\/p>\n<p>\u2014 Take back POWER (@takeback_power) <a href=\"https:\/\/twitter.com\/takeback_power\/status\/1997264706185392388?ref_src=twsrc%5Etfw\" rel=\"nofollow noopener\" target=\"_blank\">December 6, 2025<\/a><\/p><\/blockquote>\n<p class=\"paragraph text_align_left lp-f-body-02\">\u00ab La d\u00e9mocratie s\u2019est effondr\u00e9e. Les milliardaires ach\u00e8tent leur influence politique tandis que les sans-abri meurent dans la rue \u00bb a \u00e9crit le groupe qui souhaite la cr\u00e9ation d\u2019une \u00ab Chambre du Peuple pour taxer les riches \u00bb.<\/p>\n<p class=\"paragraph text_align_left lp-f-body-02\">Selon Sky News, une partie de la Tour de Londres a \u00e9t\u00e9 ferm\u00e9e au public.<\/p>\n<p class=\"paragraph text_align_left lp-f-body-02\">La couronne imp\u00e9riale d\u2019\u00c9tat, dont la vitrine a \u00e9t\u00e9 vis\u00e9e, a \u00e9t\u00e9 fabriqu\u00e9e pour le couronnement de George VI en 1937. Sertie de 2 868 diamants, 269 perles, 17 saphirs et 11 \u00e9meraudes, elle est habituellement port\u00e9e par les souverains britanniques lors de leur couronnement.<\/p>\n<p class=\"paragraph text_align_left lp-f-body-02\"><b>&gt;&gt; Plus d\u2019informations \u00e0 venir sur Leparisien.fr<\/b><\/p>\n<p><script async src=\"https:\/\/platform.twitter.com\/widgets.js\" charset=\"utf-8\"><\/script><\/p>\n","protected":false},"excerpt":{"rendered":"Quatre personnes ont \u00e9t\u00e9 arr\u00eat\u00e9es samedi apr\u00e8s un jet de nourriture sur la vitrine prot\u00e9geant les bijoux de&hellip;\n","protected":false},"author":2,"featured_media":582252,"comment_status":"","ping_status":"","sticky":false,"template":"","format":"standard","meta":{"footnotes":""},"categories":[1588],"tags":[11,872,1777,674,14,12,473,1853,1851,1850,1852],"class_list":{"0":"post-582251","1":"post","2":"type-post","3":"status-publish","4":"format-standard","5":"has-post-thumbnail","7":"category-royaume-uni","8":"tag-actualites","9":"tag-culture-et-loisirs","10":"tag-eu","11":"tag-europe","12":"tag-international","13":"tag-news","14":"tag-royaume-uni","15":"tag-royaume-uni-de-grande-bretagne-et-dirlande-du-nord","16":"tag-uk","17":"tag-united-kingdom","18":"tag-united-kingdom-of-great-britain-and-northern-ireland"},"share_on_mastodon":{"url":"https:\/\/pubeurope.com\/@fr\/115673003694026742","error":""},"_links":{"self":[{"href":"https:\/\/www.europesays.com\/fr\/wp-json\/wp\/v2\/posts\/582251","targetHints":{"allow":["GET"]}}],"collection":[{"href":"https:\/\/www.europesays.com\/fr\/wp-json\/wp\/v2\/posts"}],"about":[{"href":"https:\/\/www.europesays.com\/fr\/wp-json\/wp\/v2\/types\/post"}],"author":[{"embeddable":true,"href":"https:\/\/www.europesays.com\/fr\/wp-json\/wp\/v2\/users\/2"}],"replies":[{"embeddable":true,"href":"https:\/\/www.europesays.com\/fr\/wp-json\/wp\/v2\/comments?post=582251"}],"version-history":[{"count":0,"href":"https:\/\/www.europesays.com\/fr\/wp-json\/wp\/v2\/posts\/582251\/revisions"}],"wp:featuredmedia":[{"embeddable":true,"href":"https:\/\/www.europesays.com\/fr\/wp-json\/wp\/v2\/media\/582252"}],"wp:attachment":[{"href":"https:\/\/www.europesays.com\/fr\/wp-json\/wp\/v2\/media?parent=582251"}],"wp:term":[{"taxonomy":"category","embeddable":true,"href":"https:\/\/www.europesays.com\/fr\/wp-json\/wp\/v2\/categories?post=582251"},{"taxonomy":"post_tag","embeddable":true,"href":"https:\/\/www.europesays.com\/fr\/wp-json\/wp\/v2\/tags?post=582251"}],"curies":[{"name":"wp","href":"https:\/\/api.w.org\/{rel}","templated":true}]}}