{"id":582253,"date":"2025-12-06T14:05:24","date_gmt":"2025-12-06T14:05:24","guid":{"rendered":"https:\/\/www.europesays.com\/fr\/582253\/"},"modified":"2025-12-06T14:05:24","modified_gmt":"2025-12-06T14:05:24","slug":"football-championnat-dallemagne-les-resultats-de-la-13e-journee","status":"publish","type":"post","link":"https:\/\/www.europesays.com\/fr\/582253\/","title":{"rendered":"Football &#8211; Championnat d&rsquo;Allemagne: les r\u00e9sultats de la 13e journ\u00e9e"},"content":{"rendered":"<p>La 13e journ\u00e9e du Championnat d\u2019Allemagne a d\u00e9but\u00e9 vendredi soir par la victoire pr\u00e9cieuse du Borussia M\u00f6nchengladbach sur la pelouse de Mayence (1-0). Un succ\u00e8s qui permet aux Fohlen de remonter dans la premi\u00e8re moiti\u00e9 du tableau, tandis que Mayence reste lanterne rouge avec seulement six points en treize matches.<\/p>\n<p>La journ\u00e9e se poursuit ce samedi avec un programme dense. \u00c0 15h30, Augsbourg accueille le Bayer Leverkusen, Wolfsburg re\u00e7oit l\u2019Union Berlin, Cologne affronte St Pauli, Heidenheim croise Fribourg et Stuttgart d\u00e9fie le Bayern Munich, leader invaincu. En soir\u00e9e (18h30), le RB Leipzig tentera de consolider sa deuxi\u00e8me place face \u00e0 l\u2019Eintracht Francfort.<\/p>\n<p>Dimanche, le HSV affronte le Werder Br\u00eame dans un derby du Nord, avant un autre choc : le Borussia Dortmund (3e) re\u00e7oit Hoffenheim, quatri\u00e8me.<\/p>\n<p><strong>Classement apr\u00e8s le premier match de la 13e journ\u00e9e<\/strong><\/p>\n<p>Le Bayern Munich reste seul en t\u00eate avec 34 points (11 victoires, 1 nul), devant Leipzig (26 pts) et Dortmund (25 pts).<br \/>Leverkusen et Hoffenheim suivent \u00e0 23 points, tandis que Stuttgart compl\u00e8te le top 6 avec 22 unit\u00e9s.<\/p>\n<p>En bas de classement, Heidenheim, St Pauli et Mayence sont en grande difficult\u00e9, sous la zone de rel\u00e9gation.<\/p>\n","protected":false},"excerpt":{"rendered":"La 13e journ\u00e9e du Championnat d\u2019Allemagne a d\u00e9but\u00e9 vendredi soir par la victoire pr\u00e9cieuse du Borussia M\u00f6nchengladbach sur&hellip;\n","protected":false},"author":2,"featured_media":582254,"comment_status":"","ping_status":"","sticky":false,"template":"","format":"standard","meta":{"footnotes":""},"categories":[1587],"tags":[11,672,4782,69,1804,12474,1805,1803,8099,1777,674,69596,1801,17524,69597,12,1802,69598],"class_list":{"0":"post-582253","1":"post","2":"type-post","3":"status-publish","4":"format-standard","5":"has-post-thumbnail","7":"category-allemagne","8":"tag-actualites","9":"tag-allemagne","10":"tag-bayern-munich","11":"tag-bundesliga","12":"tag-bundesrepublik-deutschland","13":"tag-championnat-dallemagne","14":"tag-de","15":"tag-deutschland","16":"tag-dortmund","17":"tag-eu","18":"tag-europe","19":"tag-football-allemagne","20":"tag-germany","21":"tag-leipzig","22":"tag-leverkusen","23":"tag-news","24":"tag-republique-federale-dallemagne","25":"tag-resultats-bundesliga"},"share_on_mastodon":{"url":"https:\/\/pubeurope.com\/@fr\/115673007674922015","error":""},"_links":{"self":[{"href":"https:\/\/www.europesays.com\/fr\/wp-json\/wp\/v2\/posts\/582253","targetHints":{"allow":["GET"]}}],"collection":[{"href":"https:\/\/www.europesays.com\/fr\/wp-json\/wp\/v2\/posts"}],"about":[{"href":"https:\/\/www.europesays.com\/fr\/wp-json\/wp\/v2\/types\/post"}],"author":[{"embeddable":true,"href":"https:\/\/www.europesays.com\/fr\/wp-json\/wp\/v2\/users\/2"}],"replies":[{"embeddable":true,"href":"https:\/\/www.europesays.com\/fr\/wp-json\/wp\/v2\/comments?post=582253"}],"version-history":[{"count":0,"href":"https:\/\/www.europesays.com\/fr\/wp-json\/wp\/v2\/posts\/582253\/revisions"}],"wp:featuredmedia":[{"embeddable":true,"href":"https:\/\/www.europesays.com\/fr\/wp-json\/wp\/v2\/media\/582254"}],"wp:attachment":[{"href":"https:\/\/www.europesays.com\/fr\/wp-json\/wp\/v2\/media?parent=582253"}],"wp:term":[{"taxonomy":"category","embeddable":true,"href":"https:\/\/www.europesays.com\/fr\/wp-json\/wp\/v2\/categories?post=582253"},{"taxonomy":"post_tag","embeddable":true,"href":"https:\/\/www.europesays.com\/fr\/wp-json\/wp\/v2\/tags?post=582253"}],"curies":[{"name":"wp","href":"https:\/\/api.w.org\/{rel}","templated":true}]}}