{"id":582257,"date":"2025-12-06T14:07:11","date_gmt":"2025-12-06T14:07:11","guid":{"rendered":"https:\/\/www.europesays.com\/fr\/582257\/"},"modified":"2025-12-06T14:07:11","modified_gmt":"2025-12-06T14:07:11","slug":"la-diplomatie-europeenne-choisit-la-desescalade-face-a-ladministration-trump-liberation","status":"publish","type":"post","link":"https:\/\/www.europesays.com\/fr\/582257\/","title":{"rendered":"la diplomatie europ\u00e9enne choisit la d\u00e9sescalade face \u00e0 l\u2019administration Trump \u2013 Lib\u00e9ration"},"content":{"rendered":"<p class=\"sc-cPiKLX AiZTS text-element\">Surtout ne pas ciller. Au lendemain d\u2019une nouvelle salve de critiques diplomatiques tous azimuts de <a href=\"https:\/\/www.liberation.fr\/international\/amerique\/etats-unis-au-pentagone-lembarrassant-pete-hegseth-senlise-dans-les-scandales-20251205_OM53IL53RVCIJCBOMQ44QHBRII\/\" target=\"_blank\" rel=\"noopener\" title=\"https:\/\/www.liberation.fr\/international\/amerique\/etats-unis-au-pentagone-lembarrassant-pete-hegseth-senlise-dans-les-scandales-20251205_OM53IL53RVCIJCBOMQ44QHBRII\/\">l\u2019administration am\u00e9ricaine<\/a>, l\u2019Union europ\u00e9enne a choisi samedi de ne pas envenimer les choses, pr\u00e9f\u00e9rant souligner les convergences qu\u2019accentuer le foss\u00e9 avec les Etats-Unis. Le tout sur fond de n\u00e9gociations am\u00e9ricaines pour mettre fin \u00e0 la guerre entre la Russie et l\u2019Ukraine <a href=\"https:\/\/www.liberation.fr\/international\/europe\/plan-de-paix-americain-trump-sacrifie-lukraine-et-lunion-europeenne-ne-peut-sen-prendre-qua-elle-meme-20251125_XJSUFMRC5ZEQXJCOJJ4FAAYHB4\/\" target=\"_blank\" rel=\"noopener\" title=\"https:\/\/www.liberation.fr\/international\/europe\/plan-de-paix-americain-trump-sacrifie-lukraine-et-lunion-europeenne-ne-peut-sen-prendre-qua-elle-meme-20251125_XJSUFMRC5ZEQXJCOJJ4FAAYHB4\/\">sans que le Vieux continent ne soit impliqu\u00e9.<\/a><\/p>\n<p class=\"sc-cPiKLX AiZTS text-element\">\u00abBien s\u00fbr, il y a beaucoup de critiques, mais je pense que certaines d\u2019entre elles sont \u00e9galement fond\u00e9es\u00bb, a ainsi expliqu\u00e9 la cheffe de la diplomatie europ\u00e9enne, Kaja Kallas, interrog\u00e9e lors d\u2019une conf\u00e9rence \u00e0 Doha, au Qatar, sur la <a href=\"https:\/\/www.liberation.fr\/international\/amerique\/la-diplomatie-selon-trump-14-il-a-vide-la-politique-etrangere-americaine-de-son-cadre-ethique-et-moral-20250918_LC6ZPSNRDZCR5LCWIBAMP7BKBM\/\" target=\"_blank\" rel=\"noopener\" title=\"https:\/\/www.liberation.fr\/international\/amerique\/la-diplomatie-selon-trump-14-il-a-vide-la-politique-etrangere-americaine-de-son-cadre-ethique-et-moral-20250918_LC6ZPSNRDZCR5LCWIBAMP7BKBM\/\">nouvelle strat\u00e9gie<\/a> de s\u00e9curit\u00e9 am\u00e9ricaine, r\u00e9solument nationaliste et anti-europ\u00e9enne. \u00abLes Etats-Unis restent notre plus grand alli\u00e9 [\u2026]. Nous n\u2019avons pas toujours \u00e9t\u00e9 d\u2019accord sur diff\u00e9rents sujets, mais je pense que le principe g\u00e9n\u00e9ral reste le m\u00eame. Nous sommes les plus grands alli\u00e9s et nous devons rester unis\u00bb, a-t-elle ajout\u00e9.<\/p>\n<p class=\"sc-cPiKLX AiZTS text-element\">Les Etats-Unis ont publi\u00e9 vendredi un document qui red\u00e9finit leur \u00abStrat\u00e9gie de s\u00e9curit\u00e9 nationale\u00bb en ligne avec l\u2019approche du pr\u00e9sident am\u00e9ricain consistant \u00e0 mettre \u00abl\u2019Am\u00e9rique d\u2019abord\u00bb.<\/p>\n<p class=\"sc-cPiKLX AiZTS text-element\">Le document s\u2019en prend vivement aux Europ\u00e9ens, soutenant les affirmations des extr\u00eames droites europ\u00e9ennes selon lesquelles le Vieux continent est confront\u00e9 \u00e0 un \u00abeffacement civilisationnel\u00bb d\u00fb \u00e0 l\u2019immigration. Il met aussi en cause \u00abson obsession infructueuse pour l\u2019asphyxie r\u00e9glementaire\u00bb. Washington d\u00e9nonce p\u00eale-m\u00eale les d\u00e9cisions qui \u00absapent la libert\u00e9 politique et la souverainet\u00e9, les politiques migratoires qui transforment le continent et cr\u00e9ent des tensions, la censure de la libert\u00e9 d\u2019expression et la r\u00e9pression de l\u2019opposition politique, la chute des taux de natalit\u00e9, ainsi que la perte des identit\u00e9s nationales.\u00bb<\/p>\n<p class=\"sc-cPiKLX AiZTS text-element\">\u00abSi les tendances actuelles se poursuivent, le continent [europ\u00e9en] sera m\u00e9connaissable dans 20 ans ou moins\u00bb, pr\u00e9dit le document qui promet \u00e9galement qu\u2019il n\u2019y aura pas d\u2019\u00e9largissement de l\u2019Otan, an\u00e9antissant une fois de plus les espoirs <a href=\"https:\/\/www.liberation.fr\/international\/europe\/laiea-sinquiete-pour-tchernobyl-negociations-a-miami-frappes-russes-sur-la-region-de-kyiv-lactualite-de-la-guerre-en-ukraine-samedi-6-decembre-20251206_D3B266UXSRGFZK6J2YJH2VPVUU\/\" target=\"_blank\" rel=\"noopener\" title=\"https:\/\/www.liberation.fr\/international\/europe\/laiea-sinquiete-pour-tchernobyl-negociations-a-miami-frappes-russes-sur-la-region-de-kyiv-lactualite-de-la-guerre-en-ukraine-samedi-6-decembre-20251206_D3B266UXSRGFZK6J2YJH2VPVUU\/\">de l\u2019Ukraine qui subit l\u2019invasion russe.<\/a> \u00abImposer des restrictions et des contraintes \u00e0 l\u2019Ukraine ne nous apportera pas une paix durable, pr\u00e9vient Kaja Kallas samedi. Si l\u2019agression est r\u00e9compens\u00e9e, elle se reproduira, non seulement en Ukraine ou \u00e0 Gaza, mais partout dans le monde\u00bb. A ses yeux, \u00abl\u2019Europe a sous-estim\u00e9 son propre pouvoir. Vis-\u00e0-vis de la Russie, par exemple [\u2026] nous devrions avoir davantage confiance en nous\u00bb. <\/p>\n<p class=\"sc-cPiKLX AiZTS text-element\">Plus globalement, le texte confirme <a href=\"https:\/\/www.liberation.fr\/idees-et-debats\/editorial\/frappes-americaines-dans-les-caraibes-et-le-pacifique-jusquou-iront-trump-et-son-ministre-de-la-guerre-20251205_X4OWZ6OSURH67BTPHIPY7EHIKA\/\" target=\"_blank\" rel=\"noopener\" title=\"https:\/\/www.liberation.fr\/idees-et-debats\/editorial\/frappes-americaines-dans-les-caraibes-et-le-pacifique-jusquou-iront-trump-et-son-ministre-de-la-guerre-20251205_X4OWZ6OSURH67BTPHIPY7EHIKA\/\">les grandes lignes de la politique <\/a>\u00e9trang\u00e8re am\u00e9ricaine depuis le retour de Donald Trump \u00e0 la Maison Blanche en janvier. Les pr\u00e9sidents am\u00e9ricains publient g\u00e9n\u00e9ralement une pr\u00e9sentation strat\u00e9gique de ce type \u00e0 chaque mandat. La derni\u00e8re, publi\u00e9e par Joe Biden en 2022, avait mis l\u2019accent sur l\u2019acquisition d\u2019un avantage comp\u00e9titif sur la Chine tout en limitant une Russie jug\u00e9e \u00abdangereuse\u00bb.<\/p>\n","protected":false},"excerpt":{"rendered":"Surtout ne pas ciller. Au lendemain d\u2019une nouvelle salve de critiques diplomatiques tous azimuts de l\u2019administration am\u00e9ricaine, l\u2019Union&hellip;\n","protected":false},"author":2,"featured_media":582258,"comment_status":"","ping_status":"","sticky":false,"template":"","format":"standard","meta":{"footnotes":""},"categories":[1586],"tags":[11,73,1777,674,1779,1011,27,5229,12,25,1778,297,364],"class_list":{"0":"post-582257","1":"post","2":"type-post","3":"status-publish","4":"format-standard","5":"has-post-thumbnail","7":"category-europe","8":"tag-actualites","9":"tag-etats-unis","10":"tag-eu","11":"tag-europe","12":"tag-european-union","13":"tag-fr","14":"tag-france","15":"tag-kaja-kallas","16":"tag-news","17":"tag-republique-francaise","18":"tag-ue","19":"tag-ukraine-la-crise","20":"tag-union-europeenne"},"share_on_mastodon":{"url":"https:\/\/pubeurope.com\/@fr\/115673015574332072","error":""},"_links":{"self":[{"href":"https:\/\/www.europesays.com\/fr\/wp-json\/wp\/v2\/posts\/582257","targetHints":{"allow":["GET"]}}],"collection":[{"href":"https:\/\/www.europesays.com\/fr\/wp-json\/wp\/v2\/posts"}],"about":[{"href":"https:\/\/www.europesays.com\/fr\/wp-json\/wp\/v2\/types\/post"}],"author":[{"embeddable":true,"href":"https:\/\/www.europesays.com\/fr\/wp-json\/wp\/v2\/users\/2"}],"replies":[{"embeddable":true,"href":"https:\/\/www.europesays.com\/fr\/wp-json\/wp\/v2\/comments?post=582257"}],"version-history":[{"count":0,"href":"https:\/\/www.europesays.com\/fr\/wp-json\/wp\/v2\/posts\/582257\/revisions"}],"wp:featuredmedia":[{"embeddable":true,"href":"https:\/\/www.europesays.com\/fr\/wp-json\/wp\/v2\/media\/582258"}],"wp:attachment":[{"href":"https:\/\/www.europesays.com\/fr\/wp-json\/wp\/v2\/media?parent=582257"}],"wp:term":[{"taxonomy":"category","embeddable":true,"href":"https:\/\/www.europesays.com\/fr\/wp-json\/wp\/v2\/categories?post=582257"},{"taxonomy":"post_tag","embeddable":true,"href":"https:\/\/www.europesays.com\/fr\/wp-json\/wp\/v2\/tags?post=582257"}],"curies":[{"name":"wp","href":"https:\/\/api.w.org\/{rel}","templated":true}]}}