{"id":582275,"date":"2025-12-06T14:20:14","date_gmt":"2025-12-06T14:20:14","guid":{"rendered":"https:\/\/www.europesays.com\/fr\/582275\/"},"modified":"2025-12-06T14:20:14","modified_gmt":"2025-12-06T14:20:14","slug":"guy-bevert-batteur-et-chanteur-de-la-compagnie-creole-est-mort","status":"publish","type":"post","link":"https:\/\/www.europesays.com\/fr\/582275\/","title":{"rendered":"Guy B\u00e9vert, batteur et chanteur de la Compagnie Cr\u00e9ole, est mort"},"content":{"rendered":"<p>\n    \u00abC\u2019est bon pour le moral\u00bb, \u00abAu bal masqu\u00e9\u00bb ou \u00ab\u00c7a fait rire les oiseaux\u00bb&#8230; Il \u00e9tait pr\u00e9sent depuis la cr\u00e9ation du c\u00e9l\u00e8bre groupe des ann\u00e9es 80.<\/p>\n<p class=\"fig-paragraph\">Guy B\u00e9vert, batteur et chanteur guadeloup\u00e9en de\u00a0<a href=\"http:\/\/www.lefigaro.fr\/culture\/sortons-masques-ohe-ohe-nbsp-la-compagnie-creole-veut-sensibiliser-aux-gestes-barriere-20200721\" data-fig-type=\"NewsFlash\" data-gtm-custom-categorie=\"navigation\" data-gtm-custom-action=\"crossclick\" data-gtm-custom-label=\"Contextuel\" data-gtm-event=\"customEventSPE\" data-fig-domain=\"LEFIGARO\" target=\"_blank\" rel=\"noopener\">La Compagnie Cr\u00e9ole<\/a>, est mort dans la nuit de mercredi \u00e0 jeudi \u00e0 l&rsquo;\u00e2ge de 76 ans, a annonc\u00e9 samedi \u00e0 l&rsquo;AFP Patrick Moyse, l&rsquo;attach\u00e9 de presse du c\u00e9l\u00e8bre groupe des ann\u00e9es 80. Pr\u00e9sent depuis sa cr\u00e9ation, Guy B\u00e9vert \u00abavait d\u00fb se retirer de la sc\u00e8ne en 2021 \u00e0 la suite d&rsquo;un terrible AVC\u00bb, a rappel\u00e9 le groupe dans un message post\u00e9 sur Facebook.<\/p>\n<p class=\"fig-paragraph\">\u00abConnu d&rsquo;abord pour sa dext\u00e9rit\u00e9 \u00e0 la batterie, Guy est rapidement pass\u00e9 sur le devant de la sc\u00e8ne aux c\u00f4t\u00e9s de Cl\u00e9mence, Jos\u00e9 et Julien pour faire r\u00e9sonner au micro les basses puissantes de sa voix de crooner\u00bb, soulignent ses anciens camarades. Originaire des Antilles fran\u00e7aises et de Guyane, la Compagnie Cr\u00e9ole a marqu\u00e9 les ann\u00e9es 1980 avec des tubes comme \u00abC&rsquo;est bon pour le moral\u00bb, \u00abAu bal masqu\u00e9\u00bb ou \u00ab\u00c7a fait rire les oiseaux\u00bb.<\/p>\n<p>                                            <a class=\"fig-a11y-skip\" href=\"#fig-a11y-skip-main-inarticle\" data-module=\"a11y-skip\" data-context=\"was @visible\"><br \/>\n    Passer la publicit\u00e9<br \/>\n<\/a>            <\/p>\n<p class=\"fig-paragraph\">Le d\u00e9c\u00e8s de Guy B\u00e9vert suit celui de l&rsquo;ancien guitariste et chanteur du groupe Jos\u00e9 S\u00e9b\u00e9lou\u00e9, survenu en 2023. Le groupe f\u00eatera les 50 ans de son premier album en 2026.<\/p>\n","protected":false},"excerpt":{"rendered":"\u00abC\u2019est bon pour le moral\u00bb, \u00abAu bal masqu\u00e9\u00bb ou \u00ab\u00c7a fait rire les oiseaux\u00bb&#8230; Il \u00e9tait pr\u00e9sent depuis&hellip;\n","protected":false},"author":2,"featured_media":582276,"comment_status":"","ping_status":"","sticky":false,"template":"","format":"standard","meta":{"footnotes":""},"categories":[1359],"tags":[2937,2932,2935,1696,2934,58,2933,59,1011,27,873,2936,1698,973],"class_list":{"0":"post-582275","1":"post","2":"type-post","3":"status-publish","4":"format-standard","5":"has-post-thumbnail","7":"category-people","8":"tag-artistes","9":"tag-cd","10":"tag-chansons","11":"tag-chanteur","12":"tag-chason","13":"tag-divertissement","14":"tag-dvd","15":"tag-entertainment","16":"tag-fr","17":"tag-france","18":"tag-musique","19":"tag-musique-classique","20":"tag-musiques","21":"tag-people"},"share_on_mastodon":{"url":"https:\/\/pubeurope.com\/@fr\/115673066789718600","error":""},"_links":{"self":[{"href":"https:\/\/www.europesays.com\/fr\/wp-json\/wp\/v2\/posts\/582275","targetHints":{"allow":["GET"]}}],"collection":[{"href":"https:\/\/www.europesays.com\/fr\/wp-json\/wp\/v2\/posts"}],"about":[{"href":"https:\/\/www.europesays.com\/fr\/wp-json\/wp\/v2\/types\/post"}],"author":[{"embeddable":true,"href":"https:\/\/www.europesays.com\/fr\/wp-json\/wp\/v2\/users\/2"}],"replies":[{"embeddable":true,"href":"https:\/\/www.europesays.com\/fr\/wp-json\/wp\/v2\/comments?post=582275"}],"version-history":[{"count":0,"href":"https:\/\/www.europesays.com\/fr\/wp-json\/wp\/v2\/posts\/582275\/revisions"}],"wp:featuredmedia":[{"embeddable":true,"href":"https:\/\/www.europesays.com\/fr\/wp-json\/wp\/v2\/media\/582276"}],"wp:attachment":[{"href":"https:\/\/www.europesays.com\/fr\/wp-json\/wp\/v2\/media?parent=582275"}],"wp:term":[{"taxonomy":"category","embeddable":true,"href":"https:\/\/www.europesays.com\/fr\/wp-json\/wp\/v2\/categories?post=582275"},{"taxonomy":"post_tag","embeddable":true,"href":"https:\/\/www.europesays.com\/fr\/wp-json\/wp\/v2\/tags?post=582275"}],"curies":[{"name":"wp","href":"https:\/\/api.w.org\/{rel}","templated":true}]}}