{"id":582277,"date":"2025-12-06T14:21:15","date_gmt":"2025-12-06T14:21:15","guid":{"rendered":"https:\/\/www.europesays.com\/fr\/582277\/"},"modified":"2025-12-06T14:21:15","modified_gmt":"2025-12-06T14:21:15","slug":"la-gare-de-villejuif-gustave-roussy-designee-la-plus-belle-du-monde","status":"publish","type":"post","link":"https:\/\/www.europesays.com\/fr\/582277\/","title":{"rendered":"La gare de Villejuif-Gustave Roussy d\u00e9sign\u00e9e la plus belle du monde"},"content":{"rendered":"<p class=\"mb-4 text-lg md:leading-8 break-words\">Si vous prenez la ligne 14\u00a0du m\u00e9tro parisien, Emma Watson est peut-\u00eatre fan de votre station. L\u2019actrice britannique est membre du jury de l\u2019\u00e9dition 2025\u00a0du Prix Versailles qui a d\u00e9sign\u00e9 l\u2019arr\u00eat Villejuif-Gustave Roussy, dans le sud de Paris, comme la \u00ab\u00a0<a href=\"https:\/\/fr.news.yahoo.com\/gares-saint-denis-pleyel-villejuif-202858944.html\" data-ylk=\"slk:plus belle gare du monde;elm:context_link;itc:0;sec:content-canvas;outcm:mb_qualified_link;_E:mb_qualified_link;ct:story;\" class=\"link  yahoo-link\" target=\"_blank\" rel=\"noopener\">plus belle gare du monde<\/a>\u00a0\u00bb. Con\u00e7ue par l\u2019architecte Dominique Perrault, elle est aussi la plus profonde de l\u2019Hexagone \u2013 en t\u00e9moigne l\u2019enchev\u00eatrement des escalators.<\/p>\n<p class=\"mb-4 text-lg md:leading-8 break-words\">Distinction mondiale d\u2019architecture soutenue par l\u2019Unesco, le Prix Versailles \u00ab\u00a0r\u00e9compense notre ma\u00eetrise d\u2019ouvrage et l\u2019engagement de l\u2019\u00c9tat aux c\u00f4t\u00e9s des fili\u00e8res fran\u00e7aises d\u2019excellence, l\u2019ing\u00e9nierie comme l\u2019architecture, ici incarn\u00e9e par Dominique Perrault\u00a0\u00bb, s\u2019est f\u00e9licit\u00e9 Jean-Fran\u00e7ois Monteils, pr\u00e9sident du directoire de la Soci\u00e9t\u00e9 des Grands Projets cit\u00e9 par le <a href=\"https:\/\/www.leparisien.fr\/val-de-marne-94\/la-station-de-villejuif-gustave-roussy-designee-plus-belle-gare-du-monde-05-12-2025-RF6MYYQXCNEF7OC65ND7NE5LSQ.php?at_variant=photo&amp;at_creation=Le%20Parisien%20%7C%20transports&amp;at_campaign=Partage%20Twitter%20CM&amp;at_medium=Social%20media\" rel=\"nofollow noopener\" target=\"_blank\" data-ylk=\"slk:Parisien;elm:context_link;itc:0;sec:content-canvas\" class=\"link \">Parisien<\/a> dans un article paru ce vendredi 5\u00a0d\u00e9cembre, au lendemain de la remise des prix.<\/p>\n<p class=\"mb-4 text-lg md:leading-8 break-words\">Celui-ci assure que l\u2019\u00ab\u00a0ambition architecturale\u00a0\u00bb sera au c\u0153ur de la conception des 68\u00a0gares ajout\u00e9es petit \u00e0 petit au r\u00e9seau francilien dans le cadre du Grand Paris Express. Dans une publication Instagram <strong>que vous pouvez consulter ci-dessus<\/strong>, Dominique Perrault d\u00e9crivait la gare de Villejuif-Gustave Roussy comme l\u2019illustration de \u00ab\u00a0la capacit\u00e9 de l\u2019ing\u00e9nierie \u00e0 transformer des contraintes complexes en solutions innovantes, s\u00fbres et durables\u00a0\u00bb.<\/p>\n<p>Des \u00e9difices distingu\u00e9s \u00e0 Nice, Chartres et Saint-Denis<\/p>\n<p class=\"mb-4 text-lg md:leading-8 break-words\">La station Villejuif-Gustave Roussy n\u2019\u00e9tait d\u2019ailleurs pas la seule de la ligne 14\u00a0distingu\u00e9e par le Prix Versailles dans la cat\u00e9gorie \u00ab\u00a0Gares et Stations\u00a0\u00bb. Son terminus Saint-Denis-Pleyel au nord de Paris figurait \u00e9galement parmi les finalistes. La gare saoudienne de KAFD \u00e0 Riyad est repartie avec le \u00ab\u00a0prix sp\u00e9cial pour l\u2019ext\u00e9rieur\u00a0\u00bb tandis que la gare australienne de Gadigal \u00e0 Sydney, <strong>que vous pouvez voir ci-dessous<\/strong>, a rafl\u00e9 celui r\u00e9compensant \u00ab\u00a0l\u2019int\u00e9rieur\u00a0\u00bb.<\/p>\n<p class=\"mb-4 text-lg md:leading-8 break-words\">D\u2019autres \u00e9difices fran\u00e7ais ont \u00e9t\u00e9 r\u00e9compens\u00e9s par le Prix Versailles cette ann\u00e9e, en dehors de la cat\u00e9gorie \u00ab\u00a0Gares et stations\u00a0\u00bb. C\u00f4t\u00e9 \u00ab\u00a0Restaurants\u00a0\u00bb, le Ducasse Baccarat (16e arrondissement de Paris) <strong>que vous pouvez d\u00e9couvrir ci-dessous <\/strong>a remport\u00e9 le 1er prix. Plus au sud, l\u2019H\u00f4tel du Couvent situ\u00e9 \u00e0 Nice a rafl\u00e9 le \u00ab\u00a0prix sp\u00e9cial pour l\u2019int\u00e9rieur\u00a0\u00bb dans la cat\u00e9gorie \u00ab\u00a0H\u00f4tels\u00a0\u00bb.<\/p>\n<p class=\"mb-4 text-lg md:leading-8 break-words\">C\u00f4t\u00e9 \u00ab\u00a0A\u00e9roports\u00a0\u00bb, le terminal 1\u00a0de l\u2019a\u00e9roport de Marseille-Provence est reparti avec le \u00ab\u00a0prix sp\u00e9cial pour l\u2019int\u00e9rieur\u00a0\u00bb, tout comme le Colis\u00e9e de Chartres dans la cat\u00e9gorie \u00ab\u00a0Sports\u00a0\u00bb. Le toit v\u00e9g\u00e9talis\u00e9 de ce stade a convaincu le jury, pour le plus grand plaisir du maire (DVD) de la ville, Jean-Pierre Gorges. \u00ab\u00a0Je suis content, je suis fier pour les Chartrains, a-t-il d\u00e9clar\u00e9 \u00e0 <a href=\"https:\/\/france3-regions.franceinfo.fr\/centre-val-de-loire\/eure-et-loir\/chartres\/prix-versailles-le-colisee-de-chartres-recompense-parmi-les-plus-belles-arenas-du-monde-3261206.html\" rel=\"nofollow noopener\" target=\"_blank\" data-ylk=\"slk:France 3\u00a0Centre-Val de Loire;elm:context_link;itc:0;sec:content-canvas\" class=\"link \">France 3\u00a0Centre-Val de Loire<\/a>. C\u2019est vraiment un bel \u00e9quipement pour une petite ville, pour une petite agglom\u00e9ration, dans un petit d\u00e9partement, on en est fiers.\u00a0\u00bb<\/p>\n<p class=\"mb-4 text-lg md:leading-8 break-words\"><a href=\"https:\/\/fr.news.yahoo.com\/monument-fran%C3%A7ais-2025-st%C3%A9phane-bern-082315850.html\" data-ylk=\"slk:\u00ab\u00a0Le monument des Fran\u00e7ais\u00a0\u00bb 2025\u00a0avec St\u00e9phane Bern d\u00e9signe le Ch\u00e2teau de Chantilly;elm:context_link;itc:0;sec:content-canvas;outcm:mb_qualified_link;_E:mb_qualified_link;ct:story;\" class=\"link  yahoo-link\" target=\"_blank\" rel=\"noopener\"> \u00ab\u00a0Le monument des Fran\u00e7ais\u00a0\u00bb 2025\u00a0avec St\u00e9phane Bern d\u00e9signe le Ch\u00e2teau de Chantilly <\/a><\/p>\n<p class=\"mb-4 text-lg md:leading-8 break-words\"><a href=\"https:\/\/fr.news.yahoo.com\/ros%C3%A9-blackpink-tourn%C3%A9-clip-number-154114052.html\" data-ylk=\"slk:Ros\u00e9 des Blackpink a tourn\u00e9 le clip de \u00ab\u00a0number one girl\u00a0\u00bb aux espaces d\u2019Abraxas \u00e0 Noisy-le-Grand;elm:context_link;itc:0;sec:content-canvas;outcm:mb_qualified_link;_E:mb_qualified_link;ct:story;\" class=\"link  yahoo-link\" target=\"_blank\" rel=\"noopener\"> Ros\u00e9 des Blackpink a tourn\u00e9 le clip de \u00ab\u00a0number one girl\u00a0\u00bb aux espaces d\u2019Abraxas \u00e0 Noisy-le-Grand <\/a><\/p>\n","protected":false},"excerpt":{"rendered":"Si vous prenez la ligne 14\u00a0du m\u00e9tro parisien, Emma Watson est peut-\u00eatre fan de votre station. L\u2019actrice britannique&hellip;\n","protected":false},"author":2,"featured_media":582278,"comment_status":"","ping_status":"","sticky":false,"template":"","format":"standard","meta":{"footnotes":""},"categories":[1358],"tags":[1348,1384,1385,1386,58,69599,59,1011,27,34719,69600],"class_list":{"0":"post-582277","1":"post","2":"type-post","3":"status-publish","4":"format-standard","5":"has-post-thumbnail","7":"category-arts-et-design","8":"tag-arts","9":"tag-arts-and-design","10":"tag-arts-et-design","11":"tag-design","12":"tag-divertissement","13":"tag-dominique-perrault","14":"tag-entertainment","15":"tag-fr","16":"tag-france","17":"tag-la-societe","18":"tag-villejuif-gustave-roussy"},"share_on_mastodon":{"url":"https:\/\/pubeurope.com\/@fr\/115673070523535940","error":""},"_links":{"self":[{"href":"https:\/\/www.europesays.com\/fr\/wp-json\/wp\/v2\/posts\/582277","targetHints":{"allow":["GET"]}}],"collection":[{"href":"https:\/\/www.europesays.com\/fr\/wp-json\/wp\/v2\/posts"}],"about":[{"href":"https:\/\/www.europesays.com\/fr\/wp-json\/wp\/v2\/types\/post"}],"author":[{"embeddable":true,"href":"https:\/\/www.europesays.com\/fr\/wp-json\/wp\/v2\/users\/2"}],"replies":[{"embeddable":true,"href":"https:\/\/www.europesays.com\/fr\/wp-json\/wp\/v2\/comments?post=582277"}],"version-history":[{"count":0,"href":"https:\/\/www.europesays.com\/fr\/wp-json\/wp\/v2\/posts\/582277\/revisions"}],"wp:featuredmedia":[{"embeddable":true,"href":"https:\/\/www.europesays.com\/fr\/wp-json\/wp\/v2\/media\/582278"}],"wp:attachment":[{"href":"https:\/\/www.europesays.com\/fr\/wp-json\/wp\/v2\/media?parent=582277"}],"wp:term":[{"taxonomy":"category","embeddable":true,"href":"https:\/\/www.europesays.com\/fr\/wp-json\/wp\/v2\/categories?post=582277"},{"taxonomy":"post_tag","embeddable":true,"href":"https:\/\/www.europesays.com\/fr\/wp-json\/wp\/v2\/tags?post=582277"}],"curies":[{"name":"wp","href":"https:\/\/api.w.org\/{rel}","templated":true}]}}