{"id":582279,"date":"2025-12-06T14:23:15","date_gmt":"2025-12-06T14:23:15","guid":{"rendered":"https:\/\/www.europesays.com\/fr\/582279\/"},"modified":"2025-12-06T14:23:15","modified_gmt":"2025-12-06T14:23:15","slug":"cauchemar-en-cuisine-le-restaurant-de-melanie-et-elodie-situe-a-dunkerque-est-il-toujours-ouvert","status":"publish","type":"post","link":"https:\/\/www.europesays.com\/fr\/582279\/","title":{"rendered":"Cauchemar en cuisine : le restaurant de M\u00e9lanie et Elodie situ\u00e9 \u00e0 Dunkerque est-il toujours ouvert ?"},"content":{"rendered":"<p>Voir la suite de cet article plus bas<\/p>\n<p>\n            Vid\u00e9o sugg\u00e9r\u00e9e                <strong class=\"js-player-notification-title\">Quels sont les produits de saison en d\u00e9cembre ?<\/strong><\/p>\n<p>                Video 1 sur 2<\/p>\n<p>Samedi 6 d\u00e9cembre \u00e0 13h35, M6 diffusera comme \u00e0 son habitude un ancien \u00e9pisode de Cauchemar en cuisine,\u00a0l\u2019occasion de retrouver Philippe Etchebest \u00e0 Dunkerque. Le MOF vient en aide \u00e0 M\u00e9lanie patronne du restaurant Le Liser\u00e9 et sa cheffe Elodie. Entre endettement et ambiance tendue, la t\u00e2che s\u2019av\u00e8re compliqu\u00e9e pour le jur\u00e9 de Top Chef. On se demande alors : le restaurant est-il encore ouvert aujourd&rsquo;hui ?\u00a0<\/p>\n<p>Cap sur Dunkerque pour Philippe Etchebest. Sa mission ? Aider M\u00e9lanie \u00e0 redresser la barre de son restaurant repris il y a 8 mois, une v\u00e9ritable\u00a0institution\u00a0locale. Fra\u00eechement arriv\u00e9e, cette m\u00e8re de famille de 26 ans a conserv\u00e9 l&rsquo;\u00e9tablissement tel que et est \u00e9galement \u00e9paul\u00e9e\u00a0par la m\u00eame cheffe Elodie. Le probl\u00e8me ? La cuisini\u00e8re de 37 ans au caract\u00e8re bien tremp\u00e9 travaille dans ces murs depuis maintenant 14 ans et l&rsquo;ambiance entre les deux est loin d\u2019\u00eatre id\u00e9ale. Une situation qui impacte l&rsquo;atmosph\u00e8re g\u00e9n\u00e9rale.\u00a0A\u00a0cela, s\u2019ajoutent\u00a0de nombreuses factures \u00e0 payer qui ne cessent de s\u2019accumuler. Compliqu\u00e9 pour le chef d\u2019apporter son aide.\u00a0<\/p>\n<p>Apr\u00e8s le tournage en 2018 et la premi\u00e8re diffusion en mai 2019, quand est-il du restaurant ? Malheureusement seulement trois mois apr\u00e8s la diffusion Le Liser\u00e9 a ferm\u00e9 ses portes. Il n\u2019existe plus.\u00a0\u00ab\u00a0La d\u00e9ception est r\u00e9elle mais elle est compens\u00e9e par le fait que\u00a0nous avons tout tent\u00e9\u00a0pour sauver la situation. Il y a certainement eu un d\u00e9lai trop important entre le tournage, en d\u00e9cembre 2018, et la diffusion, en mai dernier. Durant ce laps de temps, les probl\u00e8mes de tr\u00e9sorerie se sont accumul\u00e9s et, malgr\u00e9 un l\u00e9ger regain d&rsquo;activit\u00e9 apr\u00e8s l&rsquo;\u00e9mission, c&rsquo;\u00e9tait insuffisant\u00a0\u00bb, expliquait M\u00e9lanie,\u00a0chez nos confr\u00e8res de La Voix du Nord, \u00e0 l&rsquo;\u00e9t\u00e9 2019<\/p>\n<p>D\u00e9but mars, avant m\u00eame la premi\u00e8re diffusion, la cheffe Elodie avait d\u2019ailleurs pris\u00a0la d\u00e9cision de quitter l&rsquo;\u00e9tablissement :\u00a0\u00ab\u00a0Elle avait besoin de prendre du recul, le rythme de travail lui pesait. Elle avait men\u00e9 sa carri\u00e8re tambour battant pendant quatorze ans\u00a0\u00bb, racontait M\u00e9lanie, tout en assurant que la s\u00e9paration s\u2019\u00e9tait d\u00e9roul\u00e9e \u00ab\u00a0sereinement\u00a0\u00bb. \u00ab\u00a0Nous sommes rest\u00e9es en contact\u00a0\u00bb ajoutait-elle.\u00a0<\/p>\n<p>Pour conclure M\u00e9lanie explique que\u00a0 \u00ab\u00a0La d\u00e9cision de fermer a \u00e9t\u00e9 dure \u00e0 prendre, mais elle \u00e9tait in\u00e9luctable.\u00a0\u00bb\u00a0<\/p>\n","protected":false},"excerpt":{"rendered":"Voir la suite de cet article plus bas Vid\u00e9o sugg\u00e9r\u00e9e Quels sont les produits de saison en d\u00e9cembre&hellip;\n","protected":false},"author":2,"featured_media":582280,"comment_status":"","ping_status":"","sticky":false,"template":"","format":"standard","meta":{"footnotes":""},"categories":[1356],"tags":[58,59,1011,27,252,1364],"class_list":{"0":"post-582279","1":"post","2":"type-post","3":"status-publish","4":"format-standard","5":"has-post-thumbnail","7":"category-television","8":"tag-divertissement","9":"tag-entertainment","10":"tag-fr","11":"tag-france","12":"tag-television","13":"tag-tv"},"share_on_mastodon":{"url":"https:\/\/pubeurope.com\/@fr\/115673078559333441","error":""},"_links":{"self":[{"href":"https:\/\/www.europesays.com\/fr\/wp-json\/wp\/v2\/posts\/582279","targetHints":{"allow":["GET"]}}],"collection":[{"href":"https:\/\/www.europesays.com\/fr\/wp-json\/wp\/v2\/posts"}],"about":[{"href":"https:\/\/www.europesays.com\/fr\/wp-json\/wp\/v2\/types\/post"}],"author":[{"embeddable":true,"href":"https:\/\/www.europesays.com\/fr\/wp-json\/wp\/v2\/users\/2"}],"replies":[{"embeddable":true,"href":"https:\/\/www.europesays.com\/fr\/wp-json\/wp\/v2\/comments?post=582279"}],"version-history":[{"count":0,"href":"https:\/\/www.europesays.com\/fr\/wp-json\/wp\/v2\/posts\/582279\/revisions"}],"wp:featuredmedia":[{"embeddable":true,"href":"https:\/\/www.europesays.com\/fr\/wp-json\/wp\/v2\/media\/582280"}],"wp:attachment":[{"href":"https:\/\/www.europesays.com\/fr\/wp-json\/wp\/v2\/media?parent=582279"}],"wp:term":[{"taxonomy":"category","embeddable":true,"href":"https:\/\/www.europesays.com\/fr\/wp-json\/wp\/v2\/categories?post=582279"},{"taxonomy":"post_tag","embeddable":true,"href":"https:\/\/www.europesays.com\/fr\/wp-json\/wp\/v2\/tags?post=582279"}],"curies":[{"name":"wp","href":"https:\/\/api.w.org\/{rel}","templated":true}]}}