{"id":582304,"date":"2025-12-06T14:38:15","date_gmt":"2025-12-06T14:38:15","guid":{"rendered":"https:\/\/www.europesays.com\/fr\/582304\/"},"modified":"2025-12-06T14:38:15","modified_gmt":"2025-12-06T14:38:15","slug":"pont-a-mousson-un-autre-marche-de-noel-se-tiendra-place-thiers-en-decembre","status":"publish","type":"post","link":"https:\/\/www.europesays.com\/fr\/582304\/","title":{"rendered":"Pont-\u00e0-Mousson. Un autre march\u00e9 de No\u00ebl se tiendra place Thiers en d\u00e9cembre"},"content":{"rendered":"<p>\u00ab\u00a0C\u2019est la quatri\u00e8me ann\u00e9e qu\u2019on organise ce march\u00e9\u00a0\u00bb. \u00c0 l\u2019initiative du bar <a href=\"https:\/\/www.estrepublicain.fr\/economie\/2025\/05\/24\/lutte-contre-le-gaspillage-alimentaire-les-commerces-se-lancent-dans-la-bataille\" target=\"_blank\" rel=\"noopener\">La Belle \u00c9poque<\/a> , les commer\u00e7ants de la place Thiers renouent avec une nouvelle \u00e9dition de leur march\u00e9 de No\u00ebl. \u00c0 l\u2019ext\u00e9rieur, les chalets -donn\u00e9s- sont install\u00e9s et attendent leur locataire mensuel. Les tentes sont mont\u00e9es. Les arches aux deux entr\u00e9es, pr\u00eat\u00e9es par le club de catch, sont en train d\u2019\u00eatre d\u00e9cor\u00e9es.<\/p>\n<p>\u00ab\u00a0Ce sera un march\u00e9 gourmand\u00a0\u00bb, pr\u00e9vient Arnaud Berka. Cinq commer\u00e7ants se sont associ\u00e9s au bar pour faire vivre le lieu durant un mois. <a href=\"https:\/\/www.estrepublicain.fr\/economie\/2025\/09\/25\/apres-avoir-traverse-de-dures-epreuves-katia-rapin-rebondit-et-ouvre-son-nouveau-magasin-de-fruits-et-legumes\" target=\"_blank\" rel=\"noopener\">Chez Katia et Anto<\/a> , le magasin de fruits et l\u00e9gumes, <a href=\"https:\/\/www.estrepublicain.fr\/economie\/2023\/11\/14\/bab-kasia-un-salon-de-the-de-specialites-polonaises-prend-la-place-du-central-bar\" target=\"_blank\" rel=\"noopener\">Bab\u2019kasia<\/a> , la p\u00e2tisserie polonaise, Aya Pizza et le Bistrot 28, situ\u00e9 \u00e0 Lesm\u00e9nils seront donc pr\u00e9sents pour pr\u00e9senter leurs sp\u00e9cialit\u00e9s. Mais le march\u00e9 de No\u00ebl sera aussi rempli d\u2019animations. \u00ab\u00a0On en proposera les soirs, avec un DJ, des concerts avec des groupes ou un violoniste\u2026\u00a0\u00bb<\/p>\n<p>  Ouvert du jeudi au dimanche<\/p>\n<p>Les associations de Pont-\u00e0-Mousson ont \u00e9galement pris rendez-vous. \u00ab\u00a0Elles ont organis\u00e9 des soir\u00e9es du genre afterwork \u00e0 partir de 18\u00a0h, mais ce sera ouvert \u00e0 tous.\u00a0\u00bb Tous ces \u00e9v\u00e9nements commenceront d\u00e8s ce samedi pour l\u2019ouverture du march\u00e9 qui durera jusqu\u2019au dimanche 21\u00a0d\u00e9cembre. \u00ab\u00a0On sera ouvert les jeudis, vendredis et samedis de 18\u00a0h \u00e0 22\u00a0h et les dimanches \u00e0 partir de 15\u00a0h\u00a0\u00bb.<\/p>\n<p>Comme \u00e0 chaque fois, les b\u00e9n\u00e9fices iront directement \u00e0 des associations. Cette ann\u00e9e, ce seront deux associations de Pont-\u00e0-Mousson qui r\u00e9colteront l\u2019argent\u00a0: l\u2019association des parents d\u2019\u00e9l\u00e8ves de l\u2019\u00e9cole Guynemer et le club de l\u2019Amiti\u00e9.<\/p>\n","protected":false},"excerpt":{"rendered":"\u00ab\u00a0C\u2019est la quatri\u00e8me ann\u00e9e qu\u2019on organise ce march\u00e9\u00a0\u00bb. \u00c0 l\u2019initiative du bar La Belle \u00c9poque , les commer\u00e7ants&hellip;\n","protected":false},"author":2,"featured_media":582305,"comment_status":"","ping_status":"","sticky":false,"template":"","format":"standard","meta":{"footnotes":""},"categories":[9635],"tags":[1111,11,1687,1706,1777,674,1011,27,775,2089,1702,12,10422,10423,25],"class_list":{"0":"post-582304","1":"post","2":"type-post","3":"status-publish","4":"format-standard","5":"has-post-thumbnail","7":"category-nancy","8":"tag-actu","9":"tag-actualites","10":"tag-culture-loisirs","11":"tag-edition-pont-a-mousson","12":"tag-eu","13":"tag-europe","14":"tag-fr","15":"tag-france","16":"tag-grand-est","17":"tag-marche","18":"tag-nancy","19":"tag-news","20":"tag-pont-a-mousson","21":"tag-pont-a-mousson-ville-54c","22":"tag-republique-francaise"},"share_on_mastodon":{"url":"https:\/\/pubeurope.com\/@fr\/115673137356717603","error":""},"_links":{"self":[{"href":"https:\/\/www.europesays.com\/fr\/wp-json\/wp\/v2\/posts\/582304","targetHints":{"allow":["GET"]}}],"collection":[{"href":"https:\/\/www.europesays.com\/fr\/wp-json\/wp\/v2\/posts"}],"about":[{"href":"https:\/\/www.europesays.com\/fr\/wp-json\/wp\/v2\/types\/post"}],"author":[{"embeddable":true,"href":"https:\/\/www.europesays.com\/fr\/wp-json\/wp\/v2\/users\/2"}],"replies":[{"embeddable":true,"href":"https:\/\/www.europesays.com\/fr\/wp-json\/wp\/v2\/comments?post=582304"}],"version-history":[{"count":0,"href":"https:\/\/www.europesays.com\/fr\/wp-json\/wp\/v2\/posts\/582304\/revisions"}],"wp:featuredmedia":[{"embeddable":true,"href":"https:\/\/www.europesays.com\/fr\/wp-json\/wp\/v2\/media\/582305"}],"wp:attachment":[{"href":"https:\/\/www.europesays.com\/fr\/wp-json\/wp\/v2\/media?parent=582304"}],"wp:term":[{"taxonomy":"category","embeddable":true,"href":"https:\/\/www.europesays.com\/fr\/wp-json\/wp\/v2\/categories?post=582304"},{"taxonomy":"post_tag","embeddable":true,"href":"https:\/\/www.europesays.com\/fr\/wp-json\/wp\/v2\/tags?post=582304"}],"curies":[{"name":"wp","href":"https:\/\/api.w.org\/{rel}","templated":true}]}}