{"id":582306,"date":"2025-12-06T14:40:23","date_gmt":"2025-12-06T14:40:23","guid":{"rendered":"https:\/\/www.europesays.com\/fr\/582306\/"},"modified":"2025-12-06T14:40:23","modified_gmt":"2025-12-06T14:40:23","slug":"parcours-infos-pratiques-vivez-cette-journee-de-fete-avec-nous","status":"publish","type":"post","link":"https:\/\/www.europesays.com\/fr\/582306\/","title":{"rendered":"parcours, infos pratiques, vivez cette journ\u00e9e de f\u00eate avec nous"},"content":{"rendered":"<p>Le week-end am\u00e8ne des visiteurs de partout et il n&rsquo;est pas surprenant d&rsquo;entendre parler diverses langues \u00e0 Nancy ce jour.\u00a0<\/p>\n<p>Ainsi Alexis, originaire de Nancy mais vivant aujourd&rsquo;hui \u00e0 Reims, sert de guide \u00e0 ses amis espagnols Lidia, Ana et Angel. \u00ab\u00a0On passe le week-end \u00e0 Nancy, on repartira demain, explique Alexis. On est venu sp\u00e9cialement pour le d\u00e9fil\u00e9. Je leur ai dit que c&rsquo;\u00e9tait l&rsquo;\u00e9v\u00e9nement \u00e0 ne pas manquer.\u00a0\u00bb<\/p>\n<p>Pour Ana et Lidia, c&rsquo;est une d\u00e9couverte mais pas pour Angel qui a eu l&rsquo;occasion d&rsquo;assister au d\u00e9fil\u00e9 de l&rsquo;an dernier. \u00ab\u00a0J&rsquo;ai ador\u00e9. J&rsquo;esp\u00e8re que ce sera aussi bien cette ann\u00e9e.\u00a0\u00bb<\/p>\n","protected":false},"excerpt":{"rendered":"Le week-end am\u00e8ne des visiteurs de partout et il n&rsquo;est pas surprenant d&rsquo;entendre parler diverses langues \u00e0 Nancy&hellip;\n","protected":false},"author":2,"featured_media":582307,"comment_status":"","ping_status":"","sticky":false,"template":"","format":"standard","meta":{"footnotes":""},"categories":[9635],"tags":[1111,11,12255,1707,1704,1706,1705,1777,674,1011,27,775,3457,1702,12,3456,25,14334],"class_list":{"0":"post-582306","1":"post","2":"type-post","3":"status-publish","4":"format-standard","5":"has-post-thumbnail","7":"category-nancy","8":"tag-actu","9":"tag-actualites","10":"tag-direct-actualite","11":"tag-edition-luneville","12":"tag-edition-nancy-et-agglomeration","13":"tag-edition-pont-a-mousson","14":"tag-edition-toul","15":"tag-eu","16":"tag-europe","17":"tag-fr","18":"tag-france","19":"tag-grand-est","20":"tag-meurthe-et-moselle","21":"tag-nancy","22":"tag-news","23":"tag-region-lorraine","24":"tag-republique-francaise","25":"tag-saint-nicolas"},"share_on_mastodon":{"url":"https:\/\/pubeurope.com\/@fr\/115673145240978265","error":""},"_links":{"self":[{"href":"https:\/\/www.europesays.com\/fr\/wp-json\/wp\/v2\/posts\/582306","targetHints":{"allow":["GET"]}}],"collection":[{"href":"https:\/\/www.europesays.com\/fr\/wp-json\/wp\/v2\/posts"}],"about":[{"href":"https:\/\/www.europesays.com\/fr\/wp-json\/wp\/v2\/types\/post"}],"author":[{"embeddable":true,"href":"https:\/\/www.europesays.com\/fr\/wp-json\/wp\/v2\/users\/2"}],"replies":[{"embeddable":true,"href":"https:\/\/www.europesays.com\/fr\/wp-json\/wp\/v2\/comments?post=582306"}],"version-history":[{"count":0,"href":"https:\/\/www.europesays.com\/fr\/wp-json\/wp\/v2\/posts\/582306\/revisions"}],"wp:featuredmedia":[{"embeddable":true,"href":"https:\/\/www.europesays.com\/fr\/wp-json\/wp\/v2\/media\/582307"}],"wp:attachment":[{"href":"https:\/\/www.europesays.com\/fr\/wp-json\/wp\/v2\/media?parent=582306"}],"wp:term":[{"taxonomy":"category","embeddable":true,"href":"https:\/\/www.europesays.com\/fr\/wp-json\/wp\/v2\/categories?post=582306"},{"taxonomy":"post_tag","embeddable":true,"href":"https:\/\/www.europesays.com\/fr\/wp-json\/wp\/v2\/tags?post=582306"}],"curies":[{"name":"wp","href":"https:\/\/api.w.org\/{rel}","templated":true}]}}