{"id":582312,"date":"2025-12-06T14:44:14","date_gmt":"2025-12-06T14:44:14","guid":{"rendered":"https:\/\/www.europesays.com\/fr\/582312\/"},"modified":"2025-12-06T14:44:14","modified_gmt":"2025-12-06T14:44:14","slug":"direct-black-lions-mhr-montpellier-debute-sa-campagne-europeenne-a-lautre-bout-du-continent-ce-samedi-a-16-h-15","status":"publish","type":"post","link":"https:\/\/www.europesays.com\/fr\/582312\/","title":{"rendered":"DIRECT Black Lions-MHR\u00a0: Montpellier d\u00e9bute sa campagne europ\u00e9enne \u00e0 l\u2019autre bout du continent, ce samedi \u00e0 16\u00a0h\u00a015"},"content":{"rendered":"<p>15h30.H &#8211; 45&prime;<\/p>\n<p class=\"live-post__amorce\">Pour ce d\u00e9placement lointain et in\u00e9dit pour le MHR, Caudullo et son staff ont concoct\u00e9  <a href=\"https:\/\/www.midilibre.fr\/2025\/12\/05\/des-debutants-entoures-par-des-joueurs-dexperience-la-composition-de-lequipe-du-mhr-qui-va-defier-les-blacks-lions-en-georgie-13092717.php\" target=\"_blank\" rel=\"noopener noreferrer nofollow\" class=\"\">une \u00e9quipe mix\u00e9e entre jeunes et anciens<\/a> . Le demi de m\u00eal\u00e9e du centre de formation Baraer sera associ\u00e9 \u00e0 la charni\u00e8re avec l&rsquo;exp\u00e9riment\u00e9 Hogg. Punti, Sissako et Welsch feront leurs d\u00e9buts sous le maillot montpelli\u00e9rain.<\/p>\n<blockquote data-class=\"twitter-tweet\">\n<p lang=\"fr\" dir=\"ltr\">\u029f\u1d00 \u1d04\u1d0f\u1d0d\u1d18\u1d0f \u1d05\u1d07s \u1d04\u026as\u1d1b\u1d07s ?<\/p>\n<p>Le 1er round de l\u2019EPCR Challenge Cup : c\u2019est demain !<br \/>Nos 23 Cistes d\u00e9fient les Black Lion en terre g\u00e9orgienne.<\/p>\n<p>? Samedi 6 d\u00e9cembre<br \/>? 16h15<br \/>? Bein Sports 2<a href=\"https:\/\/twitter.com\/hashtag\/teamMHR?src=hash&amp;ref_src=twsrc%5Etfw\" target=\"_blank\" rel=\"noopener\">#teamMHR<\/a> <a href=\"https:\/\/twitter.com\/hashtag\/cistes?src=hash&amp;ref_src=twsrc%5Etfw\" target=\"_blank\" rel=\"noopener\">#cistes<\/a> <a href=\"https:\/\/twitter.com\/hashtag\/EPCR?src=hash&amp;ref_src=twsrc%5Etfw\" target=\"_blank\" rel=\"noopener\">#EPCR<\/a> <a href=\"https:\/\/t.co\/zUDoDQqFwl\">pic.twitter.com\/zUDoDQqFwl<\/a><\/p>\n<p>\u2014 Montpellier Rugby (@MHR_officiel) <a href=\"https:\/\/twitter.com\/MHR_officiel\/status\/1996917251682062544?ref_src=twsrc%5Etfw\" target=\"_blank\" rel=\"noopener\">December 5, 2025<\/a><\/p><\/blockquote>\n<p>15h15.H &#8211; 60&prime;<\/p>\n<p class=\"live-post__amorce\">Bienvenue dans ce direct de la premi\u00e8re journ\u00e9e de Challenge europ\u00e9en entre les Black Lions et Montpellier. Les autres rencontres de ce groupe 1 sont Z\u00e9bres-Montauban et Ospreys-Connacht.<\/p>\n<p><script async src=\"https:\/\/platform.twitter.com\/widgets.js\" charset=\"utf-8\"><\/script><\/p>\n","protected":false},"excerpt":{"rendered":"15h30.H &#8211; 45&prime; Pour ce d\u00e9placement lointain et in\u00e9dit pour le MHR, Caudullo et son staff ont concoct\u00e9&hellip;\n","protected":false},"author":2,"featured_media":582313,"comment_status":"","ping_status":"","sticky":false,"template":"","format":"standard","meta":{"footnotes":""},"categories":[9599],"tags":[1111,11,1777,674,1011,27,7089,2208,12,2680,25,65087,517],"class_list":{"0":"post-582312","1":"post","2":"type-post","3":"status-publish","4":"format-standard","5":"has-post-thumbnail","7":"category-montpellier","8":"tag-actu","9":"tag-actualites","10":"tag-eu","11":"tag-europe","12":"tag-fr","13":"tag-france","14":"tag-herault","15":"tag-montpellier","16":"tag-news","17":"tag-occitanie","18":"tag-republique-francaise","19":"tag-rugby-xv","20":"tag-sport"},"share_on_mastodon":{"url":"https:\/\/pubeurope.com\/@fr\/115673161011605214","error":""},"_links":{"self":[{"href":"https:\/\/www.europesays.com\/fr\/wp-json\/wp\/v2\/posts\/582312","targetHints":{"allow":["GET"]}}],"collection":[{"href":"https:\/\/www.europesays.com\/fr\/wp-json\/wp\/v2\/posts"}],"about":[{"href":"https:\/\/www.europesays.com\/fr\/wp-json\/wp\/v2\/types\/post"}],"author":[{"embeddable":true,"href":"https:\/\/www.europesays.com\/fr\/wp-json\/wp\/v2\/users\/2"}],"replies":[{"embeddable":true,"href":"https:\/\/www.europesays.com\/fr\/wp-json\/wp\/v2\/comments?post=582312"}],"version-history":[{"count":0,"href":"https:\/\/www.europesays.com\/fr\/wp-json\/wp\/v2\/posts\/582312\/revisions"}],"wp:featuredmedia":[{"embeddable":true,"href":"https:\/\/www.europesays.com\/fr\/wp-json\/wp\/v2\/media\/582313"}],"wp:attachment":[{"href":"https:\/\/www.europesays.com\/fr\/wp-json\/wp\/v2\/media?parent=582312"}],"wp:term":[{"taxonomy":"category","embeddable":true,"href":"https:\/\/www.europesays.com\/fr\/wp-json\/wp\/v2\/categories?post=582312"},{"taxonomy":"post_tag","embeddable":true,"href":"https:\/\/www.europesays.com\/fr\/wp-json\/wp\/v2\/tags?post=582312"}],"curies":[{"name":"wp","href":"https:\/\/api.w.org\/{rel}","templated":true}]}}