{"id":582319,"date":"2025-12-06T14:49:11","date_gmt":"2025-12-06T14:49:11","guid":{"rendered":"https:\/\/www.europesays.com\/fr\/582319\/"},"modified":"2025-12-06T14:49:11","modified_gmt":"2025-12-06T14:49:11","slug":"une-bibliotheque-provisoire-relancee-apres-lincendie-du-village-olympique-de-grenoble","status":"publish","type":"post","link":"https:\/\/www.europesays.com\/fr\/582319\/","title":{"rendered":"Une biblioth\u00e8que provisoire relanc\u00e9e apr\u00e8s l\u2019incendie du Village Olympique de Grenoble"},"content":{"rendered":"<p>Priv\u00e9 de sa biblioth\u00e8que flambant neuve et de ses \u00e9quipements sportifs depuis l\u2019incendie provoqu\u00e9 par une voiture-b\u00e9lier, le quartier du Village Olympique retrouve progressivement des services essentiels. En attendant une co\u00fbteuse reconstruction, la municipalit\u00e9 a opt\u00e9 pour des solutions temporaires.<\/p>\n<p>Un nouvel espace de lecture ouvre ainsi ses portes au 78 rue Anatole-France. D\u2019une surface de 175 m2, cette biblioth\u00e8que provisoire propose plus de 16 000 ouvrages. Une partie des collections et du mobilier a pu \u00eatre r\u00e9cup\u00e9r\u00e9e du b\u00e2timent incendi\u00e9.<\/p>\n<p>L\u2019accueil du public d\u00e9butera ce mardi. Le projet a n\u00e9cessit\u00e9 300 000 euros, financ\u00e9s conjointement par la Ville, Grenoble Habitat et l\u2019\u00c9tat.<\/p>\n<p>Un dojo provisoire de 72 m2 a \u00e9t\u00e9 am\u00e9nag\u00e9 avenue Rhin-et-Danube et ouvrira le 23 f\u00e9vrier 2026 pour les associations et activit\u00e9s scolaires, apr\u00e8s un investissement de 250 000 euros.<\/p>\n<p>La reconstruction du site sinistr\u00e9 est en phase d\u2019\u00e9tude et devrait durer entre trois et quatre ans, ce qui a conduit la collectivit\u00e9 \u00e0 mettre en place des \u00e9quipements temporaires pour maintenir l\u2019offre culturelle et sportive dans le quartier.<\/p>\n","protected":false},"excerpt":{"rendered":"Priv\u00e9 de sa biblioth\u00e8que flambant neuve et de ses \u00e9quipements sportifs depuis l\u2019incendie provoqu\u00e9 par une voiture-b\u00e9lier, le&hellip;\n","protected":false},"author":2,"featured_media":582320,"comment_status":"","ping_status":"","sticky":false,"template":"","format":"standard","meta":{"footnotes":""},"categories":[9566],"tags":[1111,11,2813,2430,1109,251,1112,2811,1777,674,118,1011,27,21780,2731,14004,1922,1110,1114,108,12,316,25,2812,517,800],"class_list":{"0":"post-582319","1":"post","2":"type-post","3":"status-publish","4":"format-standard","5":"has-post-thumbnail","7":"category-grenoble","8":"tag-actu","9":"tag-actualites","10":"tag-article","11":"tag-auvergne-rhone-alpes","12":"tag-breves","13":"tag-culture","14":"tag-depeches","15":"tag-economique","16":"tag-eu","17":"tag-europe","18":"tag-faits-divers","19":"tag-fr","20":"tag-france","21":"tag-gf38","22":"tag-grenoble","23":"tag-grenoblemag","24":"tag-info","25":"tag-informations","26":"tag-infos","27":"tag-isere","28":"tag-news","29":"tag-politique","30":"tag-republique-francaise","31":"tag-sociale","32":"tag-sport","33":"tag-transports"},"share_on_mastodon":{"url":"https:\/\/pubeurope.com\/@fr\/115673181326793057","error":""},"_links":{"self":[{"href":"https:\/\/www.europesays.com\/fr\/wp-json\/wp\/v2\/posts\/582319","targetHints":{"allow":["GET"]}}],"collection":[{"href":"https:\/\/www.europesays.com\/fr\/wp-json\/wp\/v2\/posts"}],"about":[{"href":"https:\/\/www.europesays.com\/fr\/wp-json\/wp\/v2\/types\/post"}],"author":[{"embeddable":true,"href":"https:\/\/www.europesays.com\/fr\/wp-json\/wp\/v2\/users\/2"}],"replies":[{"embeddable":true,"href":"https:\/\/www.europesays.com\/fr\/wp-json\/wp\/v2\/comments?post=582319"}],"version-history":[{"count":0,"href":"https:\/\/www.europesays.com\/fr\/wp-json\/wp\/v2\/posts\/582319\/revisions"}],"wp:featuredmedia":[{"embeddable":true,"href":"https:\/\/www.europesays.com\/fr\/wp-json\/wp\/v2\/media\/582320"}],"wp:attachment":[{"href":"https:\/\/www.europesays.com\/fr\/wp-json\/wp\/v2\/media?parent=582319"}],"wp:term":[{"taxonomy":"category","embeddable":true,"href":"https:\/\/www.europesays.com\/fr\/wp-json\/wp\/v2\/categories?post=582319"},{"taxonomy":"post_tag","embeddable":true,"href":"https:\/\/www.europesays.com\/fr\/wp-json\/wp\/v2\/tags?post=582319"}],"curies":[{"name":"wp","href":"https:\/\/api.w.org\/{rel}","templated":true}]}}