{"id":582322,"date":"2025-12-06T14:51:15","date_gmt":"2025-12-06T14:51:15","guid":{"rendered":"https:\/\/www.europesays.com\/fr\/582322\/"},"modified":"2025-12-06T14:51:15","modified_gmt":"2025-12-06T14:51:15","slug":"rennes-chevalier-et-zabarnyi-forfaits-safonov-devrait-demarrer-dans-les-buts","status":"publish","type":"post","link":"https:\/\/www.europesays.com\/fr\/582322\/","title":{"rendered":"Rennes\u00a0: Chevalier et Zabarnyi forfaits, Safonov devrait d\u00e9marrer dans les buts"},"content":{"rendered":"<p>L\u2019infirmerie du Paris Saint-Germain sera d\u00e9sesp\u00e9r\u00e9ment remplie \u00e0 l\u2019occasion de la r\u00e9ception du Stade rennais en Ligue, ce samedi soir au Parc des Princes. En plus de Lucas Chevalier, <a href=\"https:\/\/www.20minutes.fr\/sport\/football\/ligue-1\/4188744-20251129-monaco-psg-carriere-pu-prendre-autre-tournant-chevalier-revient-violent-tacle-camara\" class=\"c-link c-link--is-underlined\" target=\"_blank\" rel=\"noopener\">dont la cheville a \u00e9t\u00e9 broy\u00e9e par Camara<\/a> contre l\u2019AS Monaco, Ilia Zabarnyi, tomb\u00e9 malade, est venu s\u2019ajouter \u00e0 la longue liste d\u2019absents comme Dou\u00e9, Mendes, Hakimi et Beraldo. En cas de nouvelle blessure dans sa ligne d\u00e9fensive contre Rennes, Luis Enrique serait bien emb\u00eat\u00e9 au vu du manque de solutions sur le banc de touche.<\/p>\n<p>Zabarnyi et Safonov toujours pas associ\u00e9s dans le onze du PSG<\/p>\n<p>L\u2019absence du d\u00e9fenseur ukrainien co\u00efncide avec la probable titularisation du gardien russe Matvey Safonov dans les buts du PSG. Les deux hommes n\u2019ont encore jamais \u00e9t\u00e9 associ\u00e9s dans le m\u00eame onze depuis <a href=\"https:\/\/www.20minutes.fr\/sport\/football\/4167640-20250812-psg-illia-zabarnyi-engage-paris-saint-germain-cinq-ans\" class=\"c-link c-link--is-underlined\" target=\"_blank\" rel=\"noopener\">l\u2019arriv\u00e9e du d\u00e9fenseur au mercato estival<\/a>. Ilia Zabarnyi a une position tr\u00e8s claire contre la Russie, <a href=\"https:\/\/x.com\/FootbalUA_\/status\/1962212045400481861\" rel=\"nofollow\" target=\"_blank\" class=\"c-link c-link--is-underlined\">mais avait d\u00e9clar\u00e9 \u00e0 UPL TV<\/a> devoir \u00ab\u00a0interagir avec lui [Safonov] pour le travail lors des s\u00e9ances d\u2019entra\u00eenement\u00a0\u00bb, pr\u00e9cisant \u00e9galement qu\u2019il \u00ab\u00a0remplirait [ses] obligations envers le club\u00a0\u00bb.<\/p>\n<\/p>\n<p>Le PSG occupe la deuxi\u00e8me place de Ligue 1 avant le match de samedi soir contre le Stade Rennais, et ne r\u00e9cup\u00e9rera la premi\u00e8re place qu\u2019en cas de faux pas du leader, le RC Lens, oppos\u00e9 \u00e0 Nantes cet apr\u00e8s-midi..<\/p>\n","protected":false},"excerpt":{"rendered":"L\u2019infirmerie du Paris Saint-Germain sera d\u00e9sesp\u00e9r\u00e9ment remplie \u00e0 l\u2019occasion de la r\u00e9ception du Stade rennais en Ligue, ce&hellip;\n","protected":false},"author":2,"featured_media":582323,"comment_status":"","ping_status":"","sticky":false,"template":"","format":"standard","meta":{"footnotes":""},"categories":[2821],"tags":[1111,11,829,1777,674,63,1011,27,66,12,2332,584,25,517,3087],"class_list":{"0":"post-582322","1":"post","2":"type-post","3":"status-publish","4":"format-standard","5":"has-post-thumbnail","7":"category-rennes","8":"tag-actu","9":"tag-actualites","10":"tag-bretagne","11":"tag-eu","12":"tag-europe","13":"tag-football","14":"tag-fr","15":"tag-france","16":"tag-ligue-1","17":"tag-news","18":"tag-paris-saint-germain-psg","19":"tag-rennes","20":"tag-republique-francaise","21":"tag-sport","22":"tag-stade-rennais"},"share_on_mastodon":{"url":"https:\/\/pubeurope.com\/@fr\/115673189472255571","error":""},"_links":{"self":[{"href":"https:\/\/www.europesays.com\/fr\/wp-json\/wp\/v2\/posts\/582322","targetHints":{"allow":["GET"]}}],"collection":[{"href":"https:\/\/www.europesays.com\/fr\/wp-json\/wp\/v2\/posts"}],"about":[{"href":"https:\/\/www.europesays.com\/fr\/wp-json\/wp\/v2\/types\/post"}],"author":[{"embeddable":true,"href":"https:\/\/www.europesays.com\/fr\/wp-json\/wp\/v2\/users\/2"}],"replies":[{"embeddable":true,"href":"https:\/\/www.europesays.com\/fr\/wp-json\/wp\/v2\/comments?post=582322"}],"version-history":[{"count":0,"href":"https:\/\/www.europesays.com\/fr\/wp-json\/wp\/v2\/posts\/582322\/revisions"}],"wp:featuredmedia":[{"embeddable":true,"href":"https:\/\/www.europesays.com\/fr\/wp-json\/wp\/v2\/media\/582323"}],"wp:attachment":[{"href":"https:\/\/www.europesays.com\/fr\/wp-json\/wp\/v2\/media?parent=582322"}],"wp:term":[{"taxonomy":"category","embeddable":true,"href":"https:\/\/www.europesays.com\/fr\/wp-json\/wp\/v2\/categories?post=582322"},{"taxonomy":"post_tag","embeddable":true,"href":"https:\/\/www.europesays.com\/fr\/wp-json\/wp\/v2\/tags?post=582322"}],"curies":[{"name":"wp","href":"https:\/\/api.w.org\/{rel}","templated":true}]}}