{"id":582324,"date":"2025-12-06T14:52:41","date_gmt":"2025-12-06T14:52:41","guid":{"rendered":"https:\/\/www.europesays.com\/fr\/582324\/"},"modified":"2025-12-06T14:52:41","modified_gmt":"2025-12-06T14:52:41","slug":"la-justice-refuse-de-lever-linterdiction-de-vendre-de-lalcool","status":"publish","type":"post","link":"https:\/\/www.europesays.com\/fr\/582324\/","title":{"rendered":"la justice refuse de lever l\u2019interdiction de vendre de l&rsquo;alcool"},"content":{"rendered":"<p>                    Par<br \/>\n        <strong><br \/>\n            <a href=\"https:\/\/actu.fr\/auteur\/ivan-capecchi\" title=\"Consulter tous les articles de Ivan CAPECCHI\" target=\"_blank\" rel=\"noopener\">Ivan CAPECCHI<\/a><br \/>\n                    <\/strong><\/p>\n<p>        Publi\u00e9 le<\/p>\n<p>            5 d\u00e9c. 2025 \u00e0 14h35<br \/>\n        ; mis \u00e0 jour le 5 d\u00e9c. 2025 \u00e0 14h39    <\/p>\n<p>Dans une <a href=\"https:\/\/strasbourg.tribunal-administratif.fr\/qui-sommes-nous\/vie-du-tribunal\/communique-de-presse-du-05-decembre-2025-supermarche-u-express-a-strasbourg-le-tribunal-rejette-le-recours-contre-l-arrete-prefectoral-lui\" target=\"_blank\" rel=\"noopener\">d\u00e9cision rendue publique ce vendredi<\/a>, le tribunal administratif de Strasbourg a rejet\u00e9 le <a href=\"https:\/\/actu.fr\/grand-est\/strasbourg_67482\/strasbourg-vente-d-alcool-interdite-au-u-express-grand-rue-abasourdi-le-gerant-saisit-la-justice_63511842.html\" target=\"_blank\" rel=\"noopener\">recours du U express Grand\u2019Rue<\/a> contre <a href=\"https:\/\/actu.fr\/grand-est\/strasbourg_67482\/strasbourg-la-prefecture-interdit-la-vente-d-alcool-dans-ce-magasin-les-clients-sont-en-colere-une-honte_63497176.html\" target=\"_blank\" rel=\"noopener\">l\u2019arr\u00eat\u00e9 pr\u00e9fectoral lui interdisant de vendre de l\u2019alcool<\/a>.<\/p>\n<p>Pas d\u2019urgence grave, selon le tribunal<\/p>\n<p class=\" wall-content\">Saisi en \u00ab\u00a0r\u00e9f\u00e9r\u00e9-libert\u00e9\u00a0\u00bb, le juge devait v\u00e9rifier l\u2019existence d\u2019une <strong>urgence grave<\/strong>.<\/p>\n<p class=\" wall-content\">Or, l\u2019enseigne, qui subit une baisse d\u2019environ 10 % de son chiffre d\u2019affaires depuis l\u2019interdiction,<strong> n\u2019a pas d\u00e9montr\u00e9 que cette perte compromettait sa viabilit\u00e9 financi\u00e8re<\/strong>, selon le tribunal. Faute d\u2019urgence, ce dernier n\u2019a \u00ab\u00a0pas statu\u00e9 sur le fond de l\u2019affaire et pris position sur la l\u00e9galit\u00e9 de l\u2019arr\u00eat\u00e9 pr\u00e9fectoral\u00a0\u00bb.<\/p>\n<p class=\" wall-content\">Un <strong>appel<\/strong> peut \u00eatre form\u00e9 devant le Conseil d\u2019Etat dans un d\u00e9lai de quinze jours. Contact\u00e9 par nos soins, Me Rapha\u00ebl Nisand, qui a d\u00e9fendu David Allard, le g\u00e9rant du magasin, indique qu\u2019il <strong>ne compte pas faire appel<\/strong>.<\/p>\n<p>Le volet p\u00e9nal de l\u2019affaire encore en cours<\/p>\n<p class=\" wall-content\">Le volet p\u00e9nal de l\u2019affaire du U Express Grand\u2019Rue s\u2019est tenu jeudi au <strong>tribunal de police de Strasbourg<\/strong>.<\/p>\n<p class=\" wall-content\">Ce dernier a requis une peine de <strong>500 euros d\u2019amende<\/strong> et le <strong>d\u00e9lib\u00e9r\u00e9<\/strong> doit \u00eatre rendu <strong>le 18 d\u00e9cembre prochain<\/strong>. \u00ab\u00a0Il n\u2019y aura pas de d\u00e9cision prise de notre c\u00f4t\u00e9 avant cette date\u00a0\u00bb, indique Me Nisand.<\/p>\n<p>La vente d\u2019une canette de bi\u00e8re au c\u0153ur du litige<\/p>\n<p class=\" wall-content\">Pour rappel, il est reproch\u00e9 au magasin d\u2019avoir, le 26 f\u00e9vrier 2025, <strong>vendu une canette de bi\u00e8re \u00e0 une femme en \u00e9tat d\u2019\u00e9bri\u00e9t\u00e9<\/strong>.<\/p>\n<p>Votre r\u00e9gion, votre actu !<\/p>\n<p>Recevez chaque jour les infos qui comptent pour vous.<\/p>\n<p>\t<a href=\"https:\/\/actu.fr\/newsletter\" class=\"ac-btn ac-btn--corner ac-btn--medium ac-btn--blue800\" target=\"_blank\" rel=\"noopener\">S&rsquo;incrire<\/a><\/p>\n<p class=\" wall-content\">Le g\u00e9rant, David Allard, affirme que <strong>son magasin respecte la loi<\/strong>, que<strong> ses \u00e9quipes sont form\u00e9es<\/strong> et qu\u2019il est <strong>difficile d\u2019\u00e9valuer l\u2019\u00e9tat d\u2019\u00e9bri\u00e9t\u00e9 d\u2019un client en quelques secondes<\/strong> ; il juge la <strong>sanction injuste<\/strong> et rappelle les <strong>moyens importants d\u00e9j\u00e0 engag\u00e9s pour la s\u00e9curit\u00e9<\/strong>.<\/p>\n<p class=\" wall-content\">De leur c\u00f4t\u00e9, les policiers et la pr\u00e9fecture estiment que <strong>la cliente \u00e9tait clairement ivre<\/strong> et d\u00e9fendent une <strong>application stricte de la r\u00e9glementation<\/strong>. Il revient au g\u00e9rant de prouver qu\u2019il peut <strong>emp\u00eacher la r\u00e9p\u00e9tition de tels faits<\/strong>.<\/p>\n<p class=\" wall-content\">Personnalisez votre actualit\u00e9 en ajoutant vos villes et m\u00e9dias en favori avec <a href=\"https:\/\/moncompte.actu.fr\" title=\"D\u00e9couvez Mon Actu\" rel=\"nofollow noopener\" data-trk=\"{&quot;cta&quot;:{&quot;action&quot;:&quot;https:\\\/\\\/moncompte.actu.fr&quot;,&quot;category&quot;:&quot;mon compte&quot;,&quot;from&quot;:&quot;article footer&quot;,&quot;name&quot;:&quot;Mon actu&quot;,&quot;type&quot;:&quot;cta&quot;}}\" target=\"_blank\">Mon Actu<\/a>.<\/p>\n","protected":false},"excerpt":{"rendered":"Par Ivan CAPECCHI Publi\u00e9 le 5 d\u00e9c. 2025 \u00e0 14h35 ; mis \u00e0 jour le 5 d\u00e9c. 2025&hellip;\n","protected":false},"author":2,"featured_media":582325,"comment_status":"","ping_status":"","sticky":false,"template":"","format":"standard","meta":{"footnotes":""},"categories":[2820],"tags":[1111,11,5702,1777,674,118,1011,27,775,303,12,25,640],"class_list":{"0":"post-582324","1":"post","2":"type-post","3":"status-publish","4":"format-standard","5":"has-post-thumbnail","7":"category-strasbourg","8":"tag-actu","9":"tag-actualites","10":"tag-alcool","11":"tag-eu","12":"tag-europe","13":"tag-faits-divers","14":"tag-fr","15":"tag-france","16":"tag-grand-est","17":"tag-justice","18":"tag-news","19":"tag-republique-francaise","20":"tag-strasbourg"},"share_on_mastodon":{"url":"https:\/\/pubeurope.com\/@fr\/115673192402331869","error":""},"_links":{"self":[{"href":"https:\/\/www.europesays.com\/fr\/wp-json\/wp\/v2\/posts\/582324","targetHints":{"allow":["GET"]}}],"collection":[{"href":"https:\/\/www.europesays.com\/fr\/wp-json\/wp\/v2\/posts"}],"about":[{"href":"https:\/\/www.europesays.com\/fr\/wp-json\/wp\/v2\/types\/post"}],"author":[{"embeddable":true,"href":"https:\/\/www.europesays.com\/fr\/wp-json\/wp\/v2\/users\/2"}],"replies":[{"embeddable":true,"href":"https:\/\/www.europesays.com\/fr\/wp-json\/wp\/v2\/comments?post=582324"}],"version-history":[{"count":0,"href":"https:\/\/www.europesays.com\/fr\/wp-json\/wp\/v2\/posts\/582324\/revisions"}],"wp:featuredmedia":[{"embeddable":true,"href":"https:\/\/www.europesays.com\/fr\/wp-json\/wp\/v2\/media\/582325"}],"wp:attachment":[{"href":"https:\/\/www.europesays.com\/fr\/wp-json\/wp\/v2\/media?parent=582324"}],"wp:term":[{"taxonomy":"category","embeddable":true,"href":"https:\/\/www.europesays.com\/fr\/wp-json\/wp\/v2\/categories?post=582324"},{"taxonomy":"post_tag","embeddable":true,"href":"https:\/\/www.europesays.com\/fr\/wp-json\/wp\/v2\/tags?post=582324"}],"curies":[{"name":"wp","href":"https:\/\/api.w.org\/{rel}","templated":true}]}}