{"id":582326,"date":"2025-12-06T14:54:47","date_gmt":"2025-12-06T14:54:47","guid":{"rendered":"https:\/\/www.europesays.com\/fr\/582326\/"},"modified":"2025-12-06T14:54:47","modified_gmt":"2025-12-06T14:54:47","slug":"l1-j15-tout-savoir-sur-toulouse-strasbourg-sports","status":"publish","type":"post","link":"https:\/\/www.europesays.com\/fr\/582326\/","title":{"rendered":"L1 (J15) : Tout savoir sur Toulouse &#8211; Strasbourg : Sports"},"content":{"rendered":"<p class=\"date\">\n                                                            R\u00e9daction Media365, publi\u00e9 le samedi 06 d\u00e9cembre 2025 \u00e0 09h15\n                                                    <\/p>\n<p>Toulouse re\u00e7oit Strasbourg samedi (19h) dans le cadre de la 15e journ\u00e9e de Ligue 1. Voici tout ce qu&rsquo;il faut savoir sur cette rencontre.<\/p>\n<p>Toulouse attend une victoire depuis de longues semaines mais reste sur un match nul encourageant arrach\u00e9 dans les derni\u00e8res minutes contre l&rsquo;OM. Strasbourg, de son c\u00f4t\u00e9, reste sur deux d\u00e9faites de rang qui l&rsquo;ont fait sortir des places europ\u00e9ennes. Le Racing fera sans Emmanuel Emegha, suspendu par son club apr\u00e8s des r\u00e9centes sorties m\u00e9diatiques peu appr\u00e9ci\u00e9es.<\/p>\n<p>Les stats \u00e0 conna\u00eetre (avec Opta)<\/p>\n<p>Toulouse n&rsquo;a remport\u00e9 qu&rsquo;un seul de ses 15 derniers matches contre Strasbourg en Ligue 1 (4N 10D), c&rsquo;\u00e9tait en janvier 2023 (2-1).\u00a0<\/p>\n<p>Toulouse n&rsquo;a remport\u00e9 aucune de ses huit derni\u00e8res r\u00e9ceptions de Strasbourg en Ligue 1 (3N 5D), n&rsquo;\u00e9tant actuellement sur une plus longue disette \u00e0 domicile que contre Marseille (16 &#8211; 8 aussi v Lyon).\u00a0<\/p>\n<p>Toulouse reste sur six matches sans victoire en Ligue 1 (4N 2D), et ce pour la troisi\u00e8me fois de l&rsquo;ann\u00e9e (6 en janvier-f\u00e9vrier, 7 en mars-avril, 6 depuis le 25 octobre), alors que \u00e7a n&rsquo;\u00e9tait jamais arriv\u00e9 au TFC en 2024.\u00a0<\/p>\n<p>Battu lors de ses deux derniers matches de Ligue 1, Strasbourg n&rsquo;a plus subi trois revers de rang en L1 depuis novembre 2024 (4).\u00a0<\/p>\n<p>Toulouse n&rsquo;a marqu\u00e9 lors d&rsquo;aucun de ses deux derniers matches de Ligue 1 \u00e0 domicile (0-0 v Le Havre, 0-1 v Angers) mais n&rsquo;a plus enregistr\u00e9 trois r\u00e9ceptions de rang sans but dans l&rsquo;\u00e9lite depuis ses trois derni\u00e8res de la saison 2019\/20, avant de descendre en Ligue 2.\u00a0<\/p>\n<p>Strasbourg a perdu chacun de ses trois derniers d\u00e9placements en Ligue 1, soit autant de revers que lors de ses 13 pr\u00e9c\u00e9dents (7V 3N). Le RCSA reste par ailleurs sur six matches \u00e0 l&rsquo;ext\u00e9rieur sans clean sheet dans l&rsquo;\u00e9lite, apr\u00e8s en avoir gard\u00e9 six lors des sept pr\u00e9c\u00e9dents.\u00a0<\/p>\n<p><strong\/>Strasbourg a perdu 11 points apr\u00e8s avoir men\u00e9 au score en Ligue 1 2025\/26 (dont 3 lors du dernier match contre Brest), plus que toute autre \u00e9quipe. Seul Marseille (8) en a empoch\u00e9 plus apr\u00e8s avoir \u00e9t\u00e9 men\u00e9 que Toulouse (7).\u00a0<\/p>\n","protected":false},"excerpt":{"rendered":"R\u00e9daction Media365, publi\u00e9 le samedi 06 d\u00e9cembre 2025 \u00e0 09h15 Toulouse re\u00e7oit Strasbourg samedi (19h) dans le cadre&hellip;\n","protected":false},"author":2,"featured_media":582327,"comment_status":"","ping_status":"","sticky":false,"template":"","format":"standard","meta":{"footnotes":""},"categories":[2820],"tags":[1111,11,1777,674,1011,27,775,12,25,640],"class_list":{"0":"post-582326","1":"post","2":"type-post","3":"status-publish","4":"format-standard","5":"has-post-thumbnail","7":"category-strasbourg","8":"tag-actu","9":"tag-actualites","10":"tag-eu","11":"tag-europe","12":"tag-fr","13":"tag-france","14":"tag-grand-est","15":"tag-news","16":"tag-republique-francaise","17":"tag-strasbourg"},"share_on_mastodon":{"url":"https:\/\/pubeurope.com\/@fr\/115673204166972610","error":""},"_links":{"self":[{"href":"https:\/\/www.europesays.com\/fr\/wp-json\/wp\/v2\/posts\/582326","targetHints":{"allow":["GET"]}}],"collection":[{"href":"https:\/\/www.europesays.com\/fr\/wp-json\/wp\/v2\/posts"}],"about":[{"href":"https:\/\/www.europesays.com\/fr\/wp-json\/wp\/v2\/types\/post"}],"author":[{"embeddable":true,"href":"https:\/\/www.europesays.com\/fr\/wp-json\/wp\/v2\/users\/2"}],"replies":[{"embeddable":true,"href":"https:\/\/www.europesays.com\/fr\/wp-json\/wp\/v2\/comments?post=582326"}],"version-history":[{"count":0,"href":"https:\/\/www.europesays.com\/fr\/wp-json\/wp\/v2\/posts\/582326\/revisions"}],"wp:featuredmedia":[{"embeddable":true,"href":"https:\/\/www.europesays.com\/fr\/wp-json\/wp\/v2\/media\/582327"}],"wp:attachment":[{"href":"https:\/\/www.europesays.com\/fr\/wp-json\/wp\/v2\/media?parent=582326"}],"wp:term":[{"taxonomy":"category","embeddable":true,"href":"https:\/\/www.europesays.com\/fr\/wp-json\/wp\/v2\/categories?post=582326"},{"taxonomy":"post_tag","embeddable":true,"href":"https:\/\/www.europesays.com\/fr\/wp-json\/wp\/v2\/tags?post=582326"}],"curies":[{"name":"wp","href":"https:\/\/api.w.org\/{rel}","templated":true}]}}