{"id":582328,"date":"2025-12-06T14:56:28","date_gmt":"2025-12-06T14:56:28","guid":{"rendered":"https:\/\/www.europesays.com\/fr\/582328\/"},"modified":"2025-12-06T14:56:28","modified_gmt":"2025-12-06T14:56:28","slug":"greenbull-media-le-facilitateur-des-createurs","status":"publish","type":"post","link":"https:\/\/www.europesays.com\/fr\/582328\/","title":{"rendered":"Greenbull Media, le facilitateur des cr\u00e9ateurs"},"content":{"rendered":"<p>                    <img loading=\"lazy\" decoding=\"async\" src=\"https:\/\/www.europesays.com\/fr\/wp-content\/uploads\/2025\/12\/f849a207b07b8b11be95e2cc1783dd.jpg\" class=\"img-responsive post-image\" width=\"680\" height=\"510\" alt=\"Greenbull Media, le (\u2026)\" title=\"Greenbull Media, le facilitateur des cr\u00e9ateurs\"\/><\/p>\n<p class=\"chapo\">Bas\u00e9 \u00e0 Nice, le groupe propose une offre \u00e0 360\u00b0 pour accompagner les cr\u00e9ateurs, les entreprises et les institutions dans leur communication sur internet et sur les r\u00e9seaux sociaux.<\/p>\n<blockquote class=\"texte\">\n<p>\u00ab\u00a0\u00a0Nous partons du principe qu\u2019aujourd\u2019hui une entreprise doit \u00eatre son propre m\u00e9dia\u00a0\u00a0\u00bb, r\u00e9sume <strong>Axel Hutin<\/strong>, co-fondateur et pr\u00e9sident de Greenbull Media, compos\u00e9 de la soci\u00e9t\u00e9 \u00e9ponyme (la bo\u00eete de production), de Brainlab (l\u2019agence marketing) et de Recordia (les studios d\u2019enregistrement premiums).<\/p>\n<\/blockquote>\n<p>\t\t<img loading=\"lazy\" decoding=\"async\" src=\"https:\/\/www.europesays.com\/fr\/wp-content\/uploads\/2025\/12\/article_rectangle_-_copie_3.png\" width=\"413\" height=\"509\" alt=\"\"\/><\/p>\n<p>Axel Hutin \u00a9SG\n<\/p>\n<p>\u00ab\u00a0Aujourd\u2019hui, la cr\u00e9ation de contenus pour les entreprises est primordiale\u00a0\u00bb, assure Axel Hutin, qui estime qu\u2019il manquait sur la C\u00f4te d\u2019Azur d\u2019\u00ab\u00a0\u00a0un acteur capable de structurer l\u2019\u00e9cosyst\u00e8me de la \u2018creator economy\u2019 (\u00e9conomie des cr\u00e9ateurs) en ma\u00eetrisant toute la cha\u00eene de valeur\u00a0: une agence pour la strat\u00e9gie, des studios pour produire et une bo\u00eete de production pour diffuser, incarner et mon\u00e9tiser\u00a0\u00bb. <br class=\"autobr\"\/><br \/>\nTout l\u2019enjeu pour l\u2019entrepreneur ni\u00e7ois et pour ses \u00e9quipes a \u00e9t\u00e9 d\u2019arriver \u00e0 un concept accessible et simple mais avec un rendu professionnel irr\u00e9prochable.\u00a0Recordia n\u2019a ainsi pas l\u00e9sin\u00e9 sur la qualit\u00e9 du mat\u00e9riel pour la captation des podcasts et vid\u00e9os avec notamment des micros tr\u00e8s performants et des cam\u00e9ras \u00e0 la qualit\u00e9 cin\u00e9matographique.<\/p>\n<p>\u00ab\u00a0Magie\u00a0\u00bb<\/p>\n<p>L\u2019accompagnement dans les quatre studios, tous \u00e9l\u00e9gants, parfaitement \u00e9quip\u00e9s et personnalisables, comprend aussi du coaching pour la prise de parole. <br class=\"autobr\"\/><br \/>\nLe but est de \u00ab\u00a0\u00a0fournir une exp\u00e9rience cl\u00e9s en main avec du contenu pr\u00eat \u00e0 diffuser. Les entreprises s\u2019y retrouvent, en temps et en argent, affirme Axel Hutin . Car apr\u00e8s une heure d\u2019enregistrement, on peut repartir avec 15 vid\u00e9os, soit l\u2019\u00e9quivalent d\u2019un mois de contenu.\u00a0\u00bb <br class=\"autobr\"\/><br \/>\nLe chiffre\u00a0d\u2019affaires de <strong>Recordia<\/strong> vient \u00e0 70\u00a0% des entreprises et \u00e0 30\u00a0% des cr\u00e9ateurs. \u00ab\u00a0Il y a \u00e9norm\u00e9ment de CEO qui viennent tourner chez Recordia\u00a0\u00a0\u00bb, confirme Axel Hutin, pour qui \u00ab\u00a0\u00a0toutes les entreprises sont convaincues de devoir faire du contenu mais elles ne savent pas comment le faire. Et elles comprennent quand elles viennent dans les studios car elles se projettent. Et ensuite nous apportons notre \u00ab\u00a0magie\u00a0\u00bb, notre expertise pour les guider\u00a0\u00bb. <br class=\"autobr\"\/><br \/>\nAxel Hutin conna\u00eet bien l\u2019\u00e9cosyst\u00e8me parisien et rel\u00e8ve qu\u2019\u00e0 Paris, \u00ab\u00a0toutes les entreprises sont d\u00e9j\u00e0 tr\u00e8s \u00e9duqu\u00e9es avec d\u00e9j\u00e0 des offres de podcasts. Ici dans le Sud, il y a un gros travail \u00e0 faire pour acculturer les entreprises, et m\u00eame les institutions. Il faut leur expliquer comment faire\u00a0\u00a0\u00bb. Comme ses deux associ\u00e9s chez Recordia, <strong>Yanis Rabehi<\/strong> et <strong>Roch Du Boys<\/strong>, Axel Hutin pense et agit vite.<\/p>\n<p>Recordia,\u00a0lanc\u00e9e en mars dernier, compte d\u00e9j\u00e0 quelque 250 clients, plus de 1 000 heures de tournages et des millions de vues chaque mois.<\/p>\n<p><a href=\"https:\/\/www.greenbull-media.com\" class=\"spip_out spip_doc_lien\" target=\"_blank\" rel=\"noopener\"><\/p>\n<p>\t\t<img loading=\"lazy\" decoding=\"async\" src=\"https:\/\/www.europesays.com\/fr\/wp-content\/uploads\/2025\/12\/img_3584.jpg\" width=\"1024\" height=\"768\" alt=\"\"\/><\/a><\/p>\n<p>\u00a9SG<\/p>\n<p>100 000 abonn\u00e9s en quelques jours<\/p>\n<p>Cette croissance fulgurante s\u2019applique \u00e9galement aux cha\u00eenes YouTube \u00ab\u00a0propri\u00e9taires\u00a0\u00bb de Greenbull Media, lanc\u00e9es en juin. C\u2019est surtout le cas pour Jab Life, \u00ab\u00a0m\u00e9dia du MMA, de la boxe et de la culture combat\u00a0\u00bb anim\u00e9 par <strong>Alexandre Herbinet<\/strong>, ancien animateur du RMC Fighter Club, et qui a cumul\u00e9 huit millions de vues en octobre (YouTube et r\u00e9seaux sociaux cumul\u00e9s). S\u2019ajoutent \u00e0 cette cha\u00eene phare Les D\u00e9couvreurs, Le Sud en Vrai, Biceps &amp; Brocolis, ainsi que les cha\u00eenes d\u2019<strong>Agathe Auproux<\/strong> et de <strong>Don Pierre Albertini<\/strong>. <br class=\"autobr\"\/><br \/>\nGreenbull Media, jamais \u00e0 court d\u2019id\u00e9es \u00e0 l\u2019image de son CEO, se lance \u00e9galement dans la r\u00e9alisation et la production d\u2019\u00e9missions, comme tr\u00e8s r\u00e9cemment avec Business ou Talent (\u00ab\u00a0Entre une bonne id\u00e9e et un vrai business, il y a une diff\u00e9rence cl\u00e9\u00a0: un vrai march\u00e9 avec des clients qui paient\u00a0\u00a0\u00bb, dixit Axel Hutin). Le premier \u00e9pisode a \u00e9t\u00e9 diffus\u00e9 le 23 novembre et la cha\u00eene compte d\u00e9j\u00e0 100 000 abonn\u00e9s. <br class=\"autobr\"\/><br \/>\nGr\u00e2ce \u00e0 ses succ\u00e8s d\u2019audience, le groupe azur\u00e9en peut se vanter de jouer dans la cour des grands. Autre preuve de ce nouveau statut\u00a0: dans quelques jours, les 9 et 10 d\u00e9cembre, il sera pr\u00e9sent, en tant que partenaire, \u00e0 la Paris Creator Week, l\u2019\u00e9v\u00e9nement majeur de la \u00ab\u00a0creator economy\u00a0\u00bb en Europe. Avec en prime un Axel Hutin speaker lors d\u2019une table ronde. <a href=\"https:\/\/www.greenbull-media.com\" class=\"spip_out\" rel=\"external noopener\" target=\"_blank\">Le \u00ab\u00a0taureau vert\u00a0\u00bb n\u2019a pas fini de faire parler de lui.<\/a><\/p>\n<p>Photo de Une\u00a0: Yanis Rabehi, Axel Hutin et Roch Du Boys. \u00a9SG<\/p>\n","protected":false},"excerpt":{"rendered":"Bas\u00e9 \u00e0 Nice, le groupe propose une offre \u00e0 360\u00b0 pour accompagner les cr\u00e9ateurs, les entreprises et les&hellip;\n","protected":false},"author":2,"featured_media":582329,"comment_status":"","ping_status":"","sticky":false,"template":"","format":"standard","meta":{"footnotes":""},"categories":[2819],"tags":[1111,11,2408,1777,674,1011,27,12,2401,882,25],"class_list":{"0":"post-582328","1":"post","2":"type-post","3":"status-publish","4":"format-standard","5":"has-post-thumbnail","7":"category-nice","8":"tag-actu","9":"tag-actualites","10":"tag-appels-d","11":"tag-eu","12":"tag-europe","13":"tag-fr","14":"tag-france","15":"tag-news","16":"tag-nice","17":"tag-provence-alpes-cote-dazur","18":"tag-republique-francaise"},"share_on_mastodon":{"url":"https:\/\/pubeurope.com\/@fr\/115673209479202294","error":""},"_links":{"self":[{"href":"https:\/\/www.europesays.com\/fr\/wp-json\/wp\/v2\/posts\/582328","targetHints":{"allow":["GET"]}}],"collection":[{"href":"https:\/\/www.europesays.com\/fr\/wp-json\/wp\/v2\/posts"}],"about":[{"href":"https:\/\/www.europesays.com\/fr\/wp-json\/wp\/v2\/types\/post"}],"author":[{"embeddable":true,"href":"https:\/\/www.europesays.com\/fr\/wp-json\/wp\/v2\/users\/2"}],"replies":[{"embeddable":true,"href":"https:\/\/www.europesays.com\/fr\/wp-json\/wp\/v2\/comments?post=582328"}],"version-history":[{"count":0,"href":"https:\/\/www.europesays.com\/fr\/wp-json\/wp\/v2\/posts\/582328\/revisions"}],"wp:featuredmedia":[{"embeddable":true,"href":"https:\/\/www.europesays.com\/fr\/wp-json\/wp\/v2\/media\/582329"}],"wp:attachment":[{"href":"https:\/\/www.europesays.com\/fr\/wp-json\/wp\/v2\/media?parent=582328"}],"wp:term":[{"taxonomy":"category","embeddable":true,"href":"https:\/\/www.europesays.com\/fr\/wp-json\/wp\/v2\/categories?post=582328"},{"taxonomy":"post_tag","embeddable":true,"href":"https:\/\/www.europesays.com\/fr\/wp-json\/wp\/v2\/tags?post=582328"}],"curies":[{"name":"wp","href":"https:\/\/api.w.org\/{rel}","templated":true}]}}