{"id":582338,"date":"2025-12-06T15:03:21","date_gmt":"2025-12-06T15:03:21","guid":{"rendered":"https:\/\/www.europesays.com\/fr\/582338\/"},"modified":"2025-12-06T15:03:21","modified_gmt":"2025-12-06T15:03:21","slug":"direct-bulls-bordeaux-begles-suivez-le-match","status":"publish","type":"post","link":"https:\/\/www.europesays.com\/fr\/582338\/","title":{"rendered":"DIRECT. Bulls &#8211; Bordeaux-B\u00e8gles\u00a0: suivez le match"},"content":{"rendered":"<p><a name=\"post1765033028\"\/>15:57 &#8211; Pourquoi une \u00e9quipe sud-africaine en Coupe d&rsquo;Europe ?<\/p>\n<p>C&rsquo;est une des particularit\u00e9s de la Coupe d&rsquo;Europe de rugby. Depuis la saison 2022-2023, les organisateurs ont d\u00e9cid\u00e9 d&rsquo;int\u00e9grer les formations sud-africaines au sein de la <a href=\"https:\/\/www.linternaute.com\/sport\/competitions\/6795758-champions-cup-2025-affiches-des-huitiemes-de-finale-et-les-dates\/\" title=\"Champions Cup\" target=\"_blank\" rel=\"noopener\">Champions Cup<\/a>. Une situation qui interroge notamment \u00e0 cause des longs d\u00e9placements que cela implique notamment.\u00a0<\/p>\n<p><a name=\"post1765032617\"\/>15:50 &#8211; Deux \u00e9quipes sur une dynamique n\u00e9gative <\/p>\n<p>Ce Bulls &#8211; Bordeaux-B\u00e8gles est une rencontre entre deux \u00e9quipes qui ont perdu leurs deux derni\u00e8res rencontres. L&rsquo;objectif est donc de renouer avec le succ\u00e8s pour lancer id\u00e9alement cette campagne europ\u00e9enne.\u00a0<\/p>\n<p><a name=\"post1765032220\"\/>15:43 &#8211; Des retrouvailles pr\u00e8s de deux ans apr\u00e8s <\/p>\n<p>Ce ne sera pas le premier affrontement entre Bulls et Burdigalais. En effet, les deux \u00e9quipes se sont d\u00e9j\u00e0 affront\u00e9es au d\u00e9but de l&rsquo;ann\u00e9e 2024. et ce sont les Sud-Africains qui s&rsquo;\u00e9taient impos\u00e9s \u00e0 l&rsquo;issue d&rsquo;une rencontre tr\u00e8s anim\u00e9e (46-40).\u00a0<\/p>\n<p><a name=\"post1765031793\"\/>15:36 &#8211; Les Bulls veulent rebondir <\/p>\n<p>Les Sud-Africains ont connu une derni\u00e8re campagne europ\u00e9enne tr\u00e8s difficile la saison pass\u00e9e. Les Bulls n&rsquo;avaient gagn\u00e9 qu&rsquo;un seul match lors de la phase de groupes et c&rsquo;\u00e9tait lors de la derni\u00e8re journ\u00e9e face au Stade Fran\u00e7ais.<\/p>\n<p><a name=\"post1765031370\"\/>15:29 &#8211; La d\u00e9fense du titre <\/p>\n<p>L&rsquo;UBB lance une mission in\u00e9dite dans son histoire. Cette saison, les Burdigalais vont devoir d\u00e9fende leur titre de champion d&rsquo;Europe. Lors du dernier exercice de la Champions Cup, ils se sont impos\u00e9s face \u00e0 Northampton en finale. C&rsquo;\u00e9tait le premier titre continental de l&rsquo;histoire du club.\u00a0<\/p>\n<p><a name=\"post1765030922\"\/>15:22 &#8211; Les compositions d&rsquo;\u00e9quipes<\/p>\n<p>Les deux compositions de ce Bulls &#8211; Bordeaux-B\u00e8gles ont \u00e9t\u00e9 d\u00e9voil\u00e9es ce vendredi.\u00a0<\/p>\n<p><strong>La compo des Bulls<\/strong> : 15. Willie Le Roux, 14. Canan Moodie, 13. David Kriel, 12. Harold Vorster, 11. Sebastian de Klerk, 10 Handr\u00e9 Pollard, 9 Paul de Wet; 1. Alulutho Tshakweni, 2. Akker Van der Merwe, 3. Mornay Smith, 4. Cobus Wiese, 5. JF Van Heerde, 6. Marco Van Staden, 7. Reinhardt Ludwig, 8. Marcell Coetzee (c)<\/p>\n<p><strong>La compo de l&rsquo;UBB<\/strong> : 15. Romain Buros, 14. Damian Penaud, 13. Nicolas Depoortere, 12. Yoram Moefana, 11. Louis Bielle-Biarrey, 10. Matthieu Jalibert, 9. <a href=\"https:\/\/www.linternaute.com\/sport\/rugby\/3116799-maxime-lucu-salaire-urios-ollivon-qui-est-le-demi-de-melee-du-xv-de-france\/\" title=\"Maxime Lucu\" target=\"_blank\" rel=\"noopener\">Maxime Lucu<\/a> (c), 1. Jefferson Poirot, 2. Maxime Lamothe, 3. Carl\u00fc Sadie, 4. Boris Palu, 5. Adam Coleman, 6. Bastien Vergnes-Taillefer, 7. Cameron Woki, 8. Temo Matiu<\/p>\n<p><a name=\"post1765030505\"\/>15:15 &#8211; Bonjour \u00e0 tous <\/p>\n<p>Bienvenue \u00e0 toutes et \u00e0 tous sur le site de l&rsquo;Internaute pour suivre en direct comment\u00e9 Bulls &#8211; Bordeaux-B\u00e8gles, premi\u00e8re journ\u00e9e de la Champions Cup de rugby. Coup d&rsquo;envoi dans une heure.\u00a0<\/p>\n","protected":false},"excerpt":{"rendered":"15:57 &#8211; Pourquoi une \u00e9quipe sud-africaine en Coupe d&rsquo;Europe ? C&rsquo;est une des particularit\u00e9s de la Coupe d&rsquo;Europe&hellip;\n","protected":false},"author":2,"featured_media":582339,"comment_status":"","ping_status":"","sticky":false,"template":"","format":"standard","meta":{"footnotes":""},"categories":[2817],"tags":[1111,11,1997,3460,69574,51761,1777,674,51763,1011,27,12,2219,51767,25,479],"class_list":{"0":"post-582338","1":"post","2":"type-post","3":"status-publish","4":"format-standard","5":"has-post-thumbnail","7":"category-bordeaux","8":"tag-actu","9":"tag-actualites","10":"tag-bordeaux","11":"tag-champions-cup","12":"tag-cms-linternaute-9373105","13":"tag-controller-content","14":"tag-eu","15":"tag-europe","16":"tag-format-papier","17":"tag-fr","18":"tag-france","19":"tag-news","20":"tag-nouvelle-aquitaine","21":"tag-parallaxeinfeed","22":"tag-republique-francaise","23":"tag-rugby"},"share_on_mastodon":{"url":"https:\/\/pubeurope.com\/@fr\/115673235661040900","error":""},"_links":{"self":[{"href":"https:\/\/www.europesays.com\/fr\/wp-json\/wp\/v2\/posts\/582338","targetHints":{"allow":["GET"]}}],"collection":[{"href":"https:\/\/www.europesays.com\/fr\/wp-json\/wp\/v2\/posts"}],"about":[{"href":"https:\/\/www.europesays.com\/fr\/wp-json\/wp\/v2\/types\/post"}],"author":[{"embeddable":true,"href":"https:\/\/www.europesays.com\/fr\/wp-json\/wp\/v2\/users\/2"}],"replies":[{"embeddable":true,"href":"https:\/\/www.europesays.com\/fr\/wp-json\/wp\/v2\/comments?post=582338"}],"version-history":[{"count":0,"href":"https:\/\/www.europesays.com\/fr\/wp-json\/wp\/v2\/posts\/582338\/revisions"}],"wp:featuredmedia":[{"embeddable":true,"href":"https:\/\/www.europesays.com\/fr\/wp-json\/wp\/v2\/media\/582339"}],"wp:attachment":[{"href":"https:\/\/www.europesays.com\/fr\/wp-json\/wp\/v2\/media?parent=582338"}],"wp:term":[{"taxonomy":"category","embeddable":true,"href":"https:\/\/www.europesays.com\/fr\/wp-json\/wp\/v2\/categories?post=582338"},{"taxonomy":"post_tag","embeddable":true,"href":"https:\/\/www.europesays.com\/fr\/wp-json\/wp\/v2\/tags?post=582338"}],"curies":[{"name":"wp","href":"https:\/\/api.w.org\/{rel}","templated":true}]}}