{"id":582344,"date":"2025-12-06T15:09:12","date_gmt":"2025-12-06T15:09:12","guid":{"rendered":"https:\/\/www.europesays.com\/fr\/582344\/"},"modified":"2025-12-06T15:09:12","modified_gmt":"2025-12-06T15:09:12","slug":"ethan-mbappe-choque-tout-le-monde-a-lille","status":"publish","type":"post","link":"https:\/\/www.europesays.com\/fr\/582344\/","title":{"rendered":"Ethan Mbapp\u00e9 choque tout le monde \u00e0 Lille"},"content":{"rendered":"<p><b>Ce vendredi soir en Ligue 1, le LOSC a pris le meilleur sur l&rsquo;<a href=\"https:\/\/www.foot01.com\/marseille\" title=\"OM\" target=\"_blank\" rel=\"noopener\">OM<\/a>. Ethan Mbapp\u00e9 aura \u00e9t\u00e9 le seul buteur de la rencontre, lui qui ne cesse de monter en puissance avec les Dogues. <\/b>Le <a href=\"https:\/\/www.foot01.com\/ligue1\/l1-rulli-plombe-lom-lille-recolle\" target=\"_self\" rel=\"noopener\">LOSC<\/a> a fait une superbe op\u00e9ration ce vendredi soir en battant l&rsquo;OM \u00e0 domicile. Les Dogues auront mis les ingr\u00e9dients n\u00e9cessaires pour faire tomber des Phoc\u00e9ens sans id\u00e9es. Ethan Mbapp\u00e9 aura \u00e9t\u00e9 l&rsquo;unique buteur de la rencontre, lui qui a profit\u00e9 d&rsquo;une sortie totalement rat\u00e9e de Geronimo Rulli. L&rsquo;ancien du PSG monte consid\u00e9rablement en puissance sous les couleurs lilloises. Une bonne chose pour lui mais aussi pour Bruno Genesio, qui se f\u00e9licite du visage montr\u00e9 par le milieu de terrain fran\u00e7ais.Ethan Mbapp\u00e9 en pleine progression\u00a0<\/p>\n<p>Devant la presse au sortir de la victoire lilloise face \u00e0 l&rsquo;OM, l&rsquo;entraineur des Dogues n&rsquo;a en effet pas manqu\u00e9 de rendre hommage \u00e0 Ethan Mbapp\u00e9 : \u00ab Il est comme il est habituellement. Il a marqu\u00e9. On avait d\u00e9cid\u00e9 de le titulariser car il a cette facult\u00e9 \u00e0 jouer en profondeur, avec de la vitesse. Il y a des matchs o\u00f9 tout tourne comme on l\u2019imagine. Si son corps le laisse tranquille, c\u2019est un joueur qui rend l\u2019\u00e9quipe meilleure, c\u2019est un titulaire en puissance \u00bb.\u00a0<\/p>\n<p>De son c\u00f4t\u00e9, son co\u00e9quipier A\u00efssa Mandi faisait aussi une sortie remarqu\u00e9e, mettant en avant la personnalit\u00e9 du petit fr\u00e8re de Kylian Mbapp\u00e9 : \u00ab Ethan a \u00e9norm\u00e9ment de qualit\u00e9s. Il a un tr\u00e8s gros caract\u00e8re et il travaille \u00e9norm\u00e9ment \u00e0 l\u2019entra\u00eenement. Il ose, il parle, il d\u00e9fend, il ne l\u00e2che rien : c\u2019est l\u2019une de ses caract\u00e9ristiques \u00bb.\u00a0<\/p>\n<p>De quoi certainement faire plaisir au principal int\u00e9ress\u00e9, dont la marge de progression est assez \u00e9norme. En esp\u00e9rant que les blessures l&rsquo;\u00e9pargnent pour continuer de s&rsquo;imposer au plus haut niveau. A ce sujet, Bruno Genesio reste d&rsquo;ailleurs inquiet et surveillera la situation de pr\u00e8s.<\/p>\n","protected":false},"excerpt":{"rendered":"Ce vendredi soir en Ligue 1, le LOSC a pris le meilleur sur l&rsquo;OM. Ethan Mbapp\u00e9 aura \u00e9t\u00e9&hellip;\n","protected":false},"author":2,"featured_media":582345,"comment_status":"","ping_status":"","sticky":false,"template":"","format":"standard","meta":{"footnotes":""},"categories":[2815],"tags":[1111,11,1777,674,1011,27,811,1307,2267,12,149,25],"class_list":{"0":"post-582344","1":"post","2":"type-post","3":"status-publish","4":"format-standard","5":"has-post-thumbnail","7":"category-lille","8":"tag-actu","9":"tag-actualites","10":"tag-eu","11":"tag-europe","12":"tag-fr","13":"tag-france","14":"tag-hauts-de-france","15":"tag-lille","16":"tag-losc","17":"tag-news","18":"tag-om","19":"tag-republique-francaise"},"share_on_mastodon":{"url":"https:\/\/pubeurope.com\/@fr\/115673259376996645","error":""},"_links":{"self":[{"href":"https:\/\/www.europesays.com\/fr\/wp-json\/wp\/v2\/posts\/582344","targetHints":{"allow":["GET"]}}],"collection":[{"href":"https:\/\/www.europesays.com\/fr\/wp-json\/wp\/v2\/posts"}],"about":[{"href":"https:\/\/www.europesays.com\/fr\/wp-json\/wp\/v2\/types\/post"}],"author":[{"embeddable":true,"href":"https:\/\/www.europesays.com\/fr\/wp-json\/wp\/v2\/users\/2"}],"replies":[{"embeddable":true,"href":"https:\/\/www.europesays.com\/fr\/wp-json\/wp\/v2\/comments?post=582344"}],"version-history":[{"count":0,"href":"https:\/\/www.europesays.com\/fr\/wp-json\/wp\/v2\/posts\/582344\/revisions"}],"wp:featuredmedia":[{"embeddable":true,"href":"https:\/\/www.europesays.com\/fr\/wp-json\/wp\/v2\/media\/582345"}],"wp:attachment":[{"href":"https:\/\/www.europesays.com\/fr\/wp-json\/wp\/v2\/media?parent=582344"}],"wp:term":[{"taxonomy":"category","embeddable":true,"href":"https:\/\/www.europesays.com\/fr\/wp-json\/wp\/v2\/categories?post=582344"},{"taxonomy":"post_tag","embeddable":true,"href":"https:\/\/www.europesays.com\/fr\/wp-json\/wp\/v2\/tags?post=582344"}],"curies":[{"name":"wp","href":"https:\/\/api.w.org\/{rel}","templated":true}]}}