{"id":582350,"date":"2025-12-06T15:12:17","date_gmt":"2025-12-06T15:12:17","guid":{"rendered":"https:\/\/www.europesays.com\/fr\/582350\/"},"modified":"2025-12-06T15:12:17","modified_gmt":"2025-12-06T15:12:17","slug":"metropole-de-lyon-le-rassemblement-contre-le-rassemblement-national-non-autorise","status":"publish","type":"post","link":"https:\/\/www.europesays.com\/fr\/582350\/","title":{"rendered":"M\u00e9tropole de Lyon. Le rassemblement contre le Rassemblement National non autoris\u00e9"},"content":{"rendered":"<p>Dimanche 7 d\u00e9cembre, le Rassemblement national organise \u00e0 Villeurbanne un meeting de campagne, dans le cadre des \u00e9lections m\u00e9tropolitaines de mars 2026. \u00c0 cette occasion, les t\u00eates de liste du parti d\u2019extr\u00eame droite seront r\u00e9v\u00e9l\u00e9es pour chacune des circonscriptions de la m\u00e9tropole lyonnaise.<\/p>\n<p>Une annonce qui n\u2019a pas \u00e9chapp\u00e9 \u00e0 des associations et syndicats de la commune. Ils ont appel\u00e9 \u00e0 un \u00ab contre-rassemblement \u00e0 Charpennes \u00bb, s\u2019adressant \u00ab \u00e0 tous et toutes celles et ceux qui s\u2019opposent \u00e0 l\u2019id\u00e9ologie du RN \u00bb. \u00c0 la demande d\u2019autorisation en pr\u00e9fecture, le collectif s\u2019est vu opposer une fin de non-recevoir.<\/p>\n<p>  \u00ab De nature \u00e0 g\u00e9n\u00e9rer des troubles \u00e0 l\u2019ordre public \u00bb<\/p>\n<p>Parmi les raisons invoqu\u00e9es, des motifs d\u2019appel \u00ab de nature \u00e0 entra\u00eener des provocations et \u00e0 g\u00e9n\u00e9rer des troubles \u00e0 l\u2019ordre public \u00bb, des tags \u00ab antifa \u00bb, \u00ab non au RN \u00bb, sont apparus dans le quartier \u00e0 la suite de l\u2019annonce du meeting, et les moyens compt\u00e9s des forces de l\u2019ordre dans le contexte de la f\u00eate des Lumi\u00e8res. Tout rassemblement revendicatif, cort\u00e8ge ou d\u00e9fil\u00e9 est interdit dans un p\u00e9rim\u00e8tre d\u00e9fini du 6e\u00a0arrondissement et Villeurbanne.<\/p>\n","protected":false},"excerpt":{"rendered":"Dimanche 7 d\u00e9cembre, le Rassemblement national organise \u00e0 Villeurbanne un meeting de campagne, dans le cadre des \u00e9lections&hellip;\n","protected":false},"author":2,"featured_media":582351,"comment_status":"","ping_status":"","sticky":false,"template":"","format":"standard","meta":{"footnotes":""},"categories":[1889],"tags":[1111,11,2430,2757,36284,1777,674,274,1011,27,2428,12,316,1078,25,2429,6345,6346],"class_list":{"0":"post-582350","1":"post","2":"type-post","3":"status-publish","4":"format-standard","5":"has-post-thumbnail","7":"category-lyon","8":"tag-actu","9":"tag-actualites","10":"tag-auvergne-rhone-alpes","11":"tag-edition-lyon-villeurbanne","12":"tag-elections-metropolitaines","13":"tag-eu","14":"tag-europe","15":"tag-faits-divers-justice","16":"tag-fr","17":"tag-france","18":"tag-lyon","19":"tag-news","20":"tag-politique","21":"tag-rassemblement-national","22":"tag-republique-francaise","23":"tag-rhone","24":"tag-villeurbanne","25":"tag-villeurbanne-bassin"},"share_on_mastodon":{"url":"https:\/\/pubeurope.com\/@fr\/115673271130119142","error":""},"_links":{"self":[{"href":"https:\/\/www.europesays.com\/fr\/wp-json\/wp\/v2\/posts\/582350","targetHints":{"allow":["GET"]}}],"collection":[{"href":"https:\/\/www.europesays.com\/fr\/wp-json\/wp\/v2\/posts"}],"about":[{"href":"https:\/\/www.europesays.com\/fr\/wp-json\/wp\/v2\/types\/post"}],"author":[{"embeddable":true,"href":"https:\/\/www.europesays.com\/fr\/wp-json\/wp\/v2\/users\/2"}],"replies":[{"embeddable":true,"href":"https:\/\/www.europesays.com\/fr\/wp-json\/wp\/v2\/comments?post=582350"}],"version-history":[{"count":0,"href":"https:\/\/www.europesays.com\/fr\/wp-json\/wp\/v2\/posts\/582350\/revisions"}],"wp:featuredmedia":[{"embeddable":true,"href":"https:\/\/www.europesays.com\/fr\/wp-json\/wp\/v2\/media\/582351"}],"wp:attachment":[{"href":"https:\/\/www.europesays.com\/fr\/wp-json\/wp\/v2\/media?parent=582350"}],"wp:term":[{"taxonomy":"category","embeddable":true,"href":"https:\/\/www.europesays.com\/fr\/wp-json\/wp\/v2\/categories?post=582350"},{"taxonomy":"post_tag","embeddable":true,"href":"https:\/\/www.europesays.com\/fr\/wp-json\/wp\/v2\/tags?post=582350"}],"curies":[{"name":"wp","href":"https:\/\/api.w.org\/{rel}","templated":true}]}}