{"id":582354,"date":"2025-12-06T15:15:22","date_gmt":"2025-12-06T15:15:22","guid":{"rendered":"https:\/\/www.europesays.com\/fr\/582354\/"},"modified":"2025-12-06T15:15:22","modified_gmt":"2025-12-06T15:15:22","slug":"que-faire-a-paris-et-en-ile-de-france-ce-dimanche-les-musees-gratuits-a-visiter-le-7-decembre","status":"publish","type":"post","link":"https:\/\/www.europesays.com\/fr\/582354\/","title":{"rendered":"Que faire \u00e0 Paris et en \u00cele-de-France ce dimanche ? Les mus\u00e9es gratuits \u00e0 visiter le 7 d\u00e9cembre"},"content":{"rendered":"<p>Premier dimanche du mois oblige, la culture joue les g\u00e9n\u00e9reuses. Ce\u00a07\u00a0d\u00e9cembre, plusieurs\u00a0<a href=\"https:\/\/www.timeout.fr\/paris\/musee\/gratuit\" target=\"_blank\" rel=\"noopener\">mus\u00e9es parisiens et franciliens ouvrent gratuitement<\/a>\u00a0leurs portes au public. Une belle occasion de red\u00e9couvrir les chefs-d\u2019\u0153uvre du patrimoine national, sans faire hurler son compte en banque. Que vous soyez plut\u00f4t impressionnisme, arts asiatiques ou design industriel, voici toutes les adresses o\u00f9 vous offrir une parenth\u00e8se culturelle sans d\u00e9penser un centime, des chefs-d\u2019\u0153uvre impressionnistes du mus\u00e9e d\u2019Orsay aux Nymph\u00e9as de l\u2019Orangerie.<\/p>\n<p>Les mus\u00e9es ouverts gratuitement ce dimanche\u00a07 d\u00e9cembre \u00e0 Paris<\/p>\n<ul data-start=\"15\" data-end=\"1585\">&#13;<\/p>\n<li data-start=\"148\" data-end=\"229\">&#13;\n<p data-start=\"150\" data-end=\"229\"><strong data-start=\"150\" data-end=\"179\">Mus\u00e9e des Arts et M\u00e9tiers<\/strong><br data-start=\"179\" data-end=\"182\"\/>60 rue R\u00e9aumur, Paris 3e \u2013 M\u00b0 Arts et M\u00e9tiers<\/p>\n<p>&#13;\n<\/li>\n<p>&#13;<\/p>\n<li data-start=\"231\" data-end=\"347\">&#13;\n<p data-start=\"233\" data-end=\"347\"><strong data-start=\"233\" data-end=\"271\">Mus\u00e9e de la Chasse et de la Nature<\/strong><br data-start=\"271\" data-end=\"274\"\/>62 rue des Archives, Paris 3e \u2013 M\u00b0 H\u00f4tel de Ville \/ Ch\u00e2telet-Les Halles<\/p>\n<p>&#13;\n<\/li>\n<p>&#13;<\/p>\n<li data-start=\"349\" data-end=\"477\">&#13;\n<p data-start=\"351\" data-end=\"477\"><strong data-start=\"351\" data-end=\"386\">Mus\u00e9e national Eug\u00e8ne Delacroix<\/strong><br data-start=\"386\" data-end=\"389\"\/>6 rue de Furstenberg, Paris 6e \u2013 M\u00b0 Saint-Germain-des-Pr\u00e9s \/ Saint-Michel \u2013 Notre-Dame<\/p>\n<p>&#13;\n<\/li>\n<p>&#13;<\/p>\n<li data-start=\"479\" data-end=\"568\">&#13;\n<p data-start=\"481\" data-end=\"568\"><strong data-start=\"481\" data-end=\"514\">Mus\u00e9e Gustave Moreau<\/strong><br data-start=\"514\" data-end=\"517\"\/>14 Rue Catherine de la Rochefoucauld, 75009 Paris<\/p>\n<p>&#13;\n<\/li>\n<p>&#13;<\/p>\n<li data-start=\"570\" data-end=\"664\">&#13;\n<p data-start=\"572\" data-end=\"664\"><strong data-start=\"572\" data-end=\"610\">Mus\u00e9e national Jean-Jacques Henner<\/strong><br data-start=\"610\" data-end=\"613\"\/>43 avenue de Villiers, Paris 17e \u2013 M\u00b0 Malesherbes<\/p>\n<p>&#13;\n<\/li>\n<p>&#13;<\/p>\n<li data-start=\"666\" data-end=\"805\">&#13;\n<p data-start=\"668\" data-end=\"805\"><strong data-start=\"668\" data-end=\"718\">Mus\u00e9e national du Moyen \u00c2ge \u2013 Thermes de Cluny<\/strong><br data-start=\"718\" data-end=\"721\"\/>6 place Paul Painlev\u00e9, Paris 5e \u2013 M\u00b0 Cluny-La Sorbonne \/ Saint-Michel \u2013 Notre-Dame<\/p>\n<p>&#13;\n<\/li>\n<p>&#13;<\/p>\n<li data-start=\"807\" data-end=\"883\">&#13;\n<p data-start=\"809\" data-end=\"883\"><a href=\"https:\/\/www.timeout.fr\/paris\/musees\/musee-de-lorangerie\" target=\"_blank\" rel=\"noopener\"><strong data-start=\"809\" data-end=\"833\">Mus\u00e9e de l\u2019Orangerie<\/strong><\/a><br data-start=\"833\" data-end=\"836\"\/>Jardin des Tuileries, Paris 1er \u2013 M\u00b0 Concorde<\/p>\n<p>&#13;\n<\/li>\n<p>&#13;<\/p>\n<li data-start=\"885\" data-end=\"978\">&#13;\n<p data-start=\"887\" data-end=\"978\"><a href=\"https:\/\/www.timeout.fr\/paris\/musees\/musee-dorsay\" target=\"_blank\" rel=\"noopener\"><strong data-start=\"887\" data-end=\"904\">Mus\u00e9e d\u2019Orsay<\/strong><\/a><br data-start=\"904\" data-end=\"907\"\/>1 rue de la L\u00e9gion d\u2019Honneur, Paris 7e \u2013 M\u00b0 Solf\u00e9rino \/ Mus\u00e9e d\u2019Orsay<\/p>\n<p>&#13;\n<\/li>\n<p>&#13;<\/p>\n<li data-start=\"980\" data-end=\"1091\">&#13;\n<p data-start=\"982\" data-end=\"1091\"><strong data-start=\"982\" data-end=\"1021\">Mus\u00e9e National Picasso-Paris<\/strong><br data-start=\"1021\" data-end=\"1024\"\/>5 rue de Thorigny, Paris 3e \u2013 M\u00b0 Saint-Paul \/ Ch\u00e2telet-Les Halles<\/p>\n<p>&#13;\n<\/li>\n<p>&#13;<\/p>\n<li data-start=\"1093\" data-end=\"1207\">&#13;\n<p data-start=\"1095\" data-end=\"1207\"><strong data-start=\"1095\" data-end=\"1138\">Cit\u00e9 de l\u2019Architecture et du Patrimoine<\/strong><br data-start=\"1138\" data-end=\"1141\"\/>1 place du Trocad\u00e9ro et du 11 Novembre, Paris 16e \u2013 M\u00b0 Trocad\u00e9ro<\/p>\n<p>&#13;\n<\/li>\n<p>&#13;<\/p>\n<li data-start=\"1209\" data-end=\"1313\">&#13;\n<p data-start=\"1211\" data-end=\"1313\"><strong data-start=\"1211\" data-end=\"1260\">Mus\u00e9e national de l\u2019Histoire de l\u2019Immigration<\/strong><br data-start=\"1260\" data-end=\"1263\"\/>293 avenue Daumesnil, Paris 12e \u2013 M\u00b0 Porte Dor\u00e9e<\/p>\n<p>&#13;\n<\/li>\n<p>&#13;<\/p>\n<li data-start=\"1315\" data-end=\"1430\">&#13;\n<p data-start=\"1317\" data-end=\"1430\"><a href=\"https:\/\/www.timeout.fr\/paris\/art\/le-fil-voyageur-au-musee-du-quai-branly\" target=\"_blank\" rel=\"noopener\"><strong data-start=\"1317\" data-end=\"1358\">Mus\u00e9e du Quai Branly \u2013 Jacques Chirac<\/strong><\/a><br data-start=\"1358\" data-end=\"1361\"\/>37 quai Jacques Chirac, Paris 7e \u2013 M\u00b0 Alma-Marceau \/ Pont de l\u2019Alma<\/p>\n<p>&#13;\n<\/li>\n<p>&#13;<\/p>\n<li data-start=\"1432\" data-end=\"1521\">&#13;\n<p data-start=\"1434\" data-end=\"1521\"><strong data-start=\"1434\" data-end=\"1481\">Mus\u00e9e national des Arts asiatiques \u2013 Guimet<\/strong><br data-start=\"1481\" data-end=\"1484\"\/>6 place d\u2019I\u00e9na, Paris 16e \u2013 M\u00b0 I\u00e9na<\/p>\n<p>&#13;\n<\/li>\n<p>&#13;<\/p>\n<li data-start=\"1523\" data-end=\"1585\">&#13;\n<p data-start=\"1525\" data-end=\"1585\"><strong data-start=\"1525\" data-end=\"1540\">Mus\u00e9e Rodin<\/strong><br data-start=\"1540\" data-end=\"1543\"\/>77 rue de Varenne, Paris 7e \u2013 M\u00b0 Varenne<\/p>\n<p>&#13;\n<\/li>\n<p>&#13;\n<\/ul>\n<p>Les mus\u00e9es ouverts gratuitement ce dimanche 7 d\u00e9cembre en \u00cele-de-France<\/p>\n<ul data-start=\"1616\" data-end=\"2819\" data-is-only-node=\"\" data-is-last-node=\"\">&#13;<\/p>\n<li data-start=\"1616\" data-end=\"1735\">&#13;\n<p data-start=\"1618\" data-end=\"1735\"><strong data-start=\"1618\" data-end=\"1675\">Mus\u00e9e d\u2019Arch\u00e9ologie nationale \u2013 Saint-Germain-en-Laye<\/strong><br data-start=\"1675\" data-end=\"1678\"\/>Place Charles de Gaulle, 78 \u2013 RER Saint-Germain-en-Laye<\/p>\n<p>&#13;\n<\/li>\n<p>&#13;<\/p>\n<li data-start=\"1737\" data-end=\"1836\">&#13;\n<p data-start=\"1739\" data-end=\"1836\"><strong data-start=\"1739\" data-end=\"1785\">Mus\u00e9e des Ann\u00e9es 30 \u2013 Boulogne-Billancourt<\/strong><br data-start=\"1785\" data-end=\"1788\"\/>28 avenue Andr\u00e9-Morizet, 92 \u2013 M\u00b0 Marcel Sembat<\/p>\n<p>&#13;\n<\/li>\n<p>&#13;<\/p>\n<li data-start=\"1838\" data-end=\"1917\">&#13;\n<p data-start=\"1840\" data-end=\"1917\"><strong data-start=\"1840\" data-end=\"1882\">Mus\u00e9e national du Ch\u00e2teau de Compi\u00e8gne<\/strong><br data-start=\"1882\" data-end=\"1885\"\/>Place du G\u00e9n\u00e9ral de Gaulle, 60<\/p>\n<p>&#13;\n<\/li>\n<p>&#13;<\/p>\n<li data-start=\"1919\" data-end=\"2006\">&#13;\n<p data-start=\"1921\" data-end=\"2006\"><strong data-start=\"1921\" data-end=\"1973\">Mus\u00e9e franco-am\u00e9ricain du Ch\u00e2teau de Bl\u00e9rancourt<\/strong><br data-start=\"1973\" data-end=\"1976\"\/>Place du G\u00e9n\u00e9ral Leclerc, 02<\/p>\n<p>&#13;\n<\/li>\n<p>&#13;<\/p>\n<li data-start=\"2008\" data-end=\"2110\">&#13;\n<p data-start=\"2010\" data-end=\"2110\"><strong data-start=\"2010\" data-end=\"2053\">Mus\u00e9e national de Port-Royal des Champs<\/strong><br data-start=\"2053\" data-end=\"2056\"\/>Route des Granges, 78 \u2013 RER Saint-R\u00e9my-l\u00e8s-Chevreuse<\/p>\n<p>&#13;\n<\/li>\n<p>&#13;<\/p>\n<li data-start=\"2112\" data-end=\"2222\">&#13;\n<p data-start=\"2114\" data-end=\"2222\"><strong data-start=\"2114\" data-end=\"2174\">Mus\u00e9es nationaux des ch\u00e2teaux de Malmaison et Bois-Pr\u00e9au<\/strong><br data-start=\"2174\" data-end=\"2177\"\/>Avenue du Ch\u00e2teau, 92 \u2013 RER Rueil-Malmaison<\/p>\n<p>&#13;\n<\/li>\n<p>&#13;<\/p>\n<li data-start=\"2224\" data-end=\"2308\">&#13;\n<p data-start=\"2226\" data-end=\"2308\"><strong data-start=\"2226\" data-end=\"2259\">S\u00e8vres \u2013 Cit\u00e9 de la C\u00e9ramique<\/strong><br data-start=\"2259\" data-end=\"2262\"\/>Place de la Manufacture, 92 \u2013 Pont de S\u00e8vres<\/p>\n<p>&#13;\n<\/li>\n<p>&#13;<\/p>\n<li data-start=\"2310\" data-end=\"2411\">&#13;\n<p data-start=\"2312\" data-end=\"2411\"><strong data-start=\"2312\" data-end=\"2367\">Mus\u00e9e national de la Renaissance \u2013 Ch\u00e2teau d\u2019\u00c9couen<\/strong><br data-start=\"2367\" data-end=\"2370\"\/>Ch\u00e2teau d\u2019\u00c9couen, 95 \u2013 Garges-Sarcelles<\/p>\n<p>&#13;\n<\/li>\n<p>&#13;<\/p>\n<li data-start=\"2514\" data-end=\"2604\">&#13;\n<p data-start=\"2516\" data-end=\"2604\"><strong data-start=\"2516\" data-end=\"2554\">Mus\u00e9e fran\u00e7ais de la Carte \u00e0 jouer<\/strong><br data-start=\"2554\" data-end=\"2557\"\/>16 rue Auguste Gervais, 92 \u2013 M\u00b0 Mairie d\u2019Issy<\/p>\n<p>&#13;\n<\/li>\n<p>&#13;<\/p>\n<li data-start=\"2606\" data-end=\"2713\">&#13;\n<p data-start=\"2608\" data-end=\"2713\"><strong data-start=\"2608\" data-end=\"2662\">Mac\/Val \u2013 Mus\u00e9e d\u2019Art contemporain du Val-de-Marne<\/strong><br data-start=\"2662\" data-end=\"2665\"\/>Place de la Lib\u00e9ration, 94 400 Vitry-sur-Seine<\/p>\n<p>&#13;\n<\/li>\n<p>&#13;<\/p>\n<li data-start=\"2715\" data-end=\"2819\" data-is-last-node=\"\">&#13;\n<p data-start=\"2717\" data-end=\"2819\" data-is-last-node=\"\"><strong data-start=\"2717\" data-end=\"2750\">Mus\u00e9e de l\u2019Air et de l\u2019Espace<\/strong><br data-start=\"2750\" data-end=\"2753\"\/>A\u00e9roport de Paris \u2013 Le Bourget \u2013 BP 173 \u2013 93352 Le Bourget Cedex<\/p>\n<p>&#13;\n<\/li>\n<p>&#13;\n<\/ul>\n","protected":false},"excerpt":{"rendered":"Premier dimanche du mois oblige, la culture joue les g\u00e9n\u00e9reuses. Ce\u00a07\u00a0d\u00e9cembre, plusieurs\u00a0mus\u00e9es parisiens et franciliens ouvrent gratuitement\u00a0leurs portes&hellip;\n","protected":false},"author":2,"featured_media":582355,"comment_status":"","ping_status":"","sticky":false,"template":"","format":"standard","meta":{"footnotes":""},"categories":[1592],"tags":[1111,11,19909,3734,19908,1777,674,1011,27,662,12,626,25],"class_list":{"0":"post-582354","1":"post","2":"type-post","3":"status-publish","4":"format-standard","5":"has-post-thumbnail","7":"category-ile-de-france","8":"tag-actu","9":"tag-actualites","10":"tag-actualites-art","11":"tag-art","12":"tag-categories-art","13":"tag-eu","14":"tag-europe","15":"tag-fr","16":"tag-france","17":"tag-ile-de-france","18":"tag-news","19":"tag-paris","20":"tag-republique-francaise"},"share_on_mastodon":{"url":"https:\/\/pubeurope.com\/@fr\/115673282853637115","error":""},"_links":{"self":[{"href":"https:\/\/www.europesays.com\/fr\/wp-json\/wp\/v2\/posts\/582354","targetHints":{"allow":["GET"]}}],"collection":[{"href":"https:\/\/www.europesays.com\/fr\/wp-json\/wp\/v2\/posts"}],"about":[{"href":"https:\/\/www.europesays.com\/fr\/wp-json\/wp\/v2\/types\/post"}],"author":[{"embeddable":true,"href":"https:\/\/www.europesays.com\/fr\/wp-json\/wp\/v2\/users\/2"}],"replies":[{"embeddable":true,"href":"https:\/\/www.europesays.com\/fr\/wp-json\/wp\/v2\/comments?post=582354"}],"version-history":[{"count":0,"href":"https:\/\/www.europesays.com\/fr\/wp-json\/wp\/v2\/posts\/582354\/revisions"}],"wp:featuredmedia":[{"embeddable":true,"href":"https:\/\/www.europesays.com\/fr\/wp-json\/wp\/v2\/media\/582355"}],"wp:attachment":[{"href":"https:\/\/www.europesays.com\/fr\/wp-json\/wp\/v2\/media?parent=582354"}],"wp:term":[{"taxonomy":"category","embeddable":true,"href":"https:\/\/www.europesays.com\/fr\/wp-json\/wp\/v2\/categories?post=582354"},{"taxonomy":"post_tag","embeddable":true,"href":"https:\/\/www.europesays.com\/fr\/wp-json\/wp\/v2\/tags?post=582354"}],"curies":[{"name":"wp","href":"https:\/\/api.w.org\/{rel}","templated":true}]}}