{"id":582356,"date":"2025-12-06T15:17:12","date_gmt":"2025-12-06T15:17:12","guid":{"rendered":"https:\/\/www.europesays.com\/fr\/582356\/"},"modified":"2025-12-06T15:17:12","modified_gmt":"2025-12-06T15:17:12","slug":"eddy-mitchell-lavoue-2025-na-pas-ete-son-annee-cote-sante","status":"publish","type":"post","link":"https:\/\/www.europesays.com\/fr\/582356\/","title":{"rendered":"Eddy Mitchell l&rsquo;avoue, 2025 n&rsquo;a pas \u00e9t\u00e9 son ann\u00e9e c\u00f4t\u00e9 sant\u00e9"},"content":{"rendered":"<p>                    Par<br \/>\n        <strong><br \/>\n            <a href=\"https:\/\/actu.fr\/auteur\/thomas-martin\" title=\"Consulter tous les articles de Thomas Martin\" target=\"_blank\" rel=\"noopener\">Thomas Martin<\/a><br \/>\n                    <\/strong><\/p>\n<p>        Publi\u00e9 le<\/p>\n<p>            6 d\u00e9c. 2025 \u00e0 15h27        <\/p>\n<p>On \u00e9tait sans nouvelles depuis plusieurs mois. <a href=\"https:\/\/actu.fr\/tag\/eddy-mitchell\" target=\"_blank\" rel=\"noopener\">Eddy Mitchell<\/a> <a href=\"https:\/\/actu.fr\/loisirs-culture\/j-espere-que-je-suis-sorti-d-affaire-eddy-mitchell-donne-enfin-des-nouvelles-sur-son-etat-de-sante_63527834.html\" target=\"_blank\" rel=\"noopener\">vient enfin d\u2019en donner<\/a>, lui qui fin mars 2025, avait d\u00fb annoncer qu\u2019il <a href=\"https:\/\/actu.fr\/loisirs-culture\/ma-sante-doit-passer-avant-tout-eddy-mitchell-annule-sa-tournee-estivale-en-france_62419314.html\" target=\"_blank\" rel=\"noopener\">annulait sa tourn\u00e9e d\u2019\u00e9t\u00e9<\/a> de six concerts. Il s\u2019est notamment confi\u00e9 cette semaine au <a href=\"https:\/\/www.leparisien.fr\/culture-loisirs\/musique\/eddy-mitchell-de-retour-apres-deux-pneumonies-mon-projet-cest-de-me-retaper-03-12-2025-YBMFHQP62VGCHETFN5XOHDIHNE.php\" target=\"_blank\" rel=\"noopener\">Parisien<\/a> \u00e0 l\u2019occasion de la r\u00e9\u00e9dition de son album Amigos avec trois nouvelles chansons. L\u2019occasion pour lui de revenir sur cette annus horribilis pour le chanteur c\u00f4t\u00e9 sant\u00e9. Avec notamment un \u00e9pisode douloureux \u00e0 Paris.\u00a0<\/p>\n<p>\u00ab\u00a0C\u2019est pas mon ann\u00e9e. J\u2019ai h\u00e2te que 2025 s\u2019arr\u00eate\u00a0\u00bb<\/p>\n<p class=\" wall-content\">En 2025, Eddy Mitchell a travers\u00e9 une s\u00e9rie de graves ennuis de sant\u00e9 : d\u2019abord deux pneumonies \u2014 dont une rechute en mars \u2014, suivies d\u2019une op\u00e9ration du nez en juin, et d\u2019une hospitalisation en juillet.<\/p>\n<p class=\" wall-content\">\u00ab\u00a0Last but not least\u00a0\u00bb, une fois de retour dans la capitale o\u00f9 il r\u00e9side, c\u2019est la chute. \u00ab\u00a0\u00c7a allait mieux, mais en rentrant \u00e0 Paris, je me suis cass\u00e9 la gueule et je me suis p\u00e9t\u00e9 le bras droit\u00a0\u00bb. \u00ab\u00a0C\u2019est pas mon ann\u00e9e. J\u2019ai h\u00e2te que 2025 s\u2019arr\u00eate\u00a0\u00bb, poursuit-il.\u00a0<\/p>\n<p class=\" wall-content\">Le chanteur de 83 ans indique suivre une r\u00e9\u00e9ducation intensive \u2014 \u00ab deux s\u00e9ances de kin\u00e9 par jour \u00bb \u2014 pour retrouver l\u2019usage de son bras.<\/p>\n<p class=\" wall-content\">Et la tourn\u00e9e ? \u00ab\u00a0Suivant mon \u00e9tat, je la referai peut-\u00eatre l\u2019ann\u00e9e prochaine\u00a0\u00bb.<\/p>\n<p class=\" wall-content\">Depuis plusieurs ann\u00e9es, l\u2019enfant de Belleville partage sa vie entre Paris \u2014 o\u00f9 il poss\u00e8de un appartement dans le 16\u1d49 arrondissement \u2014 et Saint-Tropez. Dans la capitale, Eddy Mitchell r\u00e9side au sein de la Villa Sa\u00efd, comme les chanteurs Mc Solaar et Pascal Obispo. \u00ab\u00a0Quand je suis \u00e0 Paris, je reste dans ma maison, confiait-il en 2022 au <a href=\"https:\/\/www.leparisien.fr\/culture-loisirs\/livres\/eddy-mitchell-raconte-le-belleville-de-son-enfance-un-quartier-pauvre-mais-familial-et-vivant-05-11-2022-V7BPKSPTEBCEDLG5CLU76OFXYM.php\" target=\"_blank\" rel=\"noopener\">Parisien<\/a>. C\u2019est un refuge, il n\u2019y a pas de bruit, les gens sont r\u00e9glo. \u00c7a m\u2019arrange. Moi, je peux faire le bruit que je veux. Je ne suis plus du tout un amoureux de Paris. Car je suis vraiment parisien et Paris ne correspond plus \u00e0 ce que j\u2019aime, je ne reconnais plus Paris\u00a0\u00bb.\u00a0<\/p>\n<p class=\" wall-content\">Il a d\u2019ores et d\u00e9j\u00e0 indiqu\u00e9, qu\u2019\u00e0 sa mort, il serait inhum\u00e9 dans le Var. L\u2019\u00e9pitaphe est pr\u00e9vu : \u00ab\u00a0ne pas d\u00e9ranger\u00a0\u00bb.\u00a0<\/p>\n<p class=\" wall-content\">Personnalisez votre actualit\u00e9 en ajoutant vos villes et m\u00e9dias en favori avec <a href=\"https:\/\/moncompte.actu.fr\" title=\"D\u00e9couvez Mon Actu\" rel=\"nofollow noopener\" data-trk=\"{&quot;cta&quot;:{&quot;action&quot;:&quot;https:\\\/\\\/moncompte.actu.fr&quot;,&quot;category&quot;:&quot;mon compte&quot;,&quot;from&quot;:&quot;article footer&quot;,&quot;name&quot;:&quot;Mon actu&quot;,&quot;type&quot;:&quot;cta&quot;}}\" target=\"_blank\">Mon Actu<\/a>.<\/p>\n","protected":false},"excerpt":{"rendered":"Par Thomas Martin Publi\u00e9 le 6 d\u00e9c. 2025 \u00e0 15h27 On \u00e9tait sans nouvelles depuis plusieurs mois. Eddy&hellip;\n","protected":false},"author":2,"featured_media":582357,"comment_status":"","ping_status":"","sticky":false,"template":"","format":"standard","meta":{"footnotes":""},"categories":[1888],"tags":[1111,1928,11,1927,7704,1777,674,1011,27,1652,12,1926,626,1925,973,25],"class_list":{"0":"post-582356","1":"post","2":"type-post","3":"status-publish","4":"format-standard","5":"has-post-thumbnail","7":"category-paris","8":"tag-actu","9":"tag-actu-paris","10":"tag-actualites","11":"tag-actualites-paris","12":"tag-eddy-mitchell","13":"tag-eu","14":"tag-europe","15":"tag-fr","16":"tag-france","17":"tag-loisirs-culture","18":"tag-news","19":"tag-news-paris","20":"tag-paris","21":"tag-paris-news","22":"tag-people","23":"tag-republique-francaise"},"share_on_mastodon":{"url":"https:\/\/pubeurope.com\/@fr\/115673291022365481","error":""},"_links":{"self":[{"href":"https:\/\/www.europesays.com\/fr\/wp-json\/wp\/v2\/posts\/582356","targetHints":{"allow":["GET"]}}],"collection":[{"href":"https:\/\/www.europesays.com\/fr\/wp-json\/wp\/v2\/posts"}],"about":[{"href":"https:\/\/www.europesays.com\/fr\/wp-json\/wp\/v2\/types\/post"}],"author":[{"embeddable":true,"href":"https:\/\/www.europesays.com\/fr\/wp-json\/wp\/v2\/users\/2"}],"replies":[{"embeddable":true,"href":"https:\/\/www.europesays.com\/fr\/wp-json\/wp\/v2\/comments?post=582356"}],"version-history":[{"count":0,"href":"https:\/\/www.europesays.com\/fr\/wp-json\/wp\/v2\/posts\/582356\/revisions"}],"wp:featuredmedia":[{"embeddable":true,"href":"https:\/\/www.europesays.com\/fr\/wp-json\/wp\/v2\/media\/582357"}],"wp:attachment":[{"href":"https:\/\/www.europesays.com\/fr\/wp-json\/wp\/v2\/media?parent=582356"}],"wp:term":[{"taxonomy":"category","embeddable":true,"href":"https:\/\/www.europesays.com\/fr\/wp-json\/wp\/v2\/categories?post=582356"},{"taxonomy":"post_tag","embeddable":true,"href":"https:\/\/www.europesays.com\/fr\/wp-json\/wp\/v2\/tags?post=582356"}],"curies":[{"name":"wp","href":"https:\/\/api.w.org\/{rel}","templated":true}]}}