{"id":582358,"date":"2025-12-06T15:18:11","date_gmt":"2025-12-06T15:18:11","guid":{"rendered":"https:\/\/www.europesays.com\/fr\/582358\/"},"modified":"2025-12-06T15:18:11","modified_gmt":"2025-12-06T15:18:11","slug":"paris-une-enquete-ouverte-pour-des-violences-commises-par-un-policier-hors-service-ivre-dans-un-bar","status":"publish","type":"post","link":"https:\/\/www.europesays.com\/fr\/582358\/","title":{"rendered":"Paris : Une enqu\u00eate ouverte pour des \u00ab violences \u00bb commises par un policier hors service, ivre dans un bar"},"content":{"rendered":"<p class=\"mb-4 text-lg md:leading-8 break-words\"><strong>investigations &#8211; Le parquet de Paris a annonc\u00e9 l\u2019ouverture d\u2019une enqu\u00eate visant un policier pour des faits de \u00ab violences commises en \u00e9tat d\u2019ivresse manifeste \u00bb sur une femme dans un bar parisien, alors qu\u2019il n\u2019\u00e9tait plus en service<\/strong><\/p>\n<p class=\"mb-4 text-lg md:leading-8 break-words\">Une enqu\u00eate a \u00e9t\u00e9 ouverte pour \u00ab violences commises en \u00e9tat d\u2019ivresse manifeste \u00bb par <a href=\"https:\/\/www.20minutes.fr\/dossier\/policier?at_medium=RSS%20feed&amp;at_campaign=ynews&amp;utm_source=yahoo&amp;utm_medium=rss&amp;utm_campaign=news_feed&amp;utm_content=in_article_link\" rel=\"nofollow noopener\" target=\"_blank\" data-ylk=\"slk:un policier;elm:context_link;itc:0;sec:content-canvas\" class=\"link \">un policier<\/a>, hors service, suspect\u00e9 d\u2019avoir bouscul\u00e9 une femme dans un bar parisien lors d\u2019une altercation, a indiqu\u00e9, ce samedi, <a href=\"https:\/\/www.20minutes.fr\/dossier\/parquet_de_paris?at_medium=RSS%20feed&amp;at_campaign=ynews&amp;utm_source=yahoo&amp;utm_medium=rss&amp;utm_campaign=news_feed&amp;utm_content=in_article_link\" rel=\"nofollow noopener\" target=\"_blank\" data-ylk=\"slk:le parquet de Paris;elm:context_link;itc:0;sec:content-canvas\" class=\"link \">le parquet de Paris<\/a>, confirmant une information du Parisien.<\/p>\n<p class=\"mb-4 text-lg md:leading-8 break-words\">Les faits se seraient d\u00e9roul\u00e9s dans un bar du 6e arrondissement de <a href=\"https:\/\/www.20minutes.fr\/paris\/?at_medium=RSS%20feed&amp;at_campaign=ynews&amp;utm_source=yahoo&amp;utm_medium=rss&amp;utm_campaign=news_feed&amp;utm_content=in_article_link\" rel=\"nofollow noopener\" target=\"_blank\" data-ylk=\"slk:la Capitale;elm:context_link;itc:0;sec:content-canvas\" class=\"link \">la Capitale<\/a>, dans la nuit de vendredi \u00e0 samedi. Le policier, qui s\u2019est pr\u00e9sent\u00e9 de lui-m\u00eame dans un commissariat apr\u00e8s les faits, a \u00e9t\u00e9 plac\u00e9 en garde \u00e0 vue, selon Le Parisien, qui fait \u00e9tat \u00ab d\u2019une altercation entre le policier et une cliente \u00bb, tous les deux \u00ab manifestement alcoolis\u00e9s \u00bb.<\/p>\n<p>\u00ab Aucune notion d\u2019exhibition d\u2019une arme \u00bb<\/p>\n<p class=\"mb-4 text-lg md:leading-8 break-words\">Le fonctionnaire, qui serait commissaire en Bretagne, aurait notamment \u00ab violemment pouss\u00e9 au sol \u00bb la femme, dont la t\u00eate aurait heurt\u00e9 le sol, toujours d\u2019apr\u00e8s les informations livr\u00e9es par le quotidien.<\/p>\n<p class=\"mb-4 text-lg md:leading-8 break-words\">\u00ab S\u2019il appara\u00eet que le mis en cause \u00e9tait en effet en \u00e9tat d\u2019ivresse au moment des faits, il n\u2019y a, \u00e0 ce stade des investigations, aucune notion d\u2019exhibition d\u2019une arme \u00bb, pr\u00e9cise, de son c\u00f4t\u00e9, le minist\u00e8re public. Le parquet a ajout\u00e9 que les investigations se poursuivaient, \u00ab notamment aux fins de d\u00e9termination de l\u2019incapacit\u00e9 totale de travail de la victime \u00bb.<\/p>\n<p class=\"mb-4 text-lg md:leading-8 break-words\"><a href=\"https:\/\/www.20minutes.fr\/faits_divers\/4190064-20251206-paris-enquete-ouverte-violences-commises-policier-hors-service-ivre-bar?at_medium=RSS%20feed&amp;at_campaign=ynews&amp;utm_source=yahoo&amp;utm_medium=rss&amp;utm_campaign=news_feed&amp;utm_content=read_more_link&quot;\" rel=\"nofollow noopener\" target=\"_blank\" data-ylk=\"slk:Lire la suite sur 20minutes;elm:context_link;itc:0;sec:content-canvas\" class=\"link \">Lire la suite sur 20minutes<\/a><\/p>\n<p>\u00c0 lire aussi :<br \/><a href=\"https:\/\/www.20minutes.fr\/justice\/4186773-20251120-ardeche-accuse-violences-manifestants-policier-vise-enquete?at_medium=RSS%20feed&amp;at_campaign=ynews&amp;utm_source=yahoo&amp;utm_medium=rss&amp;utm_campaign=news_feed&amp;utm_content=related_content_link\" rel=\"nofollow noopener\" target=\"_blank\" data-ylk=\"slk:Ard\u00e8che : Accus\u00e9 de violences sur des manifestants, un policier vis\u00e9 par une enqu\u00eate;elm:context_link;itc:0;sec:content-canvas\" class=\"link \">Ard\u00e8che : Accus\u00e9 de violences sur des manifestants, un policier vis\u00e9 par une enqu\u00eate<\/a><br \/><a href=\"https:\/\/www.20minutes.fr\/faits_divers\/4183461-20251104-bas-rhin-policier-hors-service-permet-eviter-drame-parking?at_medium=RSS%20feed&amp;at_campaign=ynews&amp;utm_source=yahoo&amp;utm_medium=rss&amp;utm_campaign=news_feed&amp;utm_content=related_content_link\" rel=\"nofollow noopener\" target=\"_blank\" data-ylk=\"slk:Bas-Rhin : Un policier hors service permet d\u2019\u00e9viter un drame sur un parking;elm:context_link;itc:0;sec:content-canvas\" class=\"link \">Bas-Rhin : Un policier hors service permet d\u2019\u00e9viter un drame sur un parking<\/a><\/p>\n","protected":false},"excerpt":{"rendered":"investigations &#8211; Le parquet de Paris a annonc\u00e9 l\u2019ouverture d\u2019une enqu\u00eate visant un policier pour des faits de&hellip;\n","protected":false},"author":2,"featured_media":582359,"comment_status":"","ping_status":"","sticky":false,"template":"","format":"standard","meta":{"footnotes":""},"categories":[1888],"tags":[1111,1928,11,1927,1067,69603,1777,674,1011,27,59679,12,1926,626,1925,25,11436,2949],"class_list":{"0":"post-582358","1":"post","2":"type-post","3":"status-publish","4":"format-standard","5":"has-post-thumbnail","7":"category-paris","8":"tag-actu","9":"tag-actu-paris","10":"tag-actualites","11":"tag-actualites-paris","12":"tag-enquete","13":"tag-etat-divresse","14":"tag-eu","15":"tag-europe","16":"tag-fr","17":"tag-france","18":"tag-investigations","19":"tag-news","20":"tag-news-paris","21":"tag-paris","22":"tag-paris-news","23":"tag-republique-francaise","24":"tag-une-femme","25":"tag-violences"},"share_on_mastodon":{"url":"https:\/\/pubeurope.com\/@fr\/115673294720872778","error":""},"_links":{"self":[{"href":"https:\/\/www.europesays.com\/fr\/wp-json\/wp\/v2\/posts\/582358","targetHints":{"allow":["GET"]}}],"collection":[{"href":"https:\/\/www.europesays.com\/fr\/wp-json\/wp\/v2\/posts"}],"about":[{"href":"https:\/\/www.europesays.com\/fr\/wp-json\/wp\/v2\/types\/post"}],"author":[{"embeddable":true,"href":"https:\/\/www.europesays.com\/fr\/wp-json\/wp\/v2\/users\/2"}],"replies":[{"embeddable":true,"href":"https:\/\/www.europesays.com\/fr\/wp-json\/wp\/v2\/comments?post=582358"}],"version-history":[{"count":0,"href":"https:\/\/www.europesays.com\/fr\/wp-json\/wp\/v2\/posts\/582358\/revisions"}],"wp:featuredmedia":[{"embeddable":true,"href":"https:\/\/www.europesays.com\/fr\/wp-json\/wp\/v2\/media\/582359"}],"wp:attachment":[{"href":"https:\/\/www.europesays.com\/fr\/wp-json\/wp\/v2\/media?parent=582358"}],"wp:term":[{"taxonomy":"category","embeddable":true,"href":"https:\/\/www.europesays.com\/fr\/wp-json\/wp\/v2\/categories?post=582358"},{"taxonomy":"post_tag","embeddable":true,"href":"https:\/\/www.europesays.com\/fr\/wp-json\/wp\/v2\/tags?post=582358"}],"curies":[{"name":"wp","href":"https:\/\/api.w.org\/{rel}","templated":true}]}}