{"id":582361,"date":"2025-12-06T15:20:24","date_gmt":"2025-12-06T15:20:24","guid":{"rendered":"https:\/\/www.europesays.com\/fr\/582361\/"},"modified":"2025-12-06T15:20:24","modified_gmt":"2025-12-06T15:20:24","slug":"les-restrictions-de-circulation-et-de-stationnement-pour-ce-dimanche","status":"publish","type":"post","link":"https:\/\/www.europesays.com\/fr\/582361\/","title":{"rendered":"les restrictions de circulation et de stationnement pour ce dimanche"},"content":{"rendered":"<p>                    Par<br \/>\n        <strong><br \/>\n            <a href=\"https:\/\/actu.fr\/auteur\/glenn-gillet\" title=\"Consulter tous les articles de Glenn Gillet\" target=\"_blank\" rel=\"noopener\">Glenn Gillet<\/a><br \/>\n                    <\/strong><\/p>\n<p>        Publi\u00e9 le<\/p>\n<p>            6 d\u00e9c. 2025 \u00e0 15h06        <\/p>\n<p>Ils sont <strong>20\u2009000<\/strong> \u00e0 \u00eatre attendus sur la ligne de d\u00e9part. Le <a href=\"https:\/\/www.10kmtoureiffel.fr\/infospratiques\" target=\"_blank\" rel=\"noopener\">Saucony 10km de la Tour Eiffel<\/a>, troisi\u00e8me \u00e9dition de cette course de l\u2019ouest de Paris devenue embl\u00e9matique, se d\u00e9roule ce dimanche 7 d\u00e9cembre 2025. Pour permettre la circulation des <a href=\"https:\/\/actu.fr\/ile-de-france\/paris_75056\/faire-vivre-la-memoire-autrement-une-course-jusqu-a-paris-pour-les-10-ans-des-attentats-du-13-novembre_63352679.html\" target=\"_blank\" rel=\"noopener\">coureurs<\/a>, qui d\u00e9fileront exclusivement dans le 7e arrondissement de la capitale, la <a href=\"https:\/\/actu.fr\/ile-de-france\/paris_75056\/insecurite-delinquance-les-defis-de-patrice-faure-nouveau-patron-de-la-prefecture-de-police-de-paris_63356137.html\" target=\"_blank\" rel=\"noopener\">pr\u00e9fecture de police<\/a> a pr\u00e9vu un dispositif de s\u00e9curit\u00e9 sp\u00e9cifique qui implique des <strong>restrictions concernant la circulation et le stationnement<\/strong> des v\u00e9hicules non seulement dans le <strong>7e<\/strong>, mais aussi aux limites des<strong>\u00a08e et 16e arrondissements<\/strong>.<\/p>\n<p>Des restrictions \u00e0 partir de la nuit de samedi \u00e0 dimanche<\/p>\n<p class=\" wall-content\">Le d\u00e9part de la course s\u2019effectuera <strong>\u00e0 9h<\/strong> avenue de Suffren, en face du si\u00e8ge de l\u2019Unesco. Les participants passeront ensuite du c\u00f4t\u00e9 du Champ-de-Mars pour rejoindre la Tour Eiffel, avant de repartir du c\u00f4t\u00e9 d\u2019Invalides. La ligne d\u2019arriv\u00e9e sera situ\u00e9e avenue de Lowendal, \u00e0 proximit\u00e9 de l\u2019intersection avec l\u2019avenue Duquesne, c\u00f4t\u00e9 \u00c9cole militaire. Le parcours d\u00e9taill\u00e9 est \u00e0 retrouver ci-dessous.<\/p>\n<p>    <img   decoding=\"async\" loading=\"lazy\" src=\"https:\/\/www.europesays.com\/fr\/wp-content\/uploads\/2025\/12\/10k-880x640.png\" alt=\"Le parcours des 10km de la Tour Eiffel qui a lieu ce dimanche 7 d\u00e9cembre 2025.\" width=\"880\" height=\"640\"\/><br \/>\n    Le parcours des 10km de la Tour Eiffel qui a lieu ce dimanche 7\u00a0d\u00e9cembre 2025. (\u00a9Saucony 10km de la Tour Eiffel)<\/p>\n<p class=\" wall-content\">Dans son arr\u00eat\u00e9 pris le 27\u00a0novembre, la pr\u00e9fecture de police pr\u00e9cise que les restrictions de circulation et de stationnement d\u00e9buteront dans la nuit de samedi \u00e0 dimanche.<\/p>\n<p class=\" wall-content\"><strong>Le stationnement sera interdit sur les voies suivantes du 7e arrondissement entre minuit et 14h \u2009:<\/strong><\/p>\n<ul class=\" wall-content\">\n<li>avenue de Suffren, entre l\u2019avenue de Lowendal et la rue Barth\u00e9lemy\u2009;<\/li>\n<li>place de Fontenoy-Unesco\u2009;<\/li>\n<li>rue d\u2019Estr\u00e9es, de l\u2019avenue Lowendal \u00e0 l\u2019avenue de S\u00e9gur\u2009;<\/li>\n<li>avenue de S\u00e9gur, de l\u2019avenue de Suffren \u00e0 l\u2019avenue de Saxe\u2009;<\/li>\n<li>avenue de Lowendal, de l\u2019avenue de Suffren \u00e0 l\u2019avenue Duquesne.<\/li>\n<\/ul>\n<p class=\" wall-content\"><strong>La circulation de \u00ab\u2009tout v\u00e9hicule \u00e0 moteur\u2009\u00bb sera quant \u00e0 elle interdite sur les voies suivantes\u2009:<\/strong><\/p>\n<ul class=\" wall-content\">\n<li>De 3h \u00e0 14h\u2009: avenue de Suffren (de l\u2019avenue de Lowendal \u00e0 la rue Barth\u00e9lemy)\u2009;<\/li>\n<li>De 3h \u00e0 14h\u2009: avenue de S\u00e9gur (de l\u2019avenue Suffren \u00e0 l\u2019avenue de Saxe)\u2009;<\/li>\n<li>De 3h \u00e0 15h\u2009: place Vauban et avenue de Breteuil (entre la rue d\u2019Estr\u00e9es et la place Vauban)\u2009;<\/li>\n<li>De 3 \u00e0 17h\u2009: avenue de Lowendal (de l\u2019avenue de Suffren \u00e0 l\u2019avenue Duquesne), place de Fontenoy-Unesco\u2009; avenue de Saxe (de l\u2019avenue de S\u00e9gur \u00e0 la place de Fontenoy-Unesco) et rue d\u2019Estr\u00e9es (de la place de Fontenoy-Unesco \u00e0 l\u2019avenue de S\u00e9gur)\u2009;<\/li>\n<li>De 8h \u00e0 11h\u2009: pont de l\u2019Alma\u2009;<\/li>\n<li>De 8h \u00e0 12h sur le parcours de la course\u2009: carrefour du G\u00e9n\u00e9ral Jacques P\u00e2ris de Bollardi\u00e8re, place Joffre, place de l\u2019\u00c9cole Militaire, avenue de La Bourdonnais, place du G\u00e9n\u00e9ral Gouraud, avenue Joseph Bouvard, place Jacques Rueff, avenue de La Bourdonnais, quai Jacques Chirac, quai Branly, place de la R\u00e9sistance, avenue Bosquet, place de l\u2019\u00c9cole Militaire, avenue de La Motte-Picquet, boulevard de la Tour-Maubourg, quai d\u2019Orsay, avenue du Mar\u00e9chal Gallieni, place des Invalides, rue de Grenelle, boulevard des Invalides, avenue de Tourville, place Vauban, avenue de Villars, boulevard des Invalides, rue Duroc, place de Breteuil, avenue de Breteuil, c\u00f4t\u00e9 impair, place Vauban, avenue de Tourville, avenue de Breteuil, c\u00f4t\u00e9 pair, place de Breteuil, avenue de Saxe, avenue de S\u00e9gur, place Vauban, avenue de Tourville, boulevard de la Tour-Maubourg.<\/li>\n<\/ul>\n<p class=\" wall-content\">Personnalisez votre actualit\u00e9 en ajoutant vos villes et m\u00e9dias en favori avec <a href=\"https:\/\/moncompte.actu.fr\" title=\"D\u00e9couvez Mon Actu\" rel=\"nofollow noopener\" data-trk=\"{&quot;cta&quot;:{&quot;action&quot;:&quot;https:\\\/\\\/moncompte.actu.fr&quot;,&quot;category&quot;:&quot;mon compte&quot;,&quot;from&quot;:&quot;article footer&quot;,&quot;name&quot;:&quot;Mon actu&quot;,&quot;type&quot;:&quot;cta&quot;}}\" target=\"_blank\">Mon Actu<\/a>.<\/p>\n","protected":false},"excerpt":{"rendered":"Par Glenn Gillet Publi\u00e9 le 6 d\u00e9c. 2025 \u00e0 15h06 Ils sont 20\u2009000 \u00e0 \u00eatre attendus sur la&hellip;\n","protected":false},"author":2,"featured_media":582362,"comment_status":"","ping_status":"","sticky":false,"template":"","format":"standard","meta":{"footnotes":""},"categories":[1888],"tags":[11,4132,1777,674,1011,27,12,626,1931,25,60,7184],"class_list":{"0":"post-582361","1":"post","2":"type-post","3":"status-publish","4":"format-standard","5":"has-post-thumbnail","7":"category-paris","8":"tag-actualites","9":"tag-athletisme","10":"tag-eu","11":"tag-europe","12":"tag-fr","13":"tag-france","14":"tag-news","15":"tag-paris","16":"tag-prefecture-de-police-de-paris","17":"tag-republique-francaise","18":"tag-sports","19":"tag-tour-eiffel"},"share_on_mastodon":{"url":"https:\/\/pubeurope.com\/@fr\/115673303771539037","error":""},"_links":{"self":[{"href":"https:\/\/www.europesays.com\/fr\/wp-json\/wp\/v2\/posts\/582361","targetHints":{"allow":["GET"]}}],"collection":[{"href":"https:\/\/www.europesays.com\/fr\/wp-json\/wp\/v2\/posts"}],"about":[{"href":"https:\/\/www.europesays.com\/fr\/wp-json\/wp\/v2\/types\/post"}],"author":[{"embeddable":true,"href":"https:\/\/www.europesays.com\/fr\/wp-json\/wp\/v2\/users\/2"}],"replies":[{"embeddable":true,"href":"https:\/\/www.europesays.com\/fr\/wp-json\/wp\/v2\/comments?post=582361"}],"version-history":[{"count":0,"href":"https:\/\/www.europesays.com\/fr\/wp-json\/wp\/v2\/posts\/582361\/revisions"}],"wp:featuredmedia":[{"embeddable":true,"href":"https:\/\/www.europesays.com\/fr\/wp-json\/wp\/v2\/media\/582362"}],"wp:attachment":[{"href":"https:\/\/www.europesays.com\/fr\/wp-json\/wp\/v2\/media?parent=582361"}],"wp:term":[{"taxonomy":"category","embeddable":true,"href":"https:\/\/www.europesays.com\/fr\/wp-json\/wp\/v2\/categories?post=582361"},{"taxonomy":"post_tag","embeddable":true,"href":"https:\/\/www.europesays.com\/fr\/wp-json\/wp\/v2\/tags?post=582361"}],"curies":[{"name":"wp","href":"https:\/\/api.w.org\/{rel}","templated":true}]}}