{"id":582363,"date":"2025-12-06T15:21:21","date_gmt":"2025-12-06T15:21:21","guid":{"rendered":"https:\/\/www.europesays.com\/fr\/582363\/"},"modified":"2025-12-06T15:21:21","modified_gmt":"2025-12-06T15:21:21","slug":"la-russie-poursuit-ses-frappes-ukrainiens-et-americains-en-discussions-en-floride","status":"publish","type":"post","link":"https:\/\/www.europesays.com\/fr\/582363\/","title":{"rendered":"La Russie poursuit ses frappes, Ukrainiens et Am\u00e9ricains en discussions en Floride"},"content":{"rendered":"<p>Au total, ce sont 653 drones et 51 missiles russes qui ont vis\u00e9 dans la nuit l&rsquo;Ukraine, a pr\u00e9cis\u00e9 l&rsquo;arm\u00e9e ukrainienne.<\/p>\n<p>\u00ab\u00a0Les principales cibles de ces frappes ont, une fois de plus, \u00e9t\u00e9 des installations \u00e9nerg\u00e9tiques. L&rsquo;objectif de la Russie est d&rsquo;infliger des souffrances \u00e0 des millions d&rsquo;Ukrainiens\u00a0\u00bb, a r\u00e9agi le pr\u00e9sident Volodymyr Zelensky sur les r\u00e9seaux sociaux, alors que des milliers de foyers \u00e9taient \u00e0 nouveau priv\u00e9s de chauffage en plein hiver.<\/p>\n<p>La Russie \u00ab\u00a0attaque massivement la r\u00e9gion de Kiev avec des drones et des missiles\u00a0\u00bb, avait indiqu\u00e9 samedi \u00e0 l&rsquo;aube le gouverneur r\u00e9gional Mykola Kalachnyk, faisant \u00e9tat de trois bless\u00e9s. <\/p>\n<p>Des drones et des missiles ont \u00e9galement pris pour cible des sites \u00e9nerg\u00e9tiques dans les r\u00e9gions de Tcherniguiv (nord), Zaporijjia (sud), Lviv (ouest) et Dnipropetrovsk (centre-est), ont affirm\u00e9 des responsables officiels.<\/p>\n<p>\u00ab\u00a0Dans la r\u00e9gion d&rsquo;Odessa (sud-ouest), 9.500 abonn\u00e9s sont toujours priv\u00e9s de chauffage et 34.000 d&rsquo;eau courante en raison des d\u00e9g\u00e2ts\u00a0\u00bb, a pr\u00e9cis\u00e9 le vice-Premier ministre charg\u00e9 de la Reconstruction, Oleksi\u00ef Kouleba. <\/p>\n<p>De son c\u00f4t\u00e9, le minist\u00e8re russe de la D\u00e9fense a indiqu\u00e9 que 116 drones ukrainiens avaient \u00e9t\u00e9 intercept\u00e9s au-dessus de la Russie dans la nuit.<\/p>\n<p>C&rsquo;est dans ce contexte, qui fait le quotidien de l&rsquo;Ukraine depuis le lancement de son invasion par l&rsquo;arm\u00e9e russe en f\u00e9vrier 2022, que des discussions entre responsables ukrainiens et am\u00e9ricains doivent reprendre \u00e0 Miami samedi.<\/p>\n<p>&#8211; \u00ab\u00a0La volont\u00e9 de la Russie\u00a0\u00bb &#8211;<\/p>\n<p>\u00ab\u00a0Les deux parties sont convenues que tout progr\u00e8s r\u00e9el vers un accord d\u00e9pendait de la volont\u00e9 de la Russie de s&rsquo;engager s\u00e9rieusement en faveur d&rsquo;une paix durable, notamment par des mesures de d\u00e9sescalade et l&rsquo;arr\u00eat des tueries\u00a0\u00bb, a d\u00e9clar\u00e9 vendredi soir le d\u00e9partement d&rsquo;Etat en bouclant la deuxi\u00e8me journ\u00e9e de ces pourparlers.<\/p>\n<p>Il a pr\u00e9cis\u00e9 que les participants s&rsquo;\u00e9taient \u00ab\u00a0mis d&rsquo;accord sur le cadre des arrangements de s\u00e9curit\u00e9 (..) et des capacit\u00e9s de dissuasion n\u00e9cessaires pour maintenir une paix durable\u00a0\u00bb apr\u00e8s un cessez-le-feu.<\/p>\n<p>C\u00f4t\u00e9 am\u00e9ricain, l&rsquo;\u00e9missaire de Donald Trump, Steve Witkoff, ainsi que le gendre du pr\u00e9sident, Jared Kushner, participent aux discussions pr\u00e8s de Miami, en Floride (sud-est).<\/p>\n<p>C\u00f4t\u00e9 ukrainien, il s&rsquo;agit du n\u00e9gociateur en chef Roustem Oumerov et du chef d&rsquo;\u00e9tat-major des forces arm\u00e9es ukrainiennes Andri\u00ef Gnatov.<\/p>\n<p>&#8211; Mise en garde de l&rsquo;UE &#8211;<\/p>\n<p>L&rsquo;Union europ\u00e9enne, grande absente de ces n\u00e9gociations auxquelles elle n&rsquo;a pas \u00e9t\u00e9 convi\u00e9e, a une nouvelle fois mis en garde samedi contre un processus per\u00e7u \u00e0 Bruxelles comme favorable \u00e0 Vladimir Poutine.<\/p>\n<p>\u00ab\u00a0Imposer des restrictions et des contraintes \u00e0 l&rsquo;Ukraine ne nous apportera pas une paix durable\u00a0\u00bb, a d\u00e9clar\u00e9 la cheffe de la diplomatie europ\u00e9enne, Kaja Kallas.<\/p>\n<p>\u00ab\u00a0Si l&rsquo;agression est r\u00e9compens\u00e9e, elle se reproduira, non seulement en Ukraine ou \u00e0 Gaza, mais partout dans le monde\u00a0\u00bb, a-t-elle ajout\u00e9.<\/p>\n<p>Depuis la pr\u00e9sentation du plan am\u00e9ricain il y a bient\u00f4t trois semaines, plusieurs sessions de pourparlers ont eu lieu avec les Ukrainiens \u00e0 Gen\u00e8ve et en Floride pour tenter d&rsquo;amender le texte en faveur de Kiev.<\/p>\n<p>Le document a aussi \u00e9t\u00e9 pr\u00e9sent\u00e9 mardi au pr\u00e9sident Vladimir Poutine lors d&rsquo;une visite \u00e0 Moscou de Steve Witkoff et Jared Kushner.<\/p>\n<p>Peu de d\u00e9tails ont filtr\u00e9 sur ce plan amend\u00e9, apr\u00e8s qu&rsquo;une version initiale avait \u00e9t\u00e9 per\u00e7ue par Kiev et les Europ\u00e9ens comme \u00e9tant largement favorable \u00e0 la Russie.<\/p>\n<p>Dans son communiqu\u00e9, le d\u00e9partement d&rsquo;Etat pr\u00e9cise que les participants \u00ab\u00a0ont discut\u00e9 des r\u00e9sultats\u00a0\u00bb de la r\u00e9union \u00e0 Moscou et que M. Oumerov a r\u00e9affirm\u00e9 que la priorit\u00e9 de l&rsquo;Ukraine \u00e9tait de parvenir \u00e0 un accord \u00ab\u00a0qui prot\u00e8ge son ind\u00e9pendance et sa souverainet\u00e9\u00a0\u00bb.<\/p>\n<p><img alt=\"L'\u00e9missaire am\u00e9ricain Steve Witkoff (\u00e0 droite) et le gendre du pr\u00e9sident Donald Trump, Jared Kushner, le 2 d\u00e9cembre 2025 \u00e0 Moscou\" loading=\"lazy\" decoding=\"async\" data-nimg=\"fill\" class=\" TwicCore_img__i9TC1 undefined  undefined\" style=\"position:absolute;height:100%;width:100%;left:0;top:0;right:0;bottom:0;color:transparent;background-size:cover;background-position:50% 50%;background-repeat:no-repeat;background-image:url(&quot;data:image\/svg+xml;charset=utf-8,%3Csvg xmlns='http:\/\/www.w3.org\/2000\/svg' %3E%3Cfilter id='b' color-interpolation-filters='sRGB'%3E%3CfeGaussianBlur stdDeviation='20'\/%3E%3CfeColorMatrix values='1 0 0 0 0 0 1 0 0 0 0 0 1 0 0 0 0 0 100 -1' result='s'\/%3E%3CfeFlood x='0' y='0' width='100%25' height='100%25'\/%3E%3CfeComposite operator='out' in='s'\/%3E%3CfeComposite in2='SourceGraphic'\/%3E%3CfeGaussianBlur stdDeviation='20'\/%3E%3C\/filter%3E%3Cimage width='100%25' height='100%25' x='0' y='0' preserveAspectRatio='none' style='filter: url(%23b);' href='https:\/\/pictures.laprovence.com\/cdn-cgi\/image\/blur=250\/media\/afp\/a89ffcd449ca6197c289c15317b2b1a34f6ec233.jpg'\/%3E%3C\/svg%3E&quot;)\"   src=\"https:\/\/www.europesays.com\/fr\/wp-content\/uploads\/2025\/12\/a89ffcd449ca6197c289c15317b2b1a34f6ec233.jpg\"\/>L&rsquo;\u00e9missaire am\u00e9ricain Steve Witkoff (\u00e0 droite) et le gendre du pr\u00e9sident Donald Trump, Jared Kushner, le 2 d\u00e9cembre 2025 \u00e0 Moscou PHOTO AFP \/ Alexander KAZAKOV<\/p>\n<p>Apr\u00e8s la rencontre dans la capitale russe, le Kremlin a assur\u00e9 que des progr\u00e8s avaient \u00e9t\u00e9 r\u00e9alis\u00e9s mais qu&rsquo;il restait \u00ab\u00a0beaucoup de travail\u00a0\u00bb pour aboutir \u00e0 un r\u00e8glement du conflit d\u00e9clench\u00e9 par l&rsquo;invasion russe de f\u00e9vrier 2022.<\/p>\n<p>Le conseiller diplomatique du Kremlin, Iouri Ouchakov, a soulign\u00e9 vendredi que la r\u00e9union de mardi \u00e0 Moscou s&rsquo;\u00e9tait d\u00e9roul\u00e9e dans une ambiance cordiale.<\/p>\n<p>Le chef de l&rsquo;Etat russe et M. Witkoff ont eu une \u00ab\u00a0conversation v\u00e9ritablement amicale et ils se comprennent\u00a0\u00bb, a dit M. Ouchakov \u00e0 la t\u00e9l\u00e9vision d&rsquo;\u00c9tat russe.<\/p>\n","protected":false},"excerpt":{"rendered":"Au total, ce sont 653 drones et 51 missiles russes qui ont vis\u00e9 dans la nuit l&rsquo;Ukraine, a&hellip;\n","protected":false},"author":2,"featured_media":582364,"comment_status":"","ping_status":"","sticky":false,"template":"","format":"standard","meta":{"footnotes":""},"categories":[1591],"tags":[17,11,2450,10511,1887,329,2535,12,2406,1885,1886,132,2407,10884],"class_list":{"0":"post-582363","1":"post","2":"type-post","3":"status-publish","4":"format-standard","5":"has-post-thumbnail","7":"category-russie","8":"tag-17","9":"tag-actualites","10":"tag-americains","11":"tag-discussions","12":"tag-federation-de-russie","13":"tag-france-monde","14":"tag-frappes","15":"tag-news","16":"tag-poursuit","17":"tag-russia","18":"tag-russian-federation","19":"tag-russie","20":"tag-ses","21":"tag-ukrainiens"},"share_on_mastodon":{"url":"https:\/\/pubeurope.com\/@fr\/115673307445796051","error":""},"_links":{"self":[{"href":"https:\/\/www.europesays.com\/fr\/wp-json\/wp\/v2\/posts\/582363","targetHints":{"allow":["GET"]}}],"collection":[{"href":"https:\/\/www.europesays.com\/fr\/wp-json\/wp\/v2\/posts"}],"about":[{"href":"https:\/\/www.europesays.com\/fr\/wp-json\/wp\/v2\/types\/post"}],"author":[{"embeddable":true,"href":"https:\/\/www.europesays.com\/fr\/wp-json\/wp\/v2\/users\/2"}],"replies":[{"embeddable":true,"href":"https:\/\/www.europesays.com\/fr\/wp-json\/wp\/v2\/comments?post=582363"}],"version-history":[{"count":0,"href":"https:\/\/www.europesays.com\/fr\/wp-json\/wp\/v2\/posts\/582363\/revisions"}],"wp:featuredmedia":[{"embeddable":true,"href":"https:\/\/www.europesays.com\/fr\/wp-json\/wp\/v2\/media\/582364"}],"wp:attachment":[{"href":"https:\/\/www.europesays.com\/fr\/wp-json\/wp\/v2\/media?parent=582363"}],"wp:term":[{"taxonomy":"category","embeddable":true,"href":"https:\/\/www.europesays.com\/fr\/wp-json\/wp\/v2\/categories?post=582363"},{"taxonomy":"post_tag","embeddable":true,"href":"https:\/\/www.europesays.com\/fr\/wp-json\/wp\/v2\/tags?post=582363"}],"curies":[{"name":"wp","href":"https:\/\/api.w.org\/{rel}","templated":true}]}}