{"id":582365,"date":"2025-12-06T15:22:14","date_gmt":"2025-12-06T15:22:14","guid":{"rendered":"https:\/\/www.europesays.com\/fr\/582365\/"},"modified":"2025-12-06T15:22:14","modified_gmt":"2025-12-06T15:22:14","slug":"des-sites-energetiques-touches-par-des-frappes-de-drones-et-de-missiles-russes","status":"publish","type":"post","link":"https:\/\/www.europesays.com\/fr\/582365\/","title":{"rendered":"des sites \u00e9nerg\u00e9tiques touch\u00e9s par des frappes de drones et de missiles russes"},"content":{"rendered":"<p>De nouvelles frappes russes massives contre des infrastructures ukrainiennes, essentiellement des sites \u00e9nerg\u00e9tiques, ont priv\u00e9 de chauffage et d&rsquo;eau des milliers de foyers, a annonc\u00e9 samedi 6 d\u00e9cembre Kiev. Au total, ce sont 653 drones et 51 missiles qui ont vis\u00e9 dans la nuit l&rsquo;Ukraine, a pr\u00e9cis\u00e9 l&rsquo;arm\u00e9e de l&rsquo;air ukrainienne.<\/p>\n<p>Le minist\u00e8re russe de la D\u00e9fense a affirm\u00e9 que ces frappes avaient vis\u00e9 des entreprises du \u00ab\u2009complexe militaro-industriel ukrainien et des infrastructures \u00e9nerg\u00e9tiques qui assurent leur fonctionnement\u2009\u00bb, ainsi que des infrastructures portuaires utilis\u00e9es \u00ab\u2009dans l&rsquo;int\u00e9r\u00eat des forces arm\u00e9es ukrainiennes\u2009\u00bb.<\/p>\n<p>N\u00e9gociations entre l&rsquo;Ukraine et les Etats-Unis en Floride&#13;\n<\/p>\n<p>Ces attaques ont eu lieu alors que n\u00e9gociateurs ukrainiens et am\u00e9ricains se retrouvent samedi en Floride pour leur troisi\u00e8me journ\u00e9e cons\u00e9cutive de discussions sur le plan de Washington, destin\u00e9 \u00e0 mettre fin \u00e0 pr\u00e8s de quatre ans de guerre avec la Russie, dont les forces poursuivent leur avanc\u00e9e sur le front et leurs bombardements nocturnes.\u00a0<\/p>\n<p>\u00ab\u2009Les principales cibles de ces frappes ont, une fois de plus, \u00e9t\u00e9 des installations \u00e9nerg\u00e9tiques. L&rsquo;objectif de la Russie est d&rsquo;infliger des souffrances \u00e0 des millions d&rsquo;Ukrainiens\u2009\u00bb, a r\u00e9agi le pr\u00e9sident Volodymyr Zelensky sur les r\u00e9seaux sociaux.<\/p>\n<p>Des drones ont en outre touch\u00e9 et \u00ab\u2009incendi\u00e9 le b\u00e2timent principal de la gare de Fastiv\u2009\u00bb, une ville situ\u00e9e \u00e0 environ 70 km au sud-ouest de la capitale ukrainienne, a-t-il soulign\u00e9.\u00a0<\/p>\n<p>Le trafic ferroviaire a \u00e9t\u00e9 temporairement perturb\u00e9 samedi matin, a indiqu\u00e9 Ukrzaliznytsia, la compagnie ferroviaire nationale ukrainienne.\u00a0<\/p>\n<p>Des milliers de foyers priv\u00e9s de chauffage&#13;\n<\/p>\n<p>Des drones et des missiles ont \u00e9galement pris pour cible des sites \u00e9nerg\u00e9tiques dans les r\u00e9gions de Tcherniguiv (nord), Zaporijjia (sud), Lviv (ouest) et Dnipropetrovsk (centre-est), ont affirm\u00e9 des responsables officiels. \u00ab\u2009Dans la r\u00e9gion d&rsquo;Odessa (sud-ouest), 9 500 abonn\u00e9s sont toujours priv\u00e9s de chauffage et 34 000 d&rsquo;eau courante en raison des d\u00e9g\u00e2ts\u2009\u00bb, a pr\u00e9cis\u00e9 le vice-Premier ministre charg\u00e9 de la Reconstruction, Oleksi\u00ef Kouleba.\u00a0<\/p>\n<p>\u00ab\u2009Des coupures de courant tournantes suppl\u00e9mentaires seront n\u00e9cessaires dans l&rsquo;ensemble du pays\u2009\u00bb afin de stabiliser le r\u00e9seau pendant la poursuite des travaux de r\u00e9paration, a pour sa part affirm\u00e9 la Premi\u00e8re ministre Ioulia Svyrydenko sur X.<\/p>\n<p>En Moldavie, le gestionnaire du r\u00e9seau de transport d&rsquo;\u00e9lectricit\u00e9, Moldelectrica, a fait \u00e9tat sur Facebook de probl\u00e8mes cons\u00e9cutifs aux frappes sur le syst\u00e8me \u00e9nergique de l&rsquo;Ukraine voisine et indiqu\u00e9 avoir demand\u00e9 l&rsquo;aide de la Roumanie. \u00ab\u2009Un important groupe \u00e9nerg\u00e9tique a \u00e9t\u00e9 d\u00e9connect\u00e9 et les lignes d&rsquo;interconnexion sont proches de leur limite. En raison du d\u00e9passement du flux pr\u00e9vu, Moldelectrica a demand\u00e9 une assistance d&rsquo;urgence \u00e0 la Roumanie \u00e0 titre pr\u00e9ventif pour les prochaines heures\u2009\u00bb, a-t-il dit.<\/p>\n","protected":false},"excerpt":{"rendered":"De nouvelles frappes russes massives contre des infrastructures ukrainiennes, essentiellement des sites \u00e9nerg\u00e9tiques, ont priv\u00e9 de chauffage et&hellip;\n","protected":false},"author":2,"featured_media":582366,"comment_status":"","ping_status":"","sticky":false,"template":"","format":"standard","meta":{"footnotes":""},"categories":[1590],"tags":[17,11,28112,56827,2024,1777,674,2535,67723,8908,12,2536,13899,20240,220],"class_list":{"0":"post-582365","1":"post","2":"type-post","3":"status-publish","4":"format-standard","5":"has-post-thumbnail","7":"category-ukraine","8":"tag-17","9":"tag-actualites","10":"tag-critiques","11":"tag-defense-et-aerospatiale","12":"tag-drones","13":"tag-eu","14":"tag-europe","15":"tag-frappes","16":"tag-massives","17":"tag-missiles","18":"tag-news","19":"tag-russes","20":"tag-sites","21":"tag-touches","22":"tag-ukraine"},"share_on_mastodon":{"url":"https:\/\/pubeurope.com\/@fr\/115673310496985264","error":""},"_links":{"self":[{"href":"https:\/\/www.europesays.com\/fr\/wp-json\/wp\/v2\/posts\/582365","targetHints":{"allow":["GET"]}}],"collection":[{"href":"https:\/\/www.europesays.com\/fr\/wp-json\/wp\/v2\/posts"}],"about":[{"href":"https:\/\/www.europesays.com\/fr\/wp-json\/wp\/v2\/types\/post"}],"author":[{"embeddable":true,"href":"https:\/\/www.europesays.com\/fr\/wp-json\/wp\/v2\/users\/2"}],"replies":[{"embeddable":true,"href":"https:\/\/www.europesays.com\/fr\/wp-json\/wp\/v2\/comments?post=582365"}],"version-history":[{"count":0,"href":"https:\/\/www.europesays.com\/fr\/wp-json\/wp\/v2\/posts\/582365\/revisions"}],"wp:featuredmedia":[{"embeddable":true,"href":"https:\/\/www.europesays.com\/fr\/wp-json\/wp\/v2\/media\/582366"}],"wp:attachment":[{"href":"https:\/\/www.europesays.com\/fr\/wp-json\/wp\/v2\/media?parent=582365"}],"wp:term":[{"taxonomy":"category","embeddable":true,"href":"https:\/\/www.europesays.com\/fr\/wp-json\/wp\/v2\/categories?post=582365"},{"taxonomy":"post_tag","embeddable":true,"href":"https:\/\/www.europesays.com\/fr\/wp-json\/wp\/v2\/tags?post=582365"}],"curies":[{"name":"wp","href":"https:\/\/api.w.org\/{rel}","templated":true}]}}