{"id":582371,"date":"2025-12-06T15:25:17","date_gmt":"2025-12-06T15:25:17","guid":{"rendered":"https:\/\/www.europesays.com\/fr\/582371\/"},"modified":"2025-12-06T15:25:17","modified_gmt":"2025-12-06T15:25:17","slug":"32-000-ornais-ont-ete-envoyes-dans-des-usines-allemandes-pour-le-sto-des-1942-une-conference-a-alencon","status":"publish","type":"post","link":"https:\/\/www.europesays.com\/fr\/582371\/","title":{"rendered":"32 000 Ornais ont \u00e9t\u00e9 envoy\u00e9s dans des usines allemandes pour le STO, d\u00e8s 1942 : une conf\u00e9rence \u00e0 Alen\u00e7on"},"content":{"rendered":"<p>                    Par<br \/>\n        <strong><br \/>\n            <a href=\"https:\/\/actu.fr\/auteur\/journaliste-oh\" title=\"Consulter tous les articles de R\u00e9daction Alen\u00e7on\" target=\"_blank\" rel=\"noopener\">R\u00e9daction Alen\u00e7on<\/a><br \/>\n                    <\/strong><\/p>\n<p>        Publi\u00e9 le<\/p>\n<p>            6 d\u00e9c. 2025 \u00e0 15h30        <\/p>\n<p>La <b>soci\u00e9t\u00e9 historique et arch\u00e9ologique de l\u2019Orne<\/b> propose une conf\u00e9rence sur le STO \u2013 le travail forc\u00e9 en Allemagne \u2013 samedi 13 d\u00e9cembre 2025 \u00e0 14 h 30 \u00e0 la salle Baudelaire d\u2019<b>Alen\u00e7on <\/b>(<a href=\"https:\/\/actu.fr\/orne-hebdo\/\" target=\"_blank\" rel=\"noopener\">Orne<\/a>).<\/p>\n<p>Correspondant de l\u2019Institut d\u2019Histoire du Temps Pr\u00e9sent<\/p>\n<p class=\" wall-content\">Pr\u00e9cis\u00e9ment intitul\u00e9e \u00ab Le STO, une histoire du travail forc\u00e9 en Allemagne par les sources orales et les archives familiales, 1942-1945 \u00bb, cette conf\u00e9rence sera anim\u00e9e par <b>S\u00e9bastien Beuchet,<\/b> professeur agr\u00e9g\u00e9 et docteur en histoire. Chercheur associ\u00e9 au laboratoire Histoire-Territoires-M\u00e9moires (HisTeM\u00e9) de l\u2019universit\u00e9 de Caen-Normandie, il est aussi le correspondant de l\u2019Institut d\u2019Histoire du Temps Pr\u00e9sent (IHTP-CNRS\/Paris 8) pour le d\u00e9partement de l\u2019Orne.<\/p>\n<p>3 200 Ornais requis<\/p>\n<p class=\" wall-content\">Entre\u00a01942 et\u00a01945, pr\u00e8s de 650 000 Fran\u00e7ais, parmi lesquels <b>32 00 Ornais,<\/b> sont requis pour le travail obligatoire et rejoignent les usines allemandes. Leur histoire pass\u00e9e sous silence demeure rel\u00e9gu\u00e9e dans la m\u00e9moire nationale et dans les m\u00e9moires familiales.<\/p>\n<p class=\" wall-content\">L\u2019\u00e9tude micro historique du parcours de ces hommes \u00e0 partir des sources de l\u2019intime (photographies, correspondances, r\u00e9cits, objets), de <b>leur r\u00e9quisition \u00e0 leur retour en 1945<\/b>, permet d\u2019\u00e9crire une nouvelle page du travail forc\u00e9 au sein du Reich.<\/p>\n<p>Des archives familiales d\u2019anciens requis ornais<\/p>\n<p class=\" wall-content\">Elle interroge l\u2019\u00e9laboration des liens sociaux dans les soci\u00e9t\u00e9s en guerre au quotidien, \u00e0 l\u2019usine, au camp et \u00e0 la ville. \u00ab Ce regard \u00e0 hauteur d\u2019homme remet en question certaines id\u00e9es re\u00e7ues ancr\u00e9es dans la m\u00e9moire collective et aliment\u00e9es par le r\u00e9cit port\u00e9 par la<b> F\u00e9d\u00e9ration nationale des d\u00e9port\u00e9s du travail<\/b> dans les d\u00e9cennies d\u2019apr\u00e8s-guerre \u00bb, signalent les organisateurs.<\/p>\n<p class=\" wall-content\">Cette conf\u00e9rence \u00ab propose de revenir sur cette exp\u00e9rience v\u00e9cue du travail forc\u00e9 en Allemagne en partant de ces archives familiales recueillies aupr\u00e8s de ces anciens requis ornais ou de leurs proches. Elle montrera aussi comment se sont construites les m\u00e9moires du STO de 1945 \u00e0 nos jours \u00bb.<\/p>\n<p>Vid\u00e9os : en ce moment sur Actu<\/p>\n<p>Conf\u00e9rence sur le STO \u2013 le travail forc\u00e9 en Allemagne \u2013 samedi 13 d\u00e9cembre \u00e0 14 h 30 \u00e0 la salle Baudelaire d\u2019Alen\u00e7on.Gratuit.<\/p>\n<p class=\" wall-content\">Personnalisez votre actualit\u00e9 en ajoutant vos villes et m\u00e9dias en favori avec <a href=\"https:\/\/moncompte.actu.fr\" title=\"D\u00e9couvez Mon Actu\" rel=\"nofollow noopener\" data-trk=\"{&quot;cta&quot;:{&quot;action&quot;:&quot;https:\\\/\\\/moncompte.actu.fr&quot;,&quot;category&quot;:&quot;mon compte&quot;,&quot;from&quot;:&quot;article footer&quot;,&quot;name&quot;:&quot;Mon actu&quot;,&quot;type&quot;:&quot;cta&quot;}}\" target=\"_blank\">Mon Actu<\/a>.<\/p>\n","protected":false},"excerpt":{"rendered":"Par R\u00e9daction Alen\u00e7on Publi\u00e9 le 6 d\u00e9c. 2025 \u00e0 15h30 La soci\u00e9t\u00e9 historique et arch\u00e9ologique de l\u2019Orne propose&hellip;\n","protected":false},"author":2,"featured_media":582372,"comment_status":"","ping_status":"","sticky":false,"template":"","format":"standard","meta":{"footnotes":""},"categories":[1587],"tags":[11,672,1804,1805,1803,1777,674,1801,937,1652,12,1802,935],"class_list":{"0":"post-582371","1":"post","2":"type-post","3":"status-publish","4":"format-standard","5":"has-post-thumbnail","7":"category-allemagne","8":"tag-actualites","9":"tag-allemagne","10":"tag-bundesrepublik-deutschland","11":"tag-de","12":"tag-deutschland","13":"tag-eu","14":"tag-europe","15":"tag-germany","16":"tag-histoire","17":"tag-loisirs-culture","18":"tag-news","19":"tag-republique-federale-dallemagne","20":"tag-seconde-guerre-mondiale"},"share_on_mastodon":{"url":"https:\/\/pubeurope.com\/@fr\/115673322303201682","error":""},"_links":{"self":[{"href":"https:\/\/www.europesays.com\/fr\/wp-json\/wp\/v2\/posts\/582371","targetHints":{"allow":["GET"]}}],"collection":[{"href":"https:\/\/www.europesays.com\/fr\/wp-json\/wp\/v2\/posts"}],"about":[{"href":"https:\/\/www.europesays.com\/fr\/wp-json\/wp\/v2\/types\/post"}],"author":[{"embeddable":true,"href":"https:\/\/www.europesays.com\/fr\/wp-json\/wp\/v2\/users\/2"}],"replies":[{"embeddable":true,"href":"https:\/\/www.europesays.com\/fr\/wp-json\/wp\/v2\/comments?post=582371"}],"version-history":[{"count":0,"href":"https:\/\/www.europesays.com\/fr\/wp-json\/wp\/v2\/posts\/582371\/revisions"}],"wp:featuredmedia":[{"embeddable":true,"href":"https:\/\/www.europesays.com\/fr\/wp-json\/wp\/v2\/media\/582372"}],"wp:attachment":[{"href":"https:\/\/www.europesays.com\/fr\/wp-json\/wp\/v2\/media?parent=582371"}],"wp:term":[{"taxonomy":"category","embeddable":true,"href":"https:\/\/www.europesays.com\/fr\/wp-json\/wp\/v2\/categories?post=582371"},{"taxonomy":"post_tag","embeddable":true,"href":"https:\/\/www.europesays.com\/fr\/wp-json\/wp\/v2\/tags?post=582371"}],"curies":[{"name":"wp","href":"https:\/\/api.w.org\/{rel}","templated":true}]}}