{"id":582373,"date":"2025-12-06T15:26:12","date_gmt":"2025-12-06T15:26:12","guid":{"rendered":"https:\/\/www.europesays.com\/fr\/582373\/"},"modified":"2025-12-06T15:26:12","modified_gmt":"2025-12-06T15:26:12","slug":"pourquoi-la-nouvelle-strategie-de-defense-americaine-est-un-camouflet-pour-leurope","status":"publish","type":"post","link":"https:\/\/www.europesays.com\/fr\/582373\/","title":{"rendered":"Pourquoi la nouvelle strat\u00e9gie de d\u00e9fense am\u00e9ricaine est un camouflet pour l\u2019Europe"},"content":{"rendered":"<p>      <img fetchpriority=\"high\" decoding=\"async\" class=\"mx-auto\" src=\"data:image\/svg+xml,%3Csvg%20xmlns%3D%27http%3A%2F%2Fwww.w3.org%2F2000%2Fsvg%27%20fill%3D%22%23e4e4e4%22%20viewBox%3D%270%200%20510%20340%27%20width%3D%22510%22%20height%3D%22340%22%3E%3Cpath%20d%3D%27M0%200h510v340H0z%27%2F%3E%3C%2Fsvg%3E\"  loading=\"eager\" width=\"510\" height=\"340\" data-oncrawl-image-size=\"510x340\" alt=\"Donald Trump \u00e0 Washington DC, le 5\u00a0d\u00e9cembre 2025. \"\/>      <\/p>\n<p class=\"latino-100m text-grey-600\">\n            Donald Trump \u00e0 Washington DC, le 5\u00a0d\u00e9cembre 2025. \u00a0WILLIAM VOLCOV \/ BRAZIL PHOTO PRESS VIA AFP        <\/p>\n<p>        Lire\u00a0plus\u00a0tard      <\/p>\n<p><a aria-label=\"Nous suivre sur Google News\" href=\"https:\/\/news.google.com\/publications\/CAAqBwgKMJe4nQkw3dFs?hl=fr&amp;gl=FR&amp;ceid=FR%3Afr\" target=\"_blank\" data-piano=\"Page_Article,Sous_date_publi,Nous_suivre_sur_google_news,1er_clic,action\" class=\"btn btn--small btn--tertiary btn--icon-only\" rel=\"noopener\"><\/p>\n<p>      Google Actualit\u00e9s<br \/>\n  <\/a><\/p>\n<p>  Partager<\/p>\n<p>        Facebook<\/p>\n<p>        Bluesky<\/p>\n<p>        E-mail<\/p>\n<p>        Copier le lien<\/p>\n<p>      Envoyer<\/p>\n<p>        S\u2019abonner      <\/p>\n<p class=\"node__paragraphe antonia-750r text-grey-800 pb-24 pb-md-32\">\nL\u2019administration Trump a \u00e9mis vendredi 5\u00a0d\u00e9cembre un document sur sa \u00ab\u00a0Strat\u00e9gie de d\u00e9fense nationale\u00a0\u00bb, dans lequel elle anticipe l\u2019\u00ab\u00a0effacement civilisationnel\u00a0\u00bb de l\u2019Europe, veut restaurer sa puissance en Am\u00e9rique latine et juge \u00ab\u00a0l\u2019\u00e8re des migrations de masse\u00a0\u00bb termin\u00e9e.<\/p>\n<p class=\"latino-500b text-grey-600 pb-16\">A lire aussi<\/p>\n<p><a href=\"https:\/\/www.nouvelobs.com\/monde\/20241114.OBS96338\/enrico-letta-les-populistes-promettent-le-retour-au-monde-d-avant.html\" data-article-key=\"20241114.OBS96338\" class=\"link--box flex-grow-1\" data-piano=\"Page_Article,Lire_aussi,,Lien1,navigation\" target=\"_blank\" rel=\"noopener\"><\/p>\n<p>                <img decoding=\"async\" src=\"data:image\/svg+xml,%3Csvg%20xmlns%3D%27http%3A%2F%2Fwww.w3.org%2F2000%2Fsvg%27%20fill%3D%22%23e4e4e4%22%20viewBox%3D%270%200%20120%2080%27%20width%3D%22120%22%20height%3D%2280%22%3E%3Cpath%20d%3D%27M0%200h120v80H0z%27%2F%3E%3C%2Fsvg%3E\"  width=\"120\" height=\"79\" loading=\"lazy\" alt=\"Canette de bi\u00e8re \u00e0 l\u2019effigie du 47\u1d49\u00a0pr\u00e9sident des Etats-Unis.\"\/><\/p>\n<p class=\"latino-300r latino-lg-600m text-grey-800\">\n                      <strong class=\"latino-300b latino-lg-600m text-grey-500\">Entretien\u00a0<\/strong><br \/>\n                    Enrico Letta\u00a0: \u00ab\u00a0Les populistes promettent le retour au monde d\u2019avant\u00a0\u00bb        <\/p>\n<p><\/a><\/p>\n<p class=\"node__paragraphe antonia-750r text-grey-800 pb-24 pb-md-32\">\n\u00ab\u00a0Dans tout ce que nous faisons, nous mettons l\u2019Am\u00e9rique d\u2019abord\u00a0\u00bb, r\u00e9sume Donald Trump dans une pr\u00e9face au document de 33 pages, qui exhorte \u00e0 \u00ab\u00a0prot\u00e9ger le pays contre les invasions\u00a0\u00bb. Le texte qui constitue un v\u00e9ritable camouflet pour les pays europ\u00e9ens.<\/p>\n<p>\u2022 Un \u00ab\u00a0risque d\u2019effacement civilisationnel\u00a0\u00bb de l\u2019Europe<\/p>\n<p class=\"node__paragraphe antonia-750r text-grey-800 pb-24 pb-md-32\">\nLe texte confirme les grandes lignes de la politique \u00e9trang\u00e8re am\u00e9ricaine depuis le retour de Donald Trump \u00e0 la Maison Blanche en janvier. Il y a un risque \u00ab\u00a0d\u2019effacement civilisationnel\u00a0\u00bb de l\u2019Europe, estime le document publi\u00e9 dans la nuit de jeudi \u00e0 vendredi par l\u2019administration de Donald Trump. \u00ab\u00a0Si les tendances actuelles se poursuivent, le continent sera m\u00e9connaissable dans 20\u00a0ans ou moins\u00a0\u00bb. Le document de 33 pages appelle \u00e0 \u00ab\u00a0restaurer la supr\u00e9matie am\u00e9ricaine\u00a0\u00bb en Am\u00e9rique latine, et annonce un \u00ab\u00a0r\u00e9ajustement\u00a0\u00bb de la pr\u00e9sence militaire am\u00e9ricaine dans le monde, \u00ab\u00a0pour r\u00e9pondre aux menaces urgentes sur notre continent, et un \u00e9loignement des th\u00e9\u00e2tres dont l\u2019importance relative pour la s\u00e9curit\u00e9 nationale am\u00e9ricaine a diminu\u00e9 ces derni\u00e8res ann\u00e9es ou d\u00e9cennies\u00a0\u00bb.<\/p>\n<p class=\"latino-500b text-grey-600 pb-16\">A lire aussi<\/p>\n<p><a href=\"https:\/\/www.nouvelobs.com\/monde\/20250414.OBS102734\/l-expansion-territoriale-est-un-objectif-majeur-de-trump-et-il-faut-prendre-ses-ambitions-au-serieux.html\" data-article-key=\"20250414.OBS102734\" class=\"link--box flex-grow-1\" data-piano=\"Page_Article,Lire_aussi,,Lien2,navigation\" target=\"_blank\" rel=\"noopener\"><\/p>\n<p>                <img decoding=\"async\" src=\"data:image\/svg+xml,%3Csvg%20xmlns%3D%27http%3A%2F%2Fwww.w3.org%2F2000%2Fsvg%27%20fill%3D%22%23e4e4e4%22%20viewBox%3D%270%200%20120%2080%27%20width%3D%22120%22%20height%3D%2280%22%3E%3Cpath%20d%3D%27M0%200h120v80H0z%27%2F%3E%3C%2Fsvg%3E\"  width=\"120\" height=\"80\" loading=\"lazy\" alt=\"Le pr\u00e9sident am\u00e9ricain Donald Trump s\u2019adresse aux journalistes \u00e0 bord d\u2019Air Force One, le 13\u00a0avril 2025.\"\/><\/p>\n<p class=\"latino-300r latino-lg-600m text-grey-800\">\n                      <strong class=\"latino-300b latino-lg-600m text-grey-500\">Entretien\u00a0<\/strong><br \/>\n                    \u00ab\u00a0L\u2019expansion territoriale est un objectif majeur de Trump et il faut prendre ses ambitions au s\u00e9rieux\u00a0\u00bb        <\/p>\n<p><\/a><\/p>\n<p class=\"node__paragraphe antonia-750r text-grey-800 pb-24 pb-md-32\">\nWashington affirme par ailleurs que \u00ab\u00a0l\u2019\u00e8re des migrations de masse doit prendre fin. La s\u00e9curit\u00e9 des fronti\u00e8res est l\u2019\u00e9l\u00e9ment principal de la s\u00e9curit\u00e9 nationale\u00a0\u00bb, affirme le document alors que Donald Trump a consid\u00e9rablement durci sa politique contre l\u2019immigration. \u00ab\u00a0Nous devons prot\u00e9ger notre pays contre les invasions, non seulement contre les migrations incontr\u00f4l\u00e9es, mais aussi les menaces transfrontali\u00e8res telles que le terrorisme, les drogues, l\u2019espionnage et la traite des \u00eatres humains\u00a0\u00bb, poursuit-il.<\/p>\n<p>\u2022 Berlin assure ne pas vouloir de \u00ab\u00a0conseils venant de l\u2019ext\u00e9rieur\u00a0\u00bb<\/p>\n<p class=\"node__paragraphe antonia-750r text-grey-800 pb-24 pb-md-32\">\nBerlin a promptement r\u00e9agi. L\u2019Allemagne n\u2019a pas besoin de \u00ab\u00a0conseils venant de l\u2019ext\u00e9rieur\u00a0\u00bb, a d\u00e9clar\u00e9 dans la foul\u00e9e de la publication du texte, le chef de la diplomatie allemande. \u00ab\u00a0Des sujets comme la libert\u00e9 d\u2019expression ou l\u2019organisation de nos soci\u00e9t\u00e9s libres\u00a0\u00bb ne peuvent \u00eatre discut\u00e9es par Washington, a indiqu\u00e9 le ministre des Affaires \u00e9trang\u00e8res Johann Wadephul en conf\u00e9rence de presse \u00e0 Berlin avec son homologue islandaise. \u00ab\u00a0Nous ne pensons pas non plus que quiconque doive nous donner des conseils \u00e0 ce sujet, car cela est organis\u00e9 par notre ordre constitutionnel\u00a0\u00bb, a ajout\u00e9 le ministre conservateur.<\/p>\n<p class=\"latino-500b text-grey-600 pb-16\">A lire aussi<\/p>\n<p><a href=\"https:\/\/www.nouvelobs.com\/monde\/20250826.OBS107033\/josep-borrell-nous-avons-dormi-trop-longtemps-sous-le-parapluie-americain.html\" data-article-key=\"20250826.OBS107033\" class=\"link--box flex-grow-1\" data-piano=\"Page_Article,Lire_aussi,,Lien3,navigation\" target=\"_blank\" rel=\"noopener\"><\/p>\n<p>                <img decoding=\"async\" src=\"data:image\/svg+xml,%3Csvg%20xmlns%3D%27http%3A%2F%2Fwww.w3.org%2F2000%2Fsvg%27%20fill%3D%22%23e4e4e4%22%20viewBox%3D%270%200%20120%2080%27%20width%3D%22120%22%20height%3D%2280%22%3E%3Cpath%20d%3D%27M0%200h120v80H0z%27%2F%3E%3C%2Fsvg%3E\"  width=\"120\" height=\"79\" loading=\"lazy\" alt=\"Josep Borrell, alors haut repr\u00e9sentant de l\u2019Union pour les affaires \u00e9trang\u00e8res et la politique de s\u00e9curit\u00e9, participe \u00e0 une r\u00e9union avec le ministre japonais de la D\u00e9fense, Gen Nakatani (non pr\u00e9sent sur la photo), au minist\u00e8re de la D\u00e9fense \u00e0 Tokyo, le 1\u1d49\u02b3\u00a0novembre 2024.\"\/><\/p>\n<p class=\"latino-300r latino-lg-600m text-grey-800\">\n                      <strong class=\"latino-300b latino-lg-600m text-grey-500\">Entretien\u00a0<\/strong><br \/>\n                    Josep Borrell\u00a0: \u00ab\u00a0Nous avons dormi trop longtemps sous le parapluie am\u00e9ricain\u00a0\u00bb        <\/p>\n<p><\/a><\/p>\n<p class=\"node__paragraphe antonia-750r text-grey-800 pb-24 pb-md-32\">\nL\u2019Allemagne attache aussi \u00ab\u00a0une grande importance\u00a0\u00bb selon lui \u00e0 la pr\u00e9sence de m\u00e9dias libres sur son sol, un autre sujet r\u00e9cent de dispute avec Washington. En septembre, le chef de la diplomatie allemande avait plaid\u00e9 pour une presse \u00ab\u00a0libre\u00a0\u00bb, \u00ab\u00a0y compris\u00a0\u00bb aux Etats-Unis, quand la Maison Blanche envisageait de raccourcir la dur\u00e9e des visas pour les journalistes \u00e9trangers.<\/p>\n<p>\u2022 Un texte \u00ab\u00a0inacceptable et dangereux\u00a0\u00bb pour Val\u00e9rie Hayer<\/p>\n<p class=\"node__paragraphe antonia-750r text-grey-800 pb-24 pb-md-32\">\nLe texte de la Maison Blanche d\u00e9finissant la nouvelle strat\u00e9gie de s\u00e9curit\u00e9 am\u00e9ricaine est \u00ab\u00a0inacceptable et dangereux\u00a0\u00bb, a \u00e9galement jug\u00e9 vendredi l\u2019eurod\u00e9put\u00e9e Val\u00e9rie Hayer, pr\u00e9sidente du groupe centriste Renew Europe au Parlement europ\u00e9en. \u00ab\u00a0Ce document est inacceptable et dangereux. L\u2019administration Trump n\u2019a pas \u00e0 se m\u00ealer de nos politiques int\u00e9rieures\u00a0\u00bb, a r\u00e9agi cette \u00e9lue fran\u00e7aise sur X. \u00ab\u00a0Cette administration Trump est un ennemi de l\u2019Europe. Nous devons cesser de nous comporter en ami avec elle\u00a0\u00bb, a-t-elle encore assur\u00e9.<\/p>\n<p class=\"node__paragraphe antonia-750r text-grey-800 pb-24 pb-md-32\">\n\u00ab\u00a0Ne disons pas aux autres peuples comment ils devraient vivre et n\u2019acceptons pas qu\u2019on nous fasse la le\u00e7on\u00a0\u00bb, a rench\u00e9ri la vice-pr\u00e9sidente de la Commission des Affaires \u00e9trang\u00e8res au Parlement europ\u00e9en, Nathalie Loiseau (Renew Europe). \u00ab\u00a0Il n\u2019y a pas d\u2019autre r\u00e9ponse possible que de cr\u00e9er les conditions d\u2019une v\u00e9ritable autonomie strat\u00e9gique et de construire une Europe puissante, qui ne se laisse dicter par personne ses choix de soci\u00e9t\u00e9\u00a0\u00bb, a-t-elle ajout\u00e9 dans une r\u00e9action \u00e0 l\u2019AFP.<\/p>\n<p>\u2022 Les Etats-Unis, toujours \u00ab\u00a0plus grand alli\u00e9\u00a0\u00bb de l\u2019UE<\/p>\n<p class=\"node__paragraphe antonia-750r text-grey-800 pb-24 pb-md-32\">\nMalgr\u00e9 tout, les Etats-Unis restent \u00ab\u00a0le plus grand alli\u00e9\u00a0\u00bb de l\u2019Union europ\u00e9enne, a affirm\u00e9 samedi la cheffe de la diplomatie europ\u00e9enne, Kaja Kallas. \u00ab\u00a0Bien s\u00fbr, il y a beaucoup de critiques, mais je pense que certaines d\u2019entre elles sont \u00e9galement fond\u00e9es\u00a0\u00bb, a-t-elle d\u00e9clar\u00e9 lors d\u2019une conf\u00e9rence \u00e0 Doha, au Qatar.<\/p>\n<p class=\"node__paragraphe antonia-750r text-grey-800 pb-24 pb-md-32\">\n\u00ab\u00a0Les \u00c9tats-Unis restent notre plus grand alli\u00e9 (\u2026) nous n\u2019avons pas toujours \u00e9t\u00e9 d\u2019accord sur diff\u00e9rents sujets, mais je pense que le principe g\u00e9n\u00e9ral reste le m\u00eame. Nous sommes les plus grands alli\u00e9s et nous devons rester unis\u00a0\u00bb, a-t-elle ajout\u00e9 tout en estimant que \u00ab\u00a0l\u2019Europe a sous-estim\u00e9 son propre pouvoir\u00a0\u00bb.<\/p>\n<p class=\"node__paragraphe antonia-750r text-grey-800 pb-24 pb-md-32\">\nCette position est aussi celle du ministre des Affaires \u00e9trang\u00e8res Johann Wadephul\u00a0: \u00ab\u00a0Les \u00c9tats-Unis sont et resteront notre alli\u00e9 le plus important dans l\u2019alliance (Otan), ax\u00e9e sur les questions de d\u00e9fense et de s\u00e9curit\u00e9\u00a0\u00bb, a-t-il assur\u00e9 vendredi.<\/p>\n","protected":false},"excerpt":{"rendered":"Donald Trump \u00e0 Washington DC, le 5\u00a0d\u00e9cembre 2025. \u00a0WILLIAM VOLCOV \/ BRAZIL PHOTO PRESS VIA AFP Lire\u00a0plus\u00a0tard Google&hellip;\n","protected":false},"author":2,"featured_media":582374,"comment_status":"","ping_status":"","sticky":false,"template":"","format":"standard","meta":{"footnotes":""},"categories":[1586],"tags":[17,11,6370,69607,554,73,1777,674,1011,27,74,12,2043,25,5384],"class_list":{"0":"post-582373","1":"post","2":"type-post","3":"status-publish","4":"format-standard","5":"has-post-thumbnail","7":"category-europe","8":"tag-17","9":"tag-actualites","10":"tag-americaine","11":"tag-camouflet","12":"tag-defense","13":"tag-etats-unis","14":"tag-eu","15":"tag-europe","16":"tag-fr","17":"tag-france","18":"tag-monde","19":"tag-news","20":"tag-nouvelle","21":"tag-republique-francaise","22":"tag-strategie"},"share_on_mastodon":{"url":"https:\/\/pubeurope.com\/@fr\/115673326235827106","error":""},"_links":{"self":[{"href":"https:\/\/www.europesays.com\/fr\/wp-json\/wp\/v2\/posts\/582373","targetHints":{"allow":["GET"]}}],"collection":[{"href":"https:\/\/www.europesays.com\/fr\/wp-json\/wp\/v2\/posts"}],"about":[{"href":"https:\/\/www.europesays.com\/fr\/wp-json\/wp\/v2\/types\/post"}],"author":[{"embeddable":true,"href":"https:\/\/www.europesays.com\/fr\/wp-json\/wp\/v2\/users\/2"}],"replies":[{"embeddable":true,"href":"https:\/\/www.europesays.com\/fr\/wp-json\/wp\/v2\/comments?post=582373"}],"version-history":[{"count":0,"href":"https:\/\/www.europesays.com\/fr\/wp-json\/wp\/v2\/posts\/582373\/revisions"}],"wp:featuredmedia":[{"embeddable":true,"href":"https:\/\/www.europesays.com\/fr\/wp-json\/wp\/v2\/media\/582374"}],"wp:attachment":[{"href":"https:\/\/www.europesays.com\/fr\/wp-json\/wp\/v2\/media?parent=582373"}],"wp:term":[{"taxonomy":"category","embeddable":true,"href":"https:\/\/www.europesays.com\/fr\/wp-json\/wp\/v2\/categories?post=582373"},{"taxonomy":"post_tag","embeddable":true,"href":"https:\/\/www.europesays.com\/fr\/wp-json\/wp\/v2\/tags?post=582373"}],"curies":[{"name":"wp","href":"https:\/\/api.w.org\/{rel}","templated":true}]}}