{"id":582375,"date":"2025-12-06T15:27:13","date_gmt":"2025-12-06T15:27:13","guid":{"rendered":"https:\/\/www.europesays.com\/fr\/582375\/"},"modified":"2025-12-06T15:27:13","modified_gmt":"2025-12-06T15:27:13","slug":"organisations-europeennes-christophe-lescot","status":"publish","type":"post","link":"https:\/\/www.europesays.com\/fr\/582375\/","title":{"rendered":"Organisations europ\u00e9ennes &#8211; Christophe Lescot"},"content":{"rendered":"<p>    <img decoding=\"async\" src=\"https:\/\/www.europesays.com\/fr\/wp-content\/uploads\/2025\/12\/9782390132295-475x500-1-69344859e6c8a898078111.jpg\" alt=\"ActuaLitt\u00e9\" loading=\"lazy\"\/><\/p>\n<p>\n                Ce manuel pr\u00e9sente l&rsquo;ensemble des institutions europ\u00e9ennes : &#8211; L&rsquo;Union europ\u00e9enne &#8211; Le Conseil de l&rsquo;Europe et la Convention europ\u00e9enne des droits de l&rsquo;homme &#8211; Les institutions sp\u00e9cialis\u00e9es Des cartes, des encadr\u00e9s et des sch\u00e9mas \u00e9clairent le texte. Un index facilite recherches et v\u00e9rifications. A jour au 1er juillet 2019 avec : &#8211; l&rsquo;\u00e9tat de la proc\u00e9dure de retrait du Royaume-Uni de l&rsquo;Union ; &#8211; les derniers d\u00e9veloppements de l&rsquo;action de l&rsquo;Union pour le renforcement des contr\u00f4les aux fronti\u00e8res ext\u00e9rieures ; &#8211; les principales \u00e9volutions intervenues dans le droit de l&rsquo;Union et du Conseil de l&rsquo;Europe.\n              <\/p>\n","protected":false},"excerpt":{"rendered":"Ce manuel pr\u00e9sente l&rsquo;ensemble des institutions europ\u00e9ennes : &#8211; L&rsquo;Union europ\u00e9enne &#8211; Le Conseil de l&rsquo;Europe et la&hellip;\n","protected":false},"author":2,"featured_media":582376,"comment_status":"","ping_status":"","sticky":false,"template":"","format":"standard","meta":{"footnotes":""},"categories":[1586],"tags":[11,1777,674,1779,1011,27,12,25,1778,364],"class_list":{"0":"post-582375","1":"post","2":"type-post","3":"status-publish","4":"format-standard","5":"has-post-thumbnail","7":"category-europe","8":"tag-actualites","9":"tag-eu","10":"tag-europe","11":"tag-european-union","12":"tag-fr","13":"tag-france","14":"tag-news","15":"tag-republique-francaise","16":"tag-ue","17":"tag-union-europeenne"},"share_on_mastodon":{"url":"https:\/\/pubeurope.com\/@fr\/115673330846181435","error":""},"_links":{"self":[{"href":"https:\/\/www.europesays.com\/fr\/wp-json\/wp\/v2\/posts\/582375","targetHints":{"allow":["GET"]}}],"collection":[{"href":"https:\/\/www.europesays.com\/fr\/wp-json\/wp\/v2\/posts"}],"about":[{"href":"https:\/\/www.europesays.com\/fr\/wp-json\/wp\/v2\/types\/post"}],"author":[{"embeddable":true,"href":"https:\/\/www.europesays.com\/fr\/wp-json\/wp\/v2\/users\/2"}],"replies":[{"embeddable":true,"href":"https:\/\/www.europesays.com\/fr\/wp-json\/wp\/v2\/comments?post=582375"}],"version-history":[{"count":0,"href":"https:\/\/www.europesays.com\/fr\/wp-json\/wp\/v2\/posts\/582375\/revisions"}],"wp:featuredmedia":[{"embeddable":true,"href":"https:\/\/www.europesays.com\/fr\/wp-json\/wp\/v2\/media\/582376"}],"wp:attachment":[{"href":"https:\/\/www.europesays.com\/fr\/wp-json\/wp\/v2\/media?parent=582375"}],"wp:term":[{"taxonomy":"category","embeddable":true,"href":"https:\/\/www.europesays.com\/fr\/wp-json\/wp\/v2\/categories?post=582375"},{"taxonomy":"post_tag","embeddable":true,"href":"https:\/\/www.europesays.com\/fr\/wp-json\/wp\/v2\/tags?post=582375"}],"curies":[{"name":"wp","href":"https:\/\/api.w.org\/{rel}","templated":true}]}}