{"id":582379,"date":"2025-12-06T15:29:16","date_gmt":"2025-12-06T15:29:16","guid":{"rendered":"https:\/\/www.europesays.com\/fr\/582379\/"},"modified":"2025-12-06T15:29:16","modified_gmt":"2025-12-06T15:29:16","slug":"lien-suppose-entre-partis-et-islamisme-lfi-nacceptera-jamais-lentrisme-religieux-assure-melenchon","status":"publish","type":"post","link":"https:\/\/www.europesays.com\/fr\/582379\/","title":{"rendered":"Lien suppos\u00e9 entre partis et islamisme : \u00ab\u00a0LFI n&rsquo;acceptera jamais l&rsquo;entrisme religieux\u00a0\u00bb, assure M\u00e9lenchon"},"content":{"rendered":"<ul class=\"jsx-862013697 ArticleChapo__List\">\n<li class=\"jsx-862013697 ArticleChapo__List_Item flex\">\u00c0 l&rsquo;Assembl\u00e9e nationale, une commission lanc\u00e9e par LR enqu\u00eate sur les liens suppos\u00e9s entre les partis et les r\u00e9seaux islamistes.<\/li>\n<li class=\"jsx-862013697 ArticleChapo__List_Item flex\">Jean-Luc M\u00e9lenchon et G\u00e9rald Darmanin sont entendus ce samedi 6 d\u00e9cembre.<\/li>\n<li class=\"jsx-862013697 ArticleChapo__List_Item flex\">Suivez l&rsquo;audition du chef de file de La France insoumise en direct \u00e0 partir de 14 heures sur LCI (canal 15).<\/li>\n<\/ul>\n<p>Minute par minute16:03<br class=\"jsx-494582681\"\/> 6 d\u00e9cembre 2025<\/p>\n<p>Ce live est \u00e0 pr\u00e9sent termin\u00e9.\u00a0<\/p>\n<p>Suivez nos directs du moment :FIN DE L&rsquo;AUDITION16:03<br class=\"jsx-494582681\"\/> 6 d\u00e9cembre 2025<\/p>\n<p>L&rsquo;audition de Jean-Luc M\u00e9lenchon devant la commission d&rsquo;enqu\u00eate est maintenant termin\u00e9e. Merci de l&rsquo;avoir suivie.\u00a0<\/p>\n<p>M\u00c9LENCHON SUR LA CIRCONCISION15:03<br class=\"jsx-494582681\"\/> 6 d\u00e9cembre 2025<\/p>\n<p>Jean-Luc M\u00e9lenchon : \u00ab\u00a0Vous me parlez du voile et des enfants. Et que dites vous de la circoncision ?Elle est pr\u00e9sente dans deux religions. Personne ne pose jamais la question : ce n&rsquo;est jamais un probl\u00e8me. Le voile sur la tete des filles oui, mais pas la circoncision.\u00a0\u00bb<\/p>\n<p>\u00ab\u00a0ANTICL\u00c9RICALISME GROSSIER\u00a0\u00bb14:55<br class=\"jsx-494582681\"\/> 6 d\u00e9cembre 2025<\/p>\n<p>\u00ab\u00a0Toute ma vie ont m&rsquo;aura poursuivi pour cette histoire de religion\u00a0\u00bb, enchaine Jean-Luc M\u00e9lenchon, confessant qu&rsquo;il \u00e9tait \u00ab\u00a0devenu un enrag\u00e9 de la la\u00efcit\u00e9.\u00a0\u00bb \u00ab\u00a0On disait : M\u00e9lenchon il n&rsquo;y a rien \u00e0 en tirer, c&rsquo;est un la\u00efcard.\u00a0\u00bb<\/p>\n<p>\u00ab\u00a0J&rsquo;ai renonc\u00e9 \u00e0 une forme d&rsquo;anticl\u00e9ricalisme grossier, duquel je veux m&rsquo;excuser aupr\u00e8s de ceux que j&rsquo;ai pu blesser dans le pass\u00e9.\u00a0\u00bb<\/p>\n<p>\u00ab\u00a0JAMAIS D&rsquo;ENTRISME RELIGIEUX CHEZ LFI\u00a0\u00bb14:49<br class=\"jsx-494582681\"\/> 6 d\u00e9cembre 2025<\/p>\n<p>La mise au point de Jean-Luc M\u00e9lenchon : \u00ab\u00a0Notre mouvement n&rsquo;acceptera jamais l&rsquo;entrisme religieux. Il n&rsquo;acceptera jamais de confier des responsabilit\u00e9s \u00e0 quelqu&rsquo;un qui dirait \u00ab\u00a0je le fais car je suis catholique ou musulman et je vais expliquer les vertus catholiques ou musulmanes\u00a0\u00bb, qui sont respectables mais n&rsquo;ont rien \u00e0 faire dans notre mouvement.\u00a0\u00bb<\/p>\n<p>M\u00c9LENCHON SUR LES FR\u00c8RES MUSULMANS14:40<br class=\"jsx-494582681\"\/> 6 d\u00e9cembre 2025<\/p>\n<p>Jean-Luc M\u00e9lenchon sur la focalisation des d\u00e9put\u00e9s sur les Fr\u00e8res musulmans : \u00ab\u00a0Je suis presque oblig\u00e9 de vous dire (&#8230;) que vous \u00eates hors sujet. Car dans le rapport (&#8230;) la question s\u2019est concentr\u00e9e sur eux et je vous demanderai : pourquoi sur eux ? Car des confr\u00e9ries dans l\u2019islam il y en a de toute sorte, c\u2019est propre \u00e0 l\u2019islam m\u00eame.\u00a0\u00bb<\/p>\n<p><img decoding=\"async\" src=\"https:\/\/www.europesays.com\/fr\/wp-content\/uploads\/2025\/12\/jl-melenchon-a-la-commission-d-enquete-c7266f-0@1x.jpeg\" alt=\"AFP\" loading=\"lazy\" importance=\"low\" fetchpriority=\"low\" class=\"\"\/>AFPISLAM ET ISLAMISME14:30<br class=\"jsx-494582681\"\/> 6 d\u00e9cembre 2025<\/p>\n<p>Jean-Luc M\u00e9lenchon : \u00ab\u00a0Nous ne confondons pas l&rsquo;Islam et l&rsquo;islamisme. Et nous ne confondons pas islamisme avec le terrorisme. L&rsquo;Islam est une religion, l&rsquo;islamisme est un fondamantalisme qui a deux branches : l&rsquo;une qui ne s&rsquo;occupe qu&rsquo;aux respect de la loi de Dieu (\u2026) l&rsquo;autre pr\u00e9tend en faire des lois politiques.\u00a0\u00bb<\/p>\n<p>\u00ab\u00a0VOUS METTIEZ EN CAUSE NOTRE PARTI\u00a0\u00bb14:14<br class=\"jsx-494582681\"\/> 6 d\u00e9cembre 2025<\/p>\n<p>Jean-Luc M\u00e9lenchon d\u00e9bute son propos liminaire. \u00ab\u00a0Nous avions d\u00e9cid\u00e9 de vous boycottez, et vous saviez pourquoi. Vous mettiez en cause notre parti\u00a0\u00bb, lance le chef de file de LFI. \u00ab\u00a0Je me suis demand\u00e9 pourquoi vous m&rsquo;invitiez moi\u00a0\u00bb, enchaine l&rsquo;ancien d\u00e9put\u00e9.<\/p>\n<p>\u00ab\u00a0Votre commission a d\u00e9j\u00e0 produit les documents qui nous innocentes absolument. J&rsquo;ai lu les compte-rendu, ils disent qu&rsquo;il n&rsquo;y a aucun lien entre nous et les Fr\u00e8res musulmans.\u00a0\u00bb<\/p>\n<p>EN DIRECT14:07<br class=\"jsx-494582681\"\/> 6 d\u00e9cembre 2025<\/p>\n<p>L&rsquo;audience de Jean-Luc M\u00e9lenchon d\u00e9bute \u00e0 la commission. Xavier Breton, son pr\u00e9sident, pr\u00e9cise que La France Insoumise a \u00e9t\u00e9 souvent mentionn\u00e9e durant les auditions, raison pour laquelle l&rsquo;\u00e9lu a \u00e9t\u00e9 convoqu\u00e9.<\/p>\n<p>M\u00c9LENCHON DEVANT LES D\u00c9PUT\u00c9S13:24<br class=\"jsx-494582681\"\/> 6 d\u00e9cembre 2025<\/p>\n<p>\u00a0Le fondateur de La France insoumise Jean-Luc M\u00e9lenchon a r\u00e9pondu \u00e0 la convocation, ce samedi, de la commission d&rsquo;enqu\u00eate parlementaire \u00ab\u00a0sur les liens existants entre les repr\u00e9sentants de mouvements politiques et des organisations et r\u00e9seaux soutenant l\u2019action terroriste ou propageant l\u2019id\u00e9ologie islamiste\u00a0\u00bb.<\/p>\n<p>Cette commission, tr\u00e8s contest\u00e9e \u00e0 gauche, a \u00e9t\u00e9 cr\u00e9\u00e9e \u00e0 l&rsquo;initiative de la droite LR \u00e0 l&rsquo;Assembl\u00e9e. Elle a pour pr\u00e9sident Xavier Breton (LR) et pour rapporteur Matthieu Bloch (UDR).\u00a0<\/p>\n<p>Jean-Luc M\u00e9lenchon doit \u00eatre auditionn\u00e9 \u00e0 partir de 14 heures. Le ministre de la Justice G\u00e9rald Darmanin, \u00e0 partir de 15h30.<\/p>\n<p>Suivez cette s\u00e9quence sur LCI (canal 15) et dans notre direct<\/p>\n<p data-module=\"article-paragraph\" class=\"jsx-3046738180 Paragraph\">Une audition qui pourrait \u00eatre orageuse. Le fondateur de La France insoumise (LFI), <a href=\"https:\/\/www.tf1info.fr\/politique\/jean-luc-melenchon-face-aux-patrons-sur-lci-et-pour-challenges-la-hausse-des-salaires-augmenterait-consommation-et-carnets-de-commande-2409394.html\" target=\"_blank\" rel=\"noopener\">Jean-Luc M\u00e9lenchon<\/a>, r\u00e9pondra ce samedi 6 d\u00e9cembre \u00e0 partir de 14 heures aux questions des d\u00e9put\u00e9s de la commission d&rsquo;enqu\u00eate \u00ab\u00a0sur les liens existants entre les repr\u00e9sentants de mouvements politiques et des organisations et r\u00e9seaux soutenant l&rsquo;action terroriste ou propageant l&rsquo;id\u00e9ologie islamiste\u00a0\u00bb.\u00a0<\/p>\n<p data-module=\"article-paragraph\" class=\"jsx-3046738180 Paragraph\">Une commission cr\u00e9\u00e9e \u00e0 l&rsquo;initiative des R\u00e9publicains, initialement d\u00e9pourvue de d\u00e9put\u00e9s de gauche, et fortement critiqu\u00e9e dans les rangs de LFI, dont certains \u00e9lus ont d\u00e9nonc\u00e9 la composition et l&rsquo;objectif politique. Elle avait convoqu\u00e9 Jean-Luc M\u00e9lenchon le 2 d\u00e9cembre, mais le leader insoumis \u00e9tait \u00ab\u00a0d\u00e9j\u00e0 pris\u00a0\u00bb et \u00ab\u00a0ne pouvait \u00eatre disponible dans un d\u00e9lai aussi court\u00a0\u00bb. Jean-Luc M\u00e9lenchon a donc propos\u00e9 d&rsquo;\u00eatre auditionn\u00e9 \u00ab\u00a0d\u00e8s samedi ou dimanche\u00a0\u00bb pour \u00ab\u00a0\u00e9clairer la commission sur l&rsquo;histoire de la pens\u00e9e r\u00e9publicaine en mati\u00e8re de relations entre religion et politique\u00a0\u00bb.<\/p>\n<p data-module=\"article-paragraph\" class=\"jsx-3046738180 Paragraph Paragraph__End\">Le ministre de la Justice, G\u00e9rald Darmanin, doit \u00e9galement r\u00e9pondre aux questions des d\u00e9put\u00e9s ce samedi, \u00e0 partir de 15h30.<\/p>\n<p>Une commission compos\u00e9e de d\u00e9put\u00e9s de droite<\/p>\n<p data-module=\"article-paragraph\" class=\"jsx-3046738180 Paragraph\">Le.coordinateur de La France insoumise, <a href=\"https:\/\/www.tf1info.fr\/politique\/podcast-video-gratuit-pourquoi-faire-complique-episode-3-manuel-bompard-invite-de-francois-lenglet-2406710.html\" target=\"_blank\" rel=\"noopener\">Manuel Bompard<\/a>, avait estim\u00e9, le 30 novembre, que les Insoumis ne devaient pas r\u00e9pondre aux \u00ab\u00a0invitations\u00a0\u00bb de la commission d&rsquo;enqu\u00eate, qui vise implicitement LFI, car les Insoumis estiment qu&rsquo;elle \u00ab\u00a0ne respecte pas les r\u00e8gles\u00a0\u00bb. En effet, le r\u00e8glement de l&rsquo;Assembl\u00e9e dispose que les nominations doivent se faire en s'\u00a0\u00bbeffor\u00e7ant de reproduire la configuration politique de l&rsquo;Assembl\u00e9e\u00a0\u00bb.<\/p>\n<p data-module=\"article-paragraph\" class=\"jsx-3046738180 Paragraph Paragraph__End\">Lanc\u00e9e apr\u00e8s de multiples soubresauts, la commission d&rsquo;enqu\u00eate, dont le pr\u00e9sident est le LR Xavier Breton et le rapporteur, le ciottiste Matthieu Bloch, est d\u00e9j\u00e0 bient\u00f4t contrainte de terminer ses travaux (autour du mercredi 10 d\u00e9cembre prochain). Elle a d\u00e9j\u00e0 auditionn\u00e9 plusieurs personnalit\u00e9s ou responsables, notamment des auteurs d&rsquo;ouvrages visant La France insoumise, mais \u00e9galement des chercheurs universitaires, des sondeurs ou des responsables comme le directeur du renseignement de la Pr\u00e9fecture de police de Paris ou le ministre de l&rsquo;Int\u00e9rieur Laurent Nu\u00f1ez.<\/p>\n<p><a href=\"https:\/\/www.tf1info.fr\/politique\/apres-un-premier-echec-laurent-wauquiez-obtient-la-creation-d-une-commission-d-enquete-sur-les-liens-entre-partis-politiques-et-islamisme-2377800.html\" rel=\"noopener\" class=\"jsx-3308031228 Link flex\" target=\"_blank\"><img decoding=\"async\" src=\"https:\/\/www.europesays.com\/fr\/wp-content\/uploads\/2025\/12\/laurent-wauquiez-assemblee-nationale-11-mars-2025-221d3d-0@1x.jpeg\" alt=\"Laurent Wauquiez \u00e0 l'Assembl\u00e9e nationale le 11 mars 2025.\" loading=\"lazy\" importance=\"low\" fetchpriority=\"low\" class=\"\" aria-hidden=\"true\"\/><\/p>\n<p class=\"jsx-3657663356 ReadMoreArticle__Title\">Lire aussi<\/p>\n<p class=\"jsx-3657663356\">Apr\u00e8s un premier \u00e9chec, Wauquiez obtient la cr\u00e9ation d&rsquo;une commission d&rsquo;enqu\u00eate sur les liens entre partis politiques et islamisme<\/p>\n<p><\/a><\/p>\n<p data-module=\"article-paragraph\" class=\"jsx-3046738180 Paragraph Paragraph__End\">Les pouvoirs d&rsquo;une commission d&rsquo;enqu\u00eate comprennent notamment des convocations avec obligation pour la personne de s&rsquo;y rendre, des pouvoirs d&rsquo;investigation et de conduire des auditions sous serment. Au d\u00e9but de son audition le 2 d\u00e9cembre, l&rsquo;\u00e9cologiste Marine Tondelier a accus\u00e9 cette instance, \u00ab\u00a0par la mani\u00e8re dont elle s&rsquo;est cr\u00e9\u00e9e et dont elle choisit et formule ses questions\u00a0\u00bb, de \u00ab\u00a0nourrir ce climat de suspicion permanente qui p\u00e8se sur un trop grand nombre de nos compatriotes en raison d&rsquo;une appartenance r\u00e9elle ou suppos\u00e9e \u00e0 une religion, en l&rsquo;occurrence l&rsquo;islam\u00a0\u00bb.<\/p>\n<p>La r\u00e9daction de TF1info<\/p>\n","protected":false},"excerpt":{"rendered":"\u00c0 l&rsquo;Assembl\u00e9e nationale, une commission lanc\u00e9e par LR enqu\u00eate sur les liens suppos\u00e9s entre les partis et les&hellip;\n","protected":false},"author":2,"featured_media":582380,"comment_status":"","ping_status":"","sticky":false,"template":"","format":"standard","meta":{"footnotes":""},"categories":[2],"tags":[1111,11,1921,416,1011,27,432,1922,3081,2338,6319,17852,4729,12,25,133,4530],"class_list":{"0":"post-582379","1":"post","2":"type-post","3":"status-publish","4":"format-standard","5":"has-post-thumbnail","7":"category-actualites","8":"tag-actu","9":"tag-actualites","10":"tag-article-video","11":"tag-assemblee-nationale","12":"tag-fr","13":"tag-france","14":"tag-gerald-darmanin","15":"tag-info","16":"tag-jean-luc-melenchon","17":"tag-la-france-insoumise","18":"tag-les-republicains","19":"tag-manuel-bompard","20":"tag-marine-tondelier","21":"tag-news","22":"tag-republique-francaise","23":"tag-video","24":"tag-video-politique"},"share_on_mastodon":{"url":"https:\/\/pubeurope.com\/@fr\/115673338683914325","error":""},"_links":{"self":[{"href":"https:\/\/www.europesays.com\/fr\/wp-json\/wp\/v2\/posts\/582379","targetHints":{"allow":["GET"]}}],"collection":[{"href":"https:\/\/www.europesays.com\/fr\/wp-json\/wp\/v2\/posts"}],"about":[{"href":"https:\/\/www.europesays.com\/fr\/wp-json\/wp\/v2\/types\/post"}],"author":[{"embeddable":true,"href":"https:\/\/www.europesays.com\/fr\/wp-json\/wp\/v2\/users\/2"}],"replies":[{"embeddable":true,"href":"https:\/\/www.europesays.com\/fr\/wp-json\/wp\/v2\/comments?post=582379"}],"version-history":[{"count":0,"href":"https:\/\/www.europesays.com\/fr\/wp-json\/wp\/v2\/posts\/582379\/revisions"}],"wp:featuredmedia":[{"embeddable":true,"href":"https:\/\/www.europesays.com\/fr\/wp-json\/wp\/v2\/media\/582380"}],"wp:attachment":[{"href":"https:\/\/www.europesays.com\/fr\/wp-json\/wp\/v2\/media?parent=582379"}],"wp:term":[{"taxonomy":"category","embeddable":true,"href":"https:\/\/www.europesays.com\/fr\/wp-json\/wp\/v2\/categories?post=582379"},{"taxonomy":"post_tag","embeddable":true,"href":"https:\/\/www.europesays.com\/fr\/wp-json\/wp\/v2\/tags?post=582379"}],"curies":[{"name":"wp","href":"https:\/\/api.w.org\/{rel}","templated":true}]}}