{"id":582383,"date":"2025-12-06T15:33:14","date_gmt":"2025-12-06T15:33:14","guid":{"rendered":"https:\/\/www.europesays.com\/fr\/582383\/"},"modified":"2025-12-06T15:33:14","modified_gmt":"2025-12-06T15:33:14","slug":"challenge-cup-le-stade-francais-parvient-a-se-defaire-des-gallois-et-soffre-le-bonus","status":"publish","type":"post","link":"https:\/\/www.europesays.com\/fr\/582383\/","title":{"rendered":"Challenge Cup \u2013 Le Stade fran\u00e7ais parvient \u00e0 se d\u00e9faire des Gallois et s\u2019offre le bonus"},"content":{"rendered":"<p>\n                Apr\u00e8s un d\u00e9but de match compliqu\u00e9 o\u00f9 les Gallois ont r\u00e9ussi \u00e0 mettre la pression sur le Stade fran\u00e7ais, les hommes de Paul Gustard ont repris le contr\u00f4le de la rencontre allant m\u00eame jusqu\u2019\u00e0 s\u2019offrir le bonus offensif (38-17). Dans leur antre, les Parisiens d\u00e9marrent parfaitement leur campagne europ\u00e9enne.\n            <\/p>\n<p>Jean-Bouin accueillait le retour de la Challenge Cup en ce 6 d\u00e9cembre. Apr\u00e8s une campagne europ\u00e9enne en Champions Cup manqu\u00e9e l&rsquo;ann\u00e9e derni\u00e8re (1 victoire, 3 d\u00e9faites,) le Stade fran\u00e7ais retrouvait la petite coupe d&rsquo;Europe avec l&rsquo;ambition de glaner de la confiance et de faire prendre du temps de jeu \u00e0 certains joueurs. Paul Gustard et son staff avaient en effet align\u00e9 une \u00e9quipe remani\u00e9e face \u00e0 des Gallois assez fringants en ce d\u00e9but de saison (2e du\u00a0United Rugby Championship). Pour r\u00e9ussir cette mission, <a href=\"https:\/\/www.rugbyrama.fr\/2025\/12\/06\/direct-challenge-cup-stade-francais-cardiff-paris-veut-bien-lancer-sa-campagne-face-a-des-gallois-en-forme-suivez-le-match-de-la-1e-journee-13094847.php\" target=\"_self\" rel=\"noopener\"><strong>les Franciliens ont d\u00fb batailler mais au b\u00e9n\u00e9fice d&rsquo;une seconde p\u00e9riode domin\u00e9e de A \u00e0 Z<\/strong><\/a>, ils ont soign\u00e9 leur entr\u00e9e en mati\u00e8re avec un succ\u00e8s bonifi\u00e9 et une dynamique positive conserv\u00e9e.<\/p>\n<p>Paris se met dans l&rsquo;orni\u00e8re<\/p>\n<p>La premi\u00e8re action de la partie a frustr\u00e9 la Pink Army. B\u00e9n\u00e9ficiant d&rsquo;une p\u00e9nalit\u00e9 d&rsquo;entr\u00e9e de jeu, elle a eu l&rsquo;occasion de s&rsquo;approcher de l&rsquo;en-but et m\u00eame d&rsquo;y entrer mais sans que le ballon ne puisse \u00eatre aplati malgr\u00e9 les nombreux assauts. Bis repetita au quart d&rsquo;heure de jeu avec une action similaire qui faisait enrager Morgan Parra, en charge de l&rsquo;animation offensive de l&rsquo;\u00e9quipe. La col\u00e8re fut n\u00e9anmoins passag\u00e8re car dans la continuit\u00e9, le jeune Mathis Ibo, 20 ans et pour sa premi\u00e8re titularisation en carri\u00e8re, filait dans l&rsquo;en-but au terme d&rsquo;un nouveau mouvement parisien (5\/0, 17e). Sauf que les Gallois faisaient preuve de r\u00e9pondant. L&rsquo;ailier Stephens allait lui aussi dans l&rsquo;en-but au terme d&rsquo;une action tout d&rsquo;abord men\u00e9e de front par les avants puis conclue sur l&rsquo;aile (5\/5, 25e). Les visiteurs ont cliqu\u00e9 sur copier\/coller pour inscrire un deuxi\u00e8me essai totalement identique au premier \u00e0 la diff\u00e9rence pr\u00e9s que l&rsquo;auteur s&rsquo;appelait\u00a0Young (5\/10, 34e). Juste avant la pause, le Stade fran\u00e7ais a eu une nouvelle occasion de marquer mais une maladresse stoppait l&rsquo;avanc\u00e9e du maul. La Pink Army \u00e9tait donc men\u00e9e \u00e0 la mi-temps malgr\u00e9 plusieurs occasions non concr\u00e9tis\u00e9es.<\/p>\n<p>Cardiff craque face aux assauts parisiens<\/p>\n<p>Nous ne savons pas si Paul Gustard a eu des mots crus envers ses joueurs \u00e0 la pause mais force est de constater que Paris a d\u00e9but\u00e9 la seconde p\u00e9riode sur les chapeaux de roues. D\u00e8s la premi\u00e8re action,\u00a0Halaifonua finissait entre les perches et ouvrait un v\u00e9ritable festival offensif (12\/10, 42e). Incapables de sortir de leur moiti\u00e9 de camp, les Gallois devaient se r\u00e9soudre \u00e0 d\u00e9fendre mais l&rsquo;efficacit\u00e9 de la premi\u00e8re p\u00e9riode n&rsquo;\u00e9tait plus au rendez-vous. D\u00e9bord\u00e9s et indisciplin\u00e9s, ils voyaient Ibo s&rsquo;offrir le doubl\u00e9 (17\/10, 50e), puis\u00a0Scelzo faire le break apr\u00e8s une belle initiative de\u00a0Motassi qui jouait rapidement une p\u00e9nalit\u00e9 (24\/10, 60e). Le bonus offensif en poche, les Parisiens profitaient de la baisse de r\u00e9gime des visiteurs pour marquer \u00e0 nouveau.\u00a0Foursans-Bourdette (63e) et Lalois (72e) ont conclu le festival francilien. En fin de rencontre,\u00a0Sebastian marquera l&rsquo;essai de l&rsquo;honneur pour Cardiff qui s&rsquo;inclinait sur le score final de 38\/17.<\/p>\n<p>Le Stade fran\u00e7ais a bien fait d&rsquo;assurer 5 points d\u00e8s la premi\u00e8re journ\u00e9e de Challenge Cup. Ce bon d\u00e9marrage lui permettra de se d\u00e9placer avec un peu plus de confiance \u00e0 Amsterdam la semaine prochaine pour y affronter les Sud-Africains des Cheetahs. Ensuite, ce sera de nouveau le Top 14 avec un match \u00f4 combien important face au Racing 92. En ce qui concerne le reste de la comp\u00e9tition, Paris recevra Exeter en janvier puis ira d\u00e9fier l&rsquo;Ulster.<\/p>\n","protected":false},"excerpt":{"rendered":"Apr\u00e8s un d\u00e9but de match compliqu\u00e9 o\u00f9 les Gallois ont r\u00e9ussi \u00e0 mettre la pression sur le Stade&hellip;\n","protected":false},"author":2,"featured_media":582384,"comment_status":"","ping_status":"","sticky":false,"template":"","format":"standard","meta":{"footnotes":""},"categories":[1416],"tags":[69590,1011,27,479,1468,68796,60],"class_list":{"0":"post-582383","1":"post","2":"type-post","3":"status-publish","4":"format-standard","5":"has-post-thumbnail","7":"category-rugby","8":"tag-epcr-challenge-cup","9":"tag-fr","10":"tag-france","11":"tag-rugby","12":"tag-rugby-football","13":"tag-rugby-u00e0-xv","14":"tag-sports"},"share_on_mastodon":{"url":"https:\/\/pubeurope.com\/@fr\/115673353700027582","error":""},"_links":{"self":[{"href":"https:\/\/www.europesays.com\/fr\/wp-json\/wp\/v2\/posts\/582383","targetHints":{"allow":["GET"]}}],"collection":[{"href":"https:\/\/www.europesays.com\/fr\/wp-json\/wp\/v2\/posts"}],"about":[{"href":"https:\/\/www.europesays.com\/fr\/wp-json\/wp\/v2\/types\/post"}],"author":[{"embeddable":true,"href":"https:\/\/www.europesays.com\/fr\/wp-json\/wp\/v2\/users\/2"}],"replies":[{"embeddable":true,"href":"https:\/\/www.europesays.com\/fr\/wp-json\/wp\/v2\/comments?post=582383"}],"version-history":[{"count":0,"href":"https:\/\/www.europesays.com\/fr\/wp-json\/wp\/v2\/posts\/582383\/revisions"}],"wp:featuredmedia":[{"embeddable":true,"href":"https:\/\/www.europesays.com\/fr\/wp-json\/wp\/v2\/media\/582384"}],"wp:attachment":[{"href":"https:\/\/www.europesays.com\/fr\/wp-json\/wp\/v2\/media?parent=582383"}],"wp:term":[{"taxonomy":"category","embeddable":true,"href":"https:\/\/www.europesays.com\/fr\/wp-json\/wp\/v2\/categories?post=582383"},{"taxonomy":"post_tag","embeddable":true,"href":"https:\/\/www.europesays.com\/fr\/wp-json\/wp\/v2\/tags?post=582383"}],"curies":[{"name":"wp","href":"https:\/\/api.w.org\/{rel}","templated":true}]}}