{"id":582387,"date":"2025-12-06T15:38:18","date_gmt":"2025-12-06T15:38:18","guid":{"rendered":"https:\/\/www.europesays.com\/fr\/582387\/"},"modified":"2025-12-06T15:38:18","modified_gmt":"2025-12-06T15:38:18","slug":"uci-les-commissions-sont-au-complet-ou-presque-actualite","status":"publish","type":"post","link":"https:\/\/www.europesays.com\/fr\/582387\/","title":{"rendered":"UCI : Les commissions sont au complet&#8230; ou presque &#8211; Actualit\u00e9"},"content":{"rendered":"<p style=\"text-align: justify;\">L&rsquo;Union cycliste internationale a publi\u00e9 la liste de ses commissions qui sont notamment charg\u00e9es de proposer des changements de r\u00e8glement et de suivre le calendrier. Leurs pr\u00e9sidents sont d\u00e9sign\u00e9s par le Comit\u00e9 directeur de l&rsquo;UCI ainsi qu&rsquo;une grande partie de leurs membres. Il manque encore quelques membres qui n&rsquo;ont pas encore \u00e9t\u00e9 d\u00e9sign\u00e9s par l&rsquo;AIGCP pour repr\u00e9senter les \u00e9quipes. <\/p>\n<p style=\"text-align: justify;\">Quatre commissions restent compos\u00e9es uniquement d&rsquo;Europ\u00e9ens : celles du cyclo-cross et gravel, du trial, la m\u00e9dicale et le comit\u00e9 de r\u00e9mun\u00e9ration. Parmi les membres nomm\u00e9s par le Comit\u00e9 directeur de l&rsquo;UCI, donc sans compter ceux qui sont\u00a0 d\u00e9sign\u00e9s par les athl\u00e8tes, les organisateurs et les \u00e9quipes, la France est le pays le mieux repr\u00e9sent\u00e9 avec dix personnes, dont trois pour la seule Commission V\u00e9lo pour tous et durabilit\u00e9, devant la Suisse avec sept membres et l&rsquo;Allemagne, six. La Belgique n&rsquo;en compte que trois soit autant que l&rsquo;Italie, les Pays-Bas, le Danemark, la Grande-Bretagne et la Russie. La composition compl\u00e8te de toutes les commissions et leur cahier des charges sont \u00e0 retrouver <a href=\"https:\/\/fr.uci.org\/commissions\/6kulgmmhggqk6NvEp3dy1G\" target=\"_blank\" rel=\"noopener\"><strong>sur le site de l&rsquo;UCI<\/strong><\/a>.<\/p>\n<p><strong>Conseil du Cyclisme Professionnel<\/strong><br \/><strong>Pr\u00e9sident<\/strong><br \/>Tom VAN DAMME (BEL)<\/p>\n<p><strong>Membres d\u00e9sign\u00e9s par le Comit\u00e9 Directeur<\/strong><br \/>Agata LANG-LELANGUE (POL)<br \/>Cordiano DAGNONI (ITA)<br \/>Enrico DELLA CASA (SUI)<br \/>Viacheslav EKIMOV (RUS)<br \/>Michel CALLOT (FRA)<\/p>\n<p><strong>Repr\u00e9sentants des coureurs, membres de la Commission des Athl\u00e8tes UCI<\/strong><br \/>Toms SKUJINS (LAT)<br \/>Juliette LABOUS (FRA)<\/p>\n<p><strong>Repr\u00e9sentant du CPA Hommes<\/strong><br \/>Adam HANSEN (AUS)<\/p>\n<p><strong>Repr\u00e9sentante du CPA Femmes<\/strong><br \/>Alessandra CAPPELLOTTO (ITA)<\/p>\n<p><strong>Repr\u00e9sentants de l&rsquo;AIGCP &#8211; Equipes Hommes<\/strong><br \/>Brent COPELAND (RSA)<br \/>Marc CHOVELON (FRA)\u00a0<\/p>\n<p><strong>Repr\u00e9sentants de l&rsquo;AIGCP &#8211; Equipes Femmes<\/strong><br \/>Yana SEEL (BEL)<br \/>Marnix DRYSDALE (NED)<\/p>\n<p><strong>Repr\u00e9sentants de l&rsquo;AIOCC &#8211; Courses Hommes<\/strong><br \/>Christian PRUDHOMME (FRA)<br \/>Kiko GARCIA (ESP)<\/p>\n<p><strong>Repr\u00e9sentants de l&rsquo;AIOCC &#8211; Courses Femmes<\/strong><br \/>Sonia MARTINEZ (ESP)<br \/>Wim VAN HERREWEGHE (BEL)<\/p>\n<p><strong>Rempla\u00e7ant AIGCP Hommes<\/strong><br \/>Non d\u00e9sign\u00e9<\/p>\n<p><strong>Rempla\u00e7ante AIGCP Femmes<\/strong><br \/>Emily BRAMMEIER (GBR)<\/p>\n<p><strong>Rempla\u00e7ant AIOCC &#8211; Courses Hommes<\/strong><br \/>Javier GUILLEN (ESP), <a href=\"https:\/\/www.directvelo.com\/actualite\/125496\/christian-prudhomme-connait-son-successeur-a-la-tete-de-laiocc\" target=\"_blank\" rel=\"noopener\"><strong>le nouveau pr\u00e9sident de l&rsquo;AIOCC<\/strong><\/a>\u00a0<\/p>\n<p><strong>Rempla\u00e7ant AIOCC &#8211; Courses Femmes<\/strong><br \/>Franck PERQUE (FRA)<\/p>\n<p><strong>Rempla\u00e7ant CPA Hommes<\/strong><br \/>Pascal CHANTEUR (FRA)<\/p>\n<p><strong>Rempla\u00e7ante CPA Femmes<\/strong><br \/>Elisa DALLA VALLE (ITA)<\/p>\n<p><strong>Commission Route<\/strong><br \/><strong>Pr\u00e9sident<\/strong><br \/>Rocco CATTANEO (SUI)<\/p>\n<p><strong>Membres<\/strong><br \/>Maurice LEESER (NED)<br \/>Heidi STENBOCK-HAAKESTAD (NOR)<br \/>Umberto LANGELLOTTI (MON)<br \/>Sean PETTY (USA)<br \/>Khireddine BARBARI (ALG)<br \/>Tracey GAUDRY (AUS)<br \/>Ashleigh MOOLMAN PASIO (RSA)<\/p>\n<p><strong>F\u00e9d\u00e9ration Nationale Team Jeune<\/strong><br \/><strong>Repr\u00e9sentant \u00c9quipes de d\u00e9veloppement<\/strong><br \/>Julien THOLLET (FRA)<\/p>\n<p><strong>Repr\u00e9sentant CPA<\/strong><br \/>Pascal CHANTEUR (FRA)<\/p>\n<p><strong>Repr\u00e9sentant des \u00c9quipes de d\u00e9veloppement ou Continentales UCI, d\u00e9sign\u00e9 par l&rsquo;AIGCP<\/strong><br \/>Non d\u00e9sign\u00e9<\/p>\n<p><strong>Commission Piste<\/strong><br \/><strong>Pr\u00e9sident<\/strong><br \/>Enrico DELLA CASA (ITA)<\/p>\n<p><strong>Membres<\/strong><br \/>Jos\u00e9-Luis VASCONCELLOS (BRA)<br \/>Giandomenico MASSARI (NGR)<br \/>Martin LOLLESGAARD (DEN)<br \/>Mariana PAJON (COL)<br \/>Amarjit Singh Gill DARSHAN SINGH (MAS)<br \/>Yuan YUAN (CHN)<br \/>Ryan HOLLOWS (NZL)<br \/>Kristina VOGEL (GER)<\/p>\n<p><strong>Repr\u00e9sentants des coureurs, membre de la Commission des Athl\u00e8tes UCI<\/strong><br \/>Ally WOLLASTON (NZL)<br \/>Elia VIVIANI (ITA)<\/p>\n<p><strong>Commission Cyclo-cross et gravel<\/strong><br \/><strong>Pr\u00e9sidente<\/strong><br \/>Katerina NASH (CZE)<\/p>\n<p><strong>Membres<\/strong><br \/>Brendan QUIRK (USA)<br \/>Massimo VAN LANCKER (BEL)<br \/>Richard GROENENDAAL (NED)<br \/>Ed COLLINS (GBR)<\/p>\n<p><strong>Repr\u00e9sentants des coureurs, membre de la Commission des Athl\u00e8tes<\/strong><br \/>Eva LECHNER (ITA)<br \/>Felipe ORTS (ESP)<\/p>\n<p><strong>Commission mat\u00e9riel et nouvelles technologies<\/strong><br \/><strong>Pr\u00e9sident<\/strong><br \/>Tony MITCHELL (NZL)<\/p>\n<p><strong>Membres<\/strong><br \/>Henrik Jess JENSEN (DEN)<br \/>Enrico DELLA CASA (ITA)<br \/>Svetlana DENISENKO (RUS)<br \/>Florian ROUSSEAU (FRA)<br \/>Ozodkhan DAVATSHOEV (TJK)<br \/>Lee PRESCOTT (GBR)<\/p>\n<p><strong>Repr\u00e9sentant CPA<\/strong><br \/>Adam HANSEN (AUS)<\/p>\n<p><strong>Repr\u00e9sentant des \u00e9quipes<\/strong><br \/>Non d\u00e9sign\u00e9<\/p>\n<p><strong>Repr\u00e9sentant des Organisateurs<\/strong><br \/>Yannick TALABARDON (FRA)<\/p>\n<p><strong>Commission Commissaires<\/strong><br \/><strong>Pr\u00e9sidente<\/strong><br \/>Catherine GASTOU (FRA)<\/p>\n<p><strong>Membres<\/strong><br \/>Maria GONZALES DE LA ROSA (ESP)<br \/>Jakob KNUDSEN (DEN)<br \/>Beatrice ALFRED LAJAWA (MAS)<br \/>John McDONNELL (NZL)<br \/>Elaine SIRYDAKIS (BRA)<br \/>Martin SWINKELS (NED)<br \/>Maryam AZZAM (EGY)<\/p>\n","protected":false},"excerpt":{"rendered":"L&rsquo;Union cycliste internationale a publi\u00e9 la liste de ses commissions qui sont notamment charg\u00e9es de proposer des changements&hellip;\n","protected":false},"author":2,"featured_media":582388,"comment_status":"","ping_status":"","sticky":false,"template":"","format":"standard","meta":{"footnotes":""},"categories":[1411],"tags":[834,828,836,829,837,827,83,826,824,823,1154,207,814,817,815,816,822,821,832,211,839,1011,27,820,818,819,835,831,830,833,838,60,212,208,825],"class_list":{"0":"post-582387","1":"post","2":"type-post","3":"status-publish","4":"format-standard","5":"has-post-thumbnail","7":"category-cyclisme","8":"tag-attaque","9":"tag-belgique","10":"tag-braquet","11":"tag-bretagne","12":"tag-chute","13":"tag-competition","14":"tag-coupe-de-france","15":"tag-coureur","16":"tag-course-cyclisme","17":"tag-course-cycliste","18":"tag-cycling","19":"tag-cyclisme","20":"tag-direct","21":"tag-direct-velo","22":"tag-directvelo","23":"tag-directvelo-com","24":"tag-epreuve","25":"tag-epreuve-cycliste","26":"tag-federation-francaise-de-cyclisme","27":"tag-ffc","28":"tag-flandres","29":"tag-fr","30":"tag-france","31":"tag-live","32":"tag-live-course","33":"tag-live-epreuve","34":"tag-peloton","35":"tag-radio-peloton","36":"tag-radio-tour","37":"tag-ravitaillement","38":"tag-relance","39":"tag-sports","40":"tag-uci","41":"tag-velo","42":"tag-velos"},"share_on_mastodon":{"url":"https:\/\/pubeurope.com\/@fr\/115673373427440635","error":""},"_links":{"self":[{"href":"https:\/\/www.europesays.com\/fr\/wp-json\/wp\/v2\/posts\/582387","targetHints":{"allow":["GET"]}}],"collection":[{"href":"https:\/\/www.europesays.com\/fr\/wp-json\/wp\/v2\/posts"}],"about":[{"href":"https:\/\/www.europesays.com\/fr\/wp-json\/wp\/v2\/types\/post"}],"author":[{"embeddable":true,"href":"https:\/\/www.europesays.com\/fr\/wp-json\/wp\/v2\/users\/2"}],"replies":[{"embeddable":true,"href":"https:\/\/www.europesays.com\/fr\/wp-json\/wp\/v2\/comments?post=582387"}],"version-history":[{"count":0,"href":"https:\/\/www.europesays.com\/fr\/wp-json\/wp\/v2\/posts\/582387\/revisions"}],"wp:featuredmedia":[{"embeddable":true,"href":"https:\/\/www.europesays.com\/fr\/wp-json\/wp\/v2\/media\/582388"}],"wp:attachment":[{"href":"https:\/\/www.europesays.com\/fr\/wp-json\/wp\/v2\/media?parent=582387"}],"wp:term":[{"taxonomy":"category","embeddable":true,"href":"https:\/\/www.europesays.com\/fr\/wp-json\/wp\/v2\/categories?post=582387"},{"taxonomy":"post_tag","embeddable":true,"href":"https:\/\/www.europesays.com\/fr\/wp-json\/wp\/v2\/tags?post=582387"}],"curies":[{"name":"wp","href":"https:\/\/api.w.org\/{rel}","templated":true}]}}