{"id":582389,"date":"2025-12-06T15:39:17","date_gmt":"2025-12-06T15:39:17","guid":{"rendered":"https:\/\/www.europesays.com\/fr\/582389\/"},"modified":"2025-12-06T15:39:17","modified_gmt":"2025-12-06T15:39:17","slug":"cinq-absents-a-lorient-pour-affronter-lol","status":"publish","type":"post","link":"https:\/\/www.europesays.com\/fr\/582389\/","title":{"rendered":"Cinq absents \u00e0 Lorient pour affronter l\u2019OL"},"content":{"rendered":"<p>                            <img width=\"770\" height=\"433\" src=\"https:\/\/www.europesays.com\/fr\/wp-content\/uploads\/2025\/12\/000_ARP4054001-770x433.jpg\" class=\"attachment-article size-article wp-post-image\" alt=\"Olivier Pantaloni, entra\u00eeneur de Lorient\" decoding=\"async\" fetchpriority=\"high\"  \/><\/p>\n<p>Olivier Pantaloni, entra\u00eeneur de Lorient (Photo by PASCAL POCHARD CASABIANCA \/ AFP)<\/p>\n<p>Quinzi\u00e8me de Ligue 1, Lorient reste malgr\u00e9 tout sur une victoire probante contre Nice. Pour affronter l\u2019OL, Olivier Pantaloni devra faire avec cinq absences.<\/p>\n<p>Pour Paulo\u00a0<strong><a href=\"https:\/\/www.olympique-et-lyonnais.com\/lorient-ol-fonseca-enfin-libere-delivre,386102.html\" target=\"_blank\" rel=\"noopener\">Fonseca<\/a><\/strong>, le classement ne refl\u00e8te pas vraiment la qualit\u00e9 du jeu. On a l\u2019impression d\u2019entendre \u00e7a presque chaque semaine, mais le nul \u00e0\u00a0<strong>Auxerre<\/strong>\u00a0a montr\u00e9 que l\u2019<strong>OL<\/strong>\u00a0devait se m\u00e9fier des \u00ab\u00a0petites\u00a0\u00bb \u00e9quipes. Ce dimanche (20h45), les Lyonnais se d\u00e9placent \u00e0\u00a0<strong>Lorient<\/strong>, quinzi\u00e8me du championnat. Le promu se bat pour le maintien et ce n\u2019est pas r\u00e9ellement une surprise. Toutefois, le match au Moustoir est loin de s\u2019annoncer comme un match gagn\u00e9 d\u2019avance pour l\u2019OL. L\u2019antre bretonne ne r\u00e9ussit pas forc\u00e9ment aux gros de la Ligue 1 et la formation rhodanienne esp\u00e8re se sortir du pi\u00e8ge.<\/p>\n<p>Rechute pour Katseris<\/p>\n<p>Si Fonseca doit faire sans Orel\u00a0<strong><a href=\"https:\/\/www.olympique-et-lyonnais.com\/ol-mangala-blesse-a-lentrainement-et-forfait-a-lorient,386057.html\" target=\"_blank\" rel=\"noopener\">Mangala<\/a><\/strong>\u00a0et Tanner\u00a0<strong>Tessmann<\/strong>, en plus des bless\u00e9s de longue date, Olivier\u00a0<strong>Pantaloni<\/strong>\u00a0a confirm\u00e9 cinq absences : Bandiougou\u00a0<strong>Fadiga<\/strong>,\u00a0Isaak\u00a0<strong>Tour\u00e9<\/strong>,\u00a0Abdoulaye\u00a0<strong>Faye<\/strong>\u00a0et\u00a0Trevan\u00a0<strong>Sanusi<\/strong>, qui se rapproche n\u00e9anmoins d\u2019un retour. Le vrai coup dur pour Lorient concerne Panos\u00a0<strong>Katseris<\/strong>, qui sera absent quatre \u00e0 six semaines suppl\u00e9mentaires apr\u00e8s une rechute suite \u00e0 sa blessure de d\u00e9but de saison.<\/p>\n<p>\t\t\t\t\t<a href=\"https:\/\/www.olympique-et-lyonnais.com\/dijon-ol-lyonnes-becho-et-chawinga-accompagnent-hegerberg,386134.html\" title=\"Dijon - OL Lyonnes : Becho et Chawinga accompagnent Hegerberg\" target=\"_blank\" rel=\"noopener\"><img loading=\"lazy\" width=\"580\" height=\"326\" src=\"https:\/\/www.europesays.com\/fr\/wp-content\/uploads\/2025\/12\/ol_lyonnes_v_skn_st.polten_-_uefa_women_s_champions_league_2025_26_league_phase_md2-580x326.jpeg\" class=\"attachment-actularge size-actularge wp-post-image\" alt=\"Vicki Becho lors d'OL Lyonnes - SKN St P\u00f6lten\" decoding=\"async\"  \/>\t\t\t\t\t<\/a><\/p>\n","protected":false},"excerpt":{"rendered":"Olivier Pantaloni, entra\u00eeneur de Lorient (Photo by PASCAL POCHARD CASABIANCA \/ AFP) Quinzi\u00e8me de Ligue 1, Lorient reste&hellip;\n","protected":false},"author":2,"featured_media":582390,"comment_status":"","ping_status":"","sticky":false,"template":"","format":"standard","meta":{"footnotes":""},"categories":[1410],"tags":[63,1011,27,66,241,978,60],"class_list":{"0":"post-582389","1":"post","2":"type-post","3":"status-publish","4":"format-standard","5":"has-post-thumbnail","7":"category-football","8":"tag-football","9":"tag-fr","10":"tag-france","11":"tag-ligue-1","12":"tag-ol","13":"tag-olympique-lyonnais","14":"tag-sports"},"share_on_mastodon":{"url":"https:\/\/pubeurope.com\/@fr\/115673378254831725","error":""},"_links":{"self":[{"href":"https:\/\/www.europesays.com\/fr\/wp-json\/wp\/v2\/posts\/582389","targetHints":{"allow":["GET"]}}],"collection":[{"href":"https:\/\/www.europesays.com\/fr\/wp-json\/wp\/v2\/posts"}],"about":[{"href":"https:\/\/www.europesays.com\/fr\/wp-json\/wp\/v2\/types\/post"}],"author":[{"embeddable":true,"href":"https:\/\/www.europesays.com\/fr\/wp-json\/wp\/v2\/users\/2"}],"replies":[{"embeddable":true,"href":"https:\/\/www.europesays.com\/fr\/wp-json\/wp\/v2\/comments?post=582389"}],"version-history":[{"count":0,"href":"https:\/\/www.europesays.com\/fr\/wp-json\/wp\/v2\/posts\/582389\/revisions"}],"wp:featuredmedia":[{"embeddable":true,"href":"https:\/\/www.europesays.com\/fr\/wp-json\/wp\/v2\/media\/582390"}],"wp:attachment":[{"href":"https:\/\/www.europesays.com\/fr\/wp-json\/wp\/v2\/media?parent=582389"}],"wp:term":[{"taxonomy":"category","embeddable":true,"href":"https:\/\/www.europesays.com\/fr\/wp-json\/wp\/v2\/categories?post=582389"},{"taxonomy":"post_tag","embeddable":true,"href":"https:\/\/www.europesays.com\/fr\/wp-json\/wp\/v2\/tags?post=582389"}],"curies":[{"name":"wp","href":"https:\/\/api.w.org\/{rel}","templated":true}]}}