{"id":582391,"date":"2025-12-06T15:40:25","date_gmt":"2025-12-06T15:40:25","guid":{"rendered":"https:\/\/www.europesays.com\/fr\/582391\/"},"modified":"2025-12-06T15:40:25","modified_gmt":"2025-12-06T15:40:25","slug":"raphael-quenard-perd-ses-moyens-en-direct-en-evoquant-la-disparition-dune-des-femmes-de-sa-vie-je-laime","status":"publish","type":"post","link":"https:\/\/www.europesays.com\/fr\/582391\/","title":{"rendered":"Rapha\u00ebl Quenard perd ses moyens en direct en \u00e9voquant la disparition d&rsquo;une des femmes de sa vie : \u00ab\u00a0Je l&rsquo;aime\u00a0\u00bb"},"content":{"rendered":"<p>                <img loading=\"lazy\" decoding=\"async\" src=\"https:\/\/www.europesays.com\/fr\/wp-content\/uploads\/2025\/04\/145-6602e1ce8ddc4-35x35-1.jpg\" class=\"author-article-picture\" width=\"35\" height=\"35\"\/><\/p>\n<p>                    Par<\/p>\n<p>                                            <a class=\"author-article-bio-link\" href=\"https:\/\/www.purepeople.com\/auteur\/lucie-gosselin_a145\" target=\"_blank\" rel=\"noopener\">Lucie Gosselin<\/a><\/p>\n<p>                    |<\/p>\n<p>                                            R\u00e9dactrice<\/p>\n<p>\n                Journaliste passionn\u00e9e, depuis plus de 10 ans, je r\u00e9alise des enqu\u00eates, des portraits, des reportages ou des interviews.\n            <\/p>\n<p>\n    Invit\u00e9 sur le plateau de \u00ab\u00a0C \u00e0 Vous\u00a0\u00bb ce vendredi 5 d\u00e9cembre 2025 aux c\u00f4t\u00e9s d&rsquo;Eddy Mitchell, Rapha\u00ebl Quenard s&rsquo;est pr\u00eat\u00e9 \u00e0 la s\u00e9quence \u00ab\u00a0Le r\u00e9pondeur\u00a0\u00bb, pr\u00e9sent\u00e9e par Mohamed Bouhafsi. Un instant \u00e9motion sous une lumi\u00e8re tamis\u00e9e qui a permis \u00e0 l&rsquo;acteur, \u00e9crivain et r\u00e9alisateur de laisser un message tendre \u00e0 un membre de sa famille cher \u00e0 son c\u0153ur.\n<\/p>\n<p>                            <img loading=\"lazy\" decoding=\"async\" class=\"player-thumbnail\" src=\"https:\/\/www.europesays.com\/fr\/wp-content\/uploads\/2025\/12\/b3233f0623ef8ec0-580x326-1.png\" width=\"580\" height=\"326\"\/><\/p>\n<p>                            Rapha\u00ebl Quenard adresse un message \u00e0 sa grand-m\u00e8re, Simonne, sur le plateau de \u00ab\u00a0C \u00e0 vous\u00a0\u00bb. \u00a9 France 5<\/p>\n<p>La suite apr\u00e8s la publicit\u00e9<\/p>\n<p>La chance lui sourit. C\u00f4t\u00e9 carri\u00e8re, rien ne semble manquer \u00e0 Rapha\u00ebl Quenard. <strong>Acteur de talent r\u00e9v\u00e9l\u00e9 en 2023 dans le film <\/strong><strong>Yannick<\/strong><strong> <\/strong>de Quentin Dupieux, il s\u2019est r\u00e9cemment plac\u00e9 de l\u2019autre c\u00f4t\u00e9 de la cam\u00e9ra en r\u00e9alisant le faux documentaire I Love Peru aux c\u00f4t\u00e9s d\u2019Hugo David, tout en <strong>accomplissant son r\u00eave de faire carri\u00e8re dans les belles lettres <\/strong>en publiant son premier ouvrage. <a href=\"https:\/\/www.purepeople.com\/article\/raphael-quenard-en-politique-le-comedien-a-ete-assistant-parlementaire-avant-d-etre-acteur_a520034\/1\" target=\"_blank\" rel=\"noopener\">Le laur\u00e9at d\u2019un C\u00e9sar du meilleur acteur<\/a> a fait para\u00eetre aux \u00e9ditions Flammarion Clamser \u00e0 Tataouine en mai dernier,<a href=\"https:\/\/www.purepeople.com\/article\/raphael-quenard-sur-son-livre-evenement-lacteur-se-venge-de-la-gent-feminine-mais-met-les-choses-au-clair_a538031\/1\" target=\"_blank\" rel=\"noopener\"> un v\u00e9ritable succ\u00e8s en librairies<\/a>.<\/p>\n<p>Invit\u00e9 sur le plateau de C \u00e0 Vous ce vendredi 5 d\u00e9cembre 2025, aux c\u00f4t\u00e9s notamment d\u2019<a href=\"https:\/\/www.purepeople.com\/people\/eddy-mitchell_p503\" target=\"_blank\" rel=\"noopener\">Eddy Mitchell<\/a>, Rapha\u00ebl Quenard, d\u2019ordinaire <strong>trublion \u00e0 la langue ac\u00e9r\u00e9e<\/strong>, s\u2019est livr\u00e9 comme rarement face \u00e0 Mohamed Bouhafsi, pr\u00e9sentateur de l\u2019\u00e9mission en remplacement d\u2019<a href=\"https:\/\/www.purepeople.com\/people\/anne-elisabeth-lemoine_p2351\" target=\"_blank\" rel=\"noopener\">Anne-\u00c9lisabeth Lemoine<\/a>. La nouvelle vedette du cin\u00e9ma fran\u00e7ais, apr\u00e8s avoir \u00e9voqu\u00e9 son actualit\u00e9 et les temps forts de sa jeune carri\u00e8re, a r\u00e9v\u00e9l\u00e9 avoir r\u00e9cemment <strong>d\u00fb affronter le deuil d\u2019un membre de sa famille <\/strong>dont il \u00e9tait tr\u00e8s proche.<\/p>\n<p>Les mots de Rapha\u00ebl Quenard pour \u201cMamie Simonne\u201d, sa grand-m\u00e8re r\u00e9cemment disparue<\/p>\n<p>Se pr\u00eatant \u00e0 la s\u00e9quence du R\u00e9pondeur, o\u00f9 les invit\u00e9s du plateau de France 5 ont l\u2019occasion d\u2019adresser un message \u00e0 un proche, cet amateur de <a href=\"https:\/\/www.purepeople.com\/people\/jul_p349217\" target=\"_blank\" rel=\"noopener\">Jul<\/a> a choisi ce moment pour faire r\u00e9f\u00e9rence \u00e0 \u201cune personne qui flotte d\u00e9sormais au-dessus de nous et \u00e0 qui [il a] pu chuchoter quelques mots \u00e0 l\u2019oreille il y a quelques semaines de cela\u201d. <strong>Il s\u2019agit de sa grand-m\u00e8re Simonne,<\/strong> d\u00e9c\u00e9d\u00e9e il y a peu. \u201cElle nous a tellement donn\u00e9 de lumi\u00e8re qu\u2019elle nous en a donn\u00e9 \u00e0 plus savoir qu\u2019en faire. Donc il nous en restera toujours une petite lueur au fond du sac\u201d, a d\u00e9clar\u00e9, en proie \u00e0 l\u2019\u00e9motion, le trentenaire <a href=\"https:\/\/www.purepeople.com\/article\/david-hallyday-ecarte-du-biopic-sur-johnny-hallyday-son-avis-bien-tranche-sur-le-projet-c-est-difficile_a524717\/1\" target=\"_blank\" rel=\"noopener\">qui pr\u00eatera bient\u00f4t ses traits<\/a> \u00e0 <a href=\"https:\/\/www.purepeople.com\/people\/johnny-hallyday_p44\" target=\"_blank\" rel=\"noopener\">Johnny Hallyday.<\/a><\/p>\n<p>Avant de lui adresser ses plus tendres remerciements : \u201cJe voulais lui adresser les remerciements les plus sinc\u00e8res et les plus vifs pour tous tes repas, pour tous tes sourires, pour toutes tes vacances, pour tous tes regards bienveillants, pour tous tes conseils, pour tous ces cadeaux que tu nous as faits, et notamment le plus grand des tr\u00e9sors dont tu as dispos\u00e9 : c\u2019\u00e9tait du temps.\u201d Et de <strong>conclure en lui confiant son amour<\/strong> : \u201cElle a fait en sorte que notre famille soit unie. Elle a \u00e9t\u00e9 l\u2019agent f\u00e9d\u00e9rateur et le socle de tout \u00e7a. Et j\u2019esp\u00e8re qu\u2019on va pouvoir rendre hommage \u00e0 ce qu\u2019elle a construit et qu\u2019elle n\u2019a jamais cess\u00e9 d\u2019entretenir. <strong>Et je l\u2019aime en majuscules de 75 000 kilom\u00e8tres<\/strong>.\u201d Un message touchant.<\/p>\n<p>        <img decoding=\"async\" class=\"thumb-img-100 thumb-img\" src=\"https:\/\/www.europesays.com\/fr\/wp-content\/uploads\/2025\/12\/7514732-raphael-quenard-est-un-acteur-qui-a-le-v-320x180-2.jpg\" alt=\"Rapha\u00ebl Quenard : Qui est cet incontournable du cin\u00e9ma fran\u00e7ais, au passif d\u00e9routant ?\" width=\"320\" height=\"180\" loading=\"lazy\" role=\"presentation\"\/><\/p>\n<p>                                            Rapha\u00ebl Quenard : Qui est cet incontournable du cin\u00e9ma fran\u00e7ais, au passif d\u00e9routant ?<\/p>\n","protected":false},"excerpt":{"rendered":"Par Lucie Gosselin | R\u00e9dactrice Journaliste passionn\u00e9e, depuis plus de 10 ans, je r\u00e9alise des enqu\u00eates, des portraits,&hellip;\n","protected":false},"author":2,"featured_media":582392,"comment_status":"","ping_status":"","sticky":false,"template":"","format":"standard","meta":{"footnotes":""},"categories":[1359],"tags":[58,59,1011,27,973],"class_list":{"0":"post-582391","1":"post","2":"type-post","3":"status-publish","4":"format-standard","5":"has-post-thumbnail","7":"category-people","8":"tag-divertissement","9":"tag-entertainment","10":"tag-fr","11":"tag-france","12":"tag-people"},"share_on_mastodon":{"url":"https:\/\/pubeurope.com\/@fr\/115673381618119380","error":""},"_links":{"self":[{"href":"https:\/\/www.europesays.com\/fr\/wp-json\/wp\/v2\/posts\/582391","targetHints":{"allow":["GET"]}}],"collection":[{"href":"https:\/\/www.europesays.com\/fr\/wp-json\/wp\/v2\/posts"}],"about":[{"href":"https:\/\/www.europesays.com\/fr\/wp-json\/wp\/v2\/types\/post"}],"author":[{"embeddable":true,"href":"https:\/\/www.europesays.com\/fr\/wp-json\/wp\/v2\/users\/2"}],"replies":[{"embeddable":true,"href":"https:\/\/www.europesays.com\/fr\/wp-json\/wp\/v2\/comments?post=582391"}],"version-history":[{"count":0,"href":"https:\/\/www.europesays.com\/fr\/wp-json\/wp\/v2\/posts\/582391\/revisions"}],"wp:featuredmedia":[{"embeddable":true,"href":"https:\/\/www.europesays.com\/fr\/wp-json\/wp\/v2\/media\/582392"}],"wp:attachment":[{"href":"https:\/\/www.europesays.com\/fr\/wp-json\/wp\/v2\/media?parent=582391"}],"wp:term":[{"taxonomy":"category","embeddable":true,"href":"https:\/\/www.europesays.com\/fr\/wp-json\/wp\/v2\/categories?post=582391"},{"taxonomy":"post_tag","embeddable":true,"href":"https:\/\/www.europesays.com\/fr\/wp-json\/wp\/v2\/tags?post=582391"}],"curies":[{"name":"wp","href":"https:\/\/api.w.org\/{rel}","templated":true}]}}