{"id":582393,"date":"2025-12-06T15:41:22","date_gmt":"2025-12-06T15:41:22","guid":{"rendered":"https:\/\/www.europesays.com\/fr\/582393\/"},"modified":"2025-12-06T15:41:22","modified_gmt":"2025-12-06T15:41:22","slug":"mon-amour-pour-la-bretagne-minspire-au-quotidien-qui-est-cet-illustrateur-installe-a-riec-sur-belon-depuis-25-ans-portrait","status":"publish","type":"post","link":"https:\/\/www.europesays.com\/fr\/582393\/","title":{"rendered":"\u00ab\u00a0Mon amour pour la Bretagne m\u2019inspire au quotidien \u00bb : qui est cet illustrateur install\u00e9 \u00e0 Riec-sur-B\u00e9lon depuis 25 ans\u00a0? [Portrait]"},"content":{"rendered":"<p>Breton de naissance, plus particuli\u00e8rement Finist\u00e9rien, Gwendal Hasson est depuis toujours tr\u00e8s attach\u00e9 \u00e0 ses origines. Rapidement passionn\u00e9 par l\u2019univers du dessin, des affiches et de la publicit\u00e9, le jeune Mo\u00eblanais d\u00e9barque \u00e0 Paris au d\u00e9but des ann\u00e9es 1990 pour approfondir sa passion des arts.<\/p>\n<p>Une passion folle pour le dessin<\/p>\n<p>\u00ab\u00a0D\u00e8s mon plus jeune \u00e2ge, j\u2019ai rapidement ador\u00e9 le dessin et plus particuli\u00e8rement celui des bandes dessin\u00e9es, raconte Gwendal Hasson, graphiste ind\u00e9pendant de 53 ans install\u00e9 \u00e0 Riec-sur-B\u00e9lon. Quand j\u2019\u00e9tais plus jeune, j\u2019\u00e9tais admiratif du travail produit dans une BD. J\u2019essayais de reproduire certains personnages cultes comme Gaston Lagaffe ou Lucky Luke. Je me rappellerai toujours avoir dessin\u00e9, en grand, Gaston Lagaffe dans la cuisine de mes parents. Lors de travaux, ma m\u00e8re a tout refait sans toucher \u00e0 mon dessin, qu\u2019elle a laiss\u00e9 appara\u00eetre sur le mur\u00a0\u00bb.<\/p>\n<p>Depuis deux ans, Gwendal Hasson commercialise ses illustrations en cumul de son activit\u00e9 de graphiste ind\u00e9pendant. Mais sa touche personnelle remonte \u00e0 bien plus longtemps\u00a0: \u00ab\u00a0M\u00eame en tant que graphiste en communication, j\u2019ai toujours aim\u00e9 ajouter une illustration \u00e0 mes productions. Cela ajoute un c\u00f4t\u00e9 personnel \u00e0 ce que je peux donner\u00a0\u00bb.<\/p>\n<blockquote><p>Quand j\u2019aime quelque chose, j\u2019essaie de le reproduire.<\/p><\/blockquote>\n<p>\u00ab\u00a0Je n\u2019ai jamais arr\u00eat\u00e9 de dessiner\u00a0\u00bb<\/p>\n<p>Pourquoi se lancer dans la commercialisation de ses dessins\u00a0? Pour lui, la r\u00e9ponse est \u00e9vidente\u00a0: \u00ab\u00a0Depuis le d\u00e9but de ma carri\u00e8re, je n\u2019ai jamais arr\u00eat\u00e9 de dessiner. C\u2019\u00e9tait d\u00e9j\u00e0 dans mon quotidien. Alors, \u00e0 un moment, je me suis dit\u00a0: pourquoi ne pas commercialiser ce que je dessine\u00a0?\u00a0\u00bb<\/p>\n<p>Ses influences\u00a0? \u00ab\u00a0Mes principales inspirations puisent modestement dans l\u2019\u0153uvre d\u2019Henri Rivi\u00e8re et de Georges Fourrier. Passionn\u00e9 de bande dessin\u00e9e \u2014 particuli\u00e8rement Andr\u00e9 Franquin et Didier Savard \u2014 j\u2019essaie d\u2019emprunter certains de leurs codes graphiques, notamment au niveau des aplats de couleur et de la finesse du trait. J\u2019ai aussi une grande admiration pour l\u2019artiste breton Bruno Le Floc\u2019h\u00a0\u00bb.<\/p>\n<p>Dans ses \u0153uvres en \u00e9dition limit\u00e9e, l\u2019illustrateur du Finist\u00e8re met en lumi\u00e8re de nombreux \u00e9l\u00e9ments embl\u00e9matiques de la Bretagne\u00a0: la ria du B\u00e9lon, Beg-Meil \u00e0 Cap-Coz, les chemins c\u00f4tiers, le phare de Kermorvan, Le Conquet, mais aussi des figures traditionnelles comme le sonneur ou la danseuse bigoud\u00e8ne. \u00ab\u00a0Mon amour pour la Bretagne m\u2019inspire au quotidien. Je dessine ce qui me pla\u00eet. Je n\u2019intellectualise pas mes recherches. Quand j\u2019aime quelque chose, j\u2019essaie de le reproduire\u00a0\u00bb.<\/p>\n<p>Un travail minutieux, vendu en \u00e9dition limit\u00e9e<\/p>\n<p>Chaque \u0153uvre demande environ quatre \u00e0 cinq jours de travail. La reproduction est r\u00e9alis\u00e9e avec une impression de grande qualit\u00e9\u00a0: \u00ab\u00a0J\u2019utilise le m\u00eame type de papier que celui destin\u00e9 \u00e0 la reproduction d\u2019\u0153uvres d\u2019art avec des encres garanties 60\u00a0ans. Les tirages Fine Art sont r\u00e9alis\u00e9s par un laboratoire photo d&rsquo;Auray\u00a0\u00bb.<\/p>\n<p>Pratique<\/p>\n<p class=\"note\">Ses \u0153uvres, \u00e9dit\u00e9es en nombre limit\u00e9 \u2014 certaines d\u00e9j\u00e0 \u00e9puis\u00e9es \u2014 sont en vente en ligne sur son site <a href=\"https:\/\/www.gwendalhasson.com\/\" target=\"_blank\" rel=\"noopener\">gwendalhasson.com<\/a>, \u00e0 partir de 70 \u20ac l\u2019unit\u00e9.<\/p>\n","protected":false},"excerpt":{"rendered":"Breton de naissance, plus particuli\u00e8rement Finist\u00e9rien, Gwendal Hasson est depuis toujours tr\u00e8s attach\u00e9 \u00e0 ses origines. Rapidement passionn\u00e9&hellip;\n","protected":false},"author":2,"featured_media":582394,"comment_status":"","ping_status":"","sticky":false,"template":"","format":"standard","meta":{"footnotes":""},"categories":[1358],"tags":[1348,1384,1385,1386,58,59,3321,1011,27,4555,11878],"class_list":{"0":"post-582393","1":"post","2":"type-post","3":"status-publish","4":"format-standard","5":"has-post-thumbnail","7":"category-arts-et-design","8":"tag-arts","9":"tag-arts-and-design","10":"tag-arts-et-design","11":"tag-design","12":"tag-divertissement","13":"tag-entertainment","14":"tag-finistere","15":"tag-fr","16":"tag-france","17":"tag-local","18":"tag-quimperle"},"share_on_mastodon":{"url":"https:\/\/pubeurope.com\/@fr\/115673385077731170","error":""},"_links":{"self":[{"href":"https:\/\/www.europesays.com\/fr\/wp-json\/wp\/v2\/posts\/582393","targetHints":{"allow":["GET"]}}],"collection":[{"href":"https:\/\/www.europesays.com\/fr\/wp-json\/wp\/v2\/posts"}],"about":[{"href":"https:\/\/www.europesays.com\/fr\/wp-json\/wp\/v2\/types\/post"}],"author":[{"embeddable":true,"href":"https:\/\/www.europesays.com\/fr\/wp-json\/wp\/v2\/users\/2"}],"replies":[{"embeddable":true,"href":"https:\/\/www.europesays.com\/fr\/wp-json\/wp\/v2\/comments?post=582393"}],"version-history":[{"count":0,"href":"https:\/\/www.europesays.com\/fr\/wp-json\/wp\/v2\/posts\/582393\/revisions"}],"wp:featuredmedia":[{"embeddable":true,"href":"https:\/\/www.europesays.com\/fr\/wp-json\/wp\/v2\/media\/582394"}],"wp:attachment":[{"href":"https:\/\/www.europesays.com\/fr\/wp-json\/wp\/v2\/media?parent=582393"}],"wp:term":[{"taxonomy":"category","embeddable":true,"href":"https:\/\/www.europesays.com\/fr\/wp-json\/wp\/v2\/categories?post=582393"},{"taxonomy":"post_tag","embeddable":true,"href":"https:\/\/www.europesays.com\/fr\/wp-json\/wp\/v2\/tags?post=582393"}],"curies":[{"name":"wp","href":"https:\/\/api.w.org\/{rel}","templated":true}]}}