{"id":582395,"date":"2025-12-06T15:43:17","date_gmt":"2025-12-06T15:43:17","guid":{"rendered":"https:\/\/www.europesays.com\/fr\/582395\/"},"modified":"2025-12-06T15:43:17","modified_gmt":"2025-12-06T15:43:17","slug":"france-televisions-sexplique-sur-leviction-de-slimane-du-telethon","status":"publish","type":"post","link":"https:\/\/www.europesays.com\/fr\/582395\/","title":{"rendered":"France T\u00e9l\u00e9visions s\u2019explique sur l\u2019\u00e9viction de Slimane du T\u00e9l\u00e9thon"},"content":{"rendered":"<p>\n    Apr\u00e8s la condamnation du chanteur pour harc\u00e8lement moral, le groupe audiovisuel public a pr\u00e9f\u00e9r\u00e9 ne pas l\u2019inviter \u00e0 l\u2019\u00e9v\u00e8nement caritatif pr\u00e9vu du vendredi 5 au samedi 6 d\u00e9cembre.<\/p>\n<p class=\"fig-paragraph\">\u00c0 l\u2019occasion de la 96e \u00e9dition du\u00a0<a href=\"https:\/\/tvmag.lefigaro.fr\/programme-tv\/programme\/telethon-2025-39e-edition-f1778686657\" target=\"_blank\" rel=\"noopener\" data-gtm-custom-categorie=\"navigation\" data-gtm-custom-action=\"crossclick\" data-gtm-custom-label=\"Contextuel\" data-gtm-event=\"customEventSPE\"><strong>T\u00e9l\u00e9thon<\/strong><\/a>, <strong>France T\u00e9l\u00e9visions<\/strong> a vu les choses en grand. Une trentaine d\u2019heures de diffusion en direct sur les antennes du groupe, au cours desquelles diverses animations sont pr\u00e9vues. Le tout pr\u00e9sent\u00e9 par les animateurs phares de l\u2019audiovisuel public, notamment\u00a0<a href=\"https:\/\/www.lefigaro.fr\/tag\/sophie-davant\" target=\"_blank\" rel=\"noopener\" data-gtm-custom-categorie=\"navigation\" data-gtm-custom-action=\"crossclick\" data-gtm-custom-label=\"Contextuel\" data-gtm-event=\"customEventSPE\">Sophie Davant<\/a>,\u00a0<a href=\"https:\/\/www.lefigaro.fr\/tag\/nagui\" target=\"_blank\" rel=\"noopener\" data-gtm-custom-categorie=\"navigation\" data-gtm-custom-action=\"crossclick\" data-gtm-custom-label=\"Contextuel\" data-gtm-event=\"customEventSPE\">Nagui<\/a>\u00a0et\u00a0<a href=\"https:\/\/www.lefigaro.fr\/tag\/cyril-feraud\" target=\"_blank\" rel=\"noopener\" data-gtm-custom-categorie=\"navigation\" data-gtm-custom-action=\"crossclick\" data-gtm-custom-label=\"Contextuel\" data-gtm-event=\"customEventSPE\">Cyril F\u00e9raud<\/a>. Et c\u2019est la chanteuse\u00a0<a href=\"https:\/\/www.lefigaro.fr\/tag\/santa\" target=\"_blank\" rel=\"noopener\" data-gtm-custom-categorie=\"navigation\" data-gtm-custom-action=\"crossclick\" data-gtm-custom-label=\"Contextuel\" data-gtm-event=\"customEventSPE\">Santa<\/a>\u00a0qui a \u00e9t\u00e9 choisie pour \u00eatre la marraine de cette \u00e9dition de l\u2019\u00e9v\u00e8nement caritatif.<\/p>\n<p class=\"fig-paragraph\">Seulement plusieurs pol\u00e9miques ont fait surface quelques jours avant le lancement du T\u00e9l\u00e9thon. En effet, sur dans \u00abTout beau tout n9uf\u00bb sur W9, Cyril Hanouna avait r\u00e9v\u00e9l\u00e9 le 24 novembre dernier\u00a0: \u00abIl y a un scandale qui arrive chez France T\u00e9l\u00e9visions autour du T\u00e9l\u00e9thon. Quel drame\u00a0! Il y a des ego qui font qu\u2019il y a des scandales. Vous savez que c\u2019est Santa, la marraine cette ann\u00e9e. Sachez que<a href=\"https:\/\/www.lefigaro.fr\/tag\/slimane\" target=\"_blank\" rel=\"noopener\" data-gtm-custom-categorie=\"navigation\" data-gtm-custom-action=\"crossclick\" data-gtm-custom-label=\"Contextuel\" data-gtm-event=\"customEventSPE\">\u00a0Slimane<\/a> \u00a0devait venir, il est toujours l\u00e0 au T\u00e9l\u00e9thon quand on a besoin de lui. C\u2019est un amour, il ne demande rien et est toujours heureux de participer. Sachez que Santa a demand\u00e9 de l\u2019\u00e9vincer. Elle ne voulait pas de lui, alors que son affaire a \u00e9t\u00e9 r\u00e9gl\u00e9e. Sachez aussi qu\u2019en plus de Slimane, elle a aussi interdit\u00a0<a href=\"https:\/\/www.lefigaro.fr\/tag\/vitaa\" target=\"_blank\" rel=\"noopener\" data-gtm-custom-categorie=\"navigation\" data-gtm-custom-action=\"crossclick\" data-gtm-custom-label=\"Contextuel\" data-gtm-event=\"customEventSPE\">Vitaa<\/a> \u00a0de T\u00e9l\u00e9thon, par jalousie. Elle serait jalouse de Vitaa parce qu\u2019elle a gagn\u00e9 de nombreux prix face \u00e0 elle, les Victoires de la musique ou je sais plus quoi. (&#8230;) Et c\u2019est une information de source s\u00fbre\u00a0!\u00bb<\/p>\n<p>                                                                <a class=\"fig-a11y-skip\" href=\"#fig-a11y-skip-main-inarticle\" data-module=\"a11y-skip\" data-context=\"was @visible\"><br \/>\n    Passer la publicit\u00e9<br \/>\n<\/a>            <\/p>\n<p class=\"fig-paragraph\">Des all\u00e9gations d\u00e9menties le lendemain par France T\u00e9l\u00e9visions dans un communiqu\u00e9. \u00abContrairement \u00e0 ce qui a pu \u00eatre affirm\u00e9 dans certains m\u00e9dias, les producteurs du T\u00e9l\u00e9thon tiennent \u00e0 rectifier les fausses informations concernant la programmation artistique de l\u2019\u00e9v\u00e9nement. Comme chaque ann\u00e9e, les choix \u00e9ditoriaux, artistiques et techniques de la programmation du T\u00e9l\u00e9thon sont assum\u00e9s par les seuls producteurs de France T\u00e9l\u00e9visions. Santa, la marraine du T\u00e9l\u00e9thon 2025, comme ses pr\u00e9d\u00e9cesseurs, n\u2019a en aucun cas \u00e9t\u00e9 d\u00e9cisionnaire dans les choix des artistes invit\u00e9s\u00bb, a-t-il \u00e9crit.<\/p>\n<p class=\"fig-body-link\">\n            \u00c0 lire aussi<br \/>\n        <a class=\"fig-body-link__link\" href=\"http:\/\/tvmag.lefigaro.fr\/programme-tv\/actu-tele\/je-precise-qu-elle-est-a-jeun-cyril-feraud-taquine-sophie-davant-titubante-lors-du-telethon-20241130\" target=\"_blank\" data-fig-type=\"Article\" rel=\"noopener\" data-gtm-custom-categorie=\"navigation\" data-gtm-custom-action=\"crossclick\" data-gtm-custom-label=\"Contextuel\" data-gtm-event=\"customEventSPE\" data-fig-domain=\"TVMAG\"><\/p>\n<p>        \u00abJe pr\u00e9cise qu\u2019elle est \u00e0 jeun\u00bb\u00a0: Cyril F\u00e9raud taquine Sophie Davant titubante lors du \u00abT\u00e9l\u00e9thon\u00bb<br \/>\n    <\/a>\n<\/p>\n<p class=\"fig-paragraph\">Seulement\u00a0<a href=\"https:\/\/www.lefigaro.fr\/tag\/slimane\" target=\"_blank\" rel=\"noopener\" data-gtm-custom-categorie=\"navigation\" data-gtm-custom-action=\"crossclick\" data-gtm-custom-label=\"Contextuel\" data-gtm-event=\"customEventSPE\"><strong>Slimane<\/strong><\/a> \u00a0\u00e9tait bien cens\u00e9 intervenir lors de cet \u00e9v\u00e8nement au profit des personnes atteintes de myopathies et maladies g\u00e9n\u00e9tiques rares. Pourtant, la direction de France T\u00e9l\u00e9visions en a d\u00e9cid\u00e9 autrement, comme l\u2019a r\u00e9v\u00e9l\u00e9 le\u00a0<a href=\"https:\/\/www.leparisien.fr\/culture-loisirs\/musique\/on-ne-veut-pas-prendre-le-risque-dune-polemique-pourquoi-les-teles-ninvitent-pas-slimane-pour-son-nouvel-album-05-12-2025-3RPI3JLWZRAKFOLACC54RXWKMY.php\" target=\"_blank\" rel=\"noopener\" data-gtm-custom-categorie=\"navigation\" data-gtm-custom-action=\"crossclick\" data-gtm-custom-label=\"Contextuel\" data-gtm-event=\"customEventSPE\">Parisien<\/a>, ce samedi 6 d\u00e9cembre. \u00abSlimane a pay\u00e9 sa dette, mais ce sera son retour, sa premi\u00e8re t\u00e9l\u00e9, et on ne veut pas prendre le risque d\u2019une pol\u00e9mique\u00bb, a d\u00e9clar\u00e9 le groupe. Le chanteur avait \u00e9t\u00e9 condamn\u00e9 \u00e0 verser 10.000 euros d\u2019amende dont 3.000 avec sursis en septembre dernier, suite \u00e0 deux plaintes d\u00e9pos\u00e9es par des techniciens qui l\u2019accusaient de harc\u00e8lement sexuel et tentative d\u2019agression sexuelle.<\/p>\n","protected":false},"excerpt":{"rendered":"Apr\u00e8s la condamnation du chanteur pour harc\u00e8lement moral, le groupe audiovisuel public a pr\u00e9f\u00e9r\u00e9 ne pas l\u2019inviter \u00e0&hellip;\n","protected":false},"author":2,"featured_media":582396,"comment_status":"","ping_status":"","sticky":false,"template":"","format":"standard","meta":{"footnotes":""},"categories":[1356],"tags":[58,59,1011,27,23339,9055,12846,252,1364],"class_list":{"0":"post-582395","1":"post","2":"type-post","3":"status-publish","4":"format-standard","5":"has-post-thumbnail","7":"category-television","8":"tag-divertissement","9":"tag-entertainment","10":"tag-fr","11":"tag-france","12":"tag-france-television","13":"tag-slimane","14":"tag-telethon","15":"tag-television","16":"tag-tv"},"share_on_mastodon":{"url":"https:\/\/pubeurope.com\/@fr\/115673393006889993","error":""},"_links":{"self":[{"href":"https:\/\/www.europesays.com\/fr\/wp-json\/wp\/v2\/posts\/582395","targetHints":{"allow":["GET"]}}],"collection":[{"href":"https:\/\/www.europesays.com\/fr\/wp-json\/wp\/v2\/posts"}],"about":[{"href":"https:\/\/www.europesays.com\/fr\/wp-json\/wp\/v2\/types\/post"}],"author":[{"embeddable":true,"href":"https:\/\/www.europesays.com\/fr\/wp-json\/wp\/v2\/users\/2"}],"replies":[{"embeddable":true,"href":"https:\/\/www.europesays.com\/fr\/wp-json\/wp\/v2\/comments?post=582395"}],"version-history":[{"count":0,"href":"https:\/\/www.europesays.com\/fr\/wp-json\/wp\/v2\/posts\/582395\/revisions"}],"wp:featuredmedia":[{"embeddable":true,"href":"https:\/\/www.europesays.com\/fr\/wp-json\/wp\/v2\/media\/582396"}],"wp:attachment":[{"href":"https:\/\/www.europesays.com\/fr\/wp-json\/wp\/v2\/media?parent=582395"}],"wp:term":[{"taxonomy":"category","embeddable":true,"href":"https:\/\/www.europesays.com\/fr\/wp-json\/wp\/v2\/categories?post=582395"},{"taxonomy":"post_tag","embeddable":true,"href":"https:\/\/www.europesays.com\/fr\/wp-json\/wp\/v2\/tags?post=582395"}],"curies":[{"name":"wp","href":"https:\/\/api.w.org\/{rel}","templated":true}]}}