{"id":5824,"date":"2025-04-06T17:24:10","date_gmt":"2025-04-06T17:24:10","guid":{"rendered":"https:\/\/www.europesays.com\/fr\/5824\/"},"modified":"2025-04-06T17:24:10","modified_gmt":"2025-04-06T17:24:10","slug":"fermin-aldeguer-epatant-mais-finalement-bredouille-au-texas","status":"publish","type":"post","link":"https:\/\/www.europesays.com\/fr\/5824\/","title":{"rendered":"Ferm\u00edn Aldeguer \u00e9patant mais finalement bredouille au Texas"},"content":{"rendered":"<p>Rest\u00e9 dans l&rsquo;ombre d&rsquo;<a href=\"https:\/\/fr.motorsport.com\/driver\/ai-ogura\/471489\/\" target=\"_blank\" rel=\"noopener\">Ai Ogura<\/a> lors des deux premiers Grands Prix, le rookie <a href=\"https:\/\/fr.motorsport.com\/driver\/fermin-aldeguer\/945314\/\" target=\"_blank\" rel=\"noopener\">Ferm\u00edn Aldeguer<\/a> est pass\u00e9 sous le feu des projecteurs \u00e0 Austin. Dimanche, il a livr\u00e9 une performance impressionnante qui l&rsquo;a vu r\u00e9aliser une superbe remont\u00e9e jusqu&rsquo;\u00e0 menacer la quatri\u00e8me place occup\u00e9e par <a href=\"https:\/\/fr.motorsport.com\/driver\/franco-morbidelli\/109417\/\" target=\"_blank\" rel=\"noopener\">Franco Morbidelli<\/a>.<\/p>\n<p>Le rythme affich\u00e9 par le jeune Espagnol en a laiss\u00e9 plus d&rsquo;un bouche b\u00e9e. Pilote le plus rapide en piste en fin de course, avec \u00e0 la cl\u00e9 le deuxi\u00e8me meilleur tour du Grand Prix, Aldeguer a impressionn\u00e9 en se d\u00e9faisant avec aisance de <a href=\"https:\/\/fr.motorsport.com\/driver\/johann-zarco\/96107\/\" target=\"_blank\" rel=\"noopener\">Johann Zarco<\/a> puis de <a href=\"https:\/\/fr.motorsport.com\/driver\/jack-miller\/96423\/\" target=\"_blank\" rel=\"noopener\">Jack Miller<\/a>, se d\u00e9tachant tr\u00e8s rapidement d&rsquo;eux \u00e0 chaque fois.<\/p>\n<p>\u00a0<\/p>\n<p>Seulement, il n&rsquo;est pas all\u00e9 au bout de sa d\u00e9monstration. Le pilote Gresini a fini par tomber \u00e0 la fin du 17e tour, peu apr\u00e8s avoir d\u00e9pass\u00e9 Miller et avoir sem\u00e9 la Yamaha en un \u00e9clair pour foncer vers la Ducati de Morbidelli. Une erreur qu&rsquo;il impute \u00e0 \u00ab\u00a0un trop-plein de confiance\u00a0\u00bb et qui ne g\u00e2che pas \u00e0 ses yeux le plaisir pris dans cette course.<\/p>\n<p>\u00ab\u00a0Austin n&rsquo;est pas un circuit facile, et pourtant on s&rsquo;est battus pour les premi\u00e8res places\u00a0\u00bb,\u00a0voulait retenir Ferm\u00edn Aldeguer, qui f\u00eatera ses 20 ans demain. \u00ab\u00a0Mon objectif reste toujours de terminer dans le top 10 mais aujourd&rsquo;hui, j&rsquo;avais la vitesse et le rythme pour finir dans le top 5. J&rsquo;ai n\u00e9anmoins subi une petite chute \u00e0 cause d&rsquo;un trop-plein de confiance, j&rsquo;ai perdu l&rsquo;avant sur une bosse du virage 15.\u00a0\u00bb<\/p>\n<p>\u00a0<\/p>\n<p>Au Texas, Aldeguer a pour la premi\u00e8re fois pris part \u00e0 la Q2 et s&rsquo;est qualifi\u00e9 12e, une position de d\u00e9part dont il a profit\u00e9 au sprint pour figurer dans un groupe fourni en lutte pour les derniers points. Puis, dimanche, il s&rsquo;est frott\u00e9 \u00e0 des adversaires coriaces, sur lesquels il a sembl\u00e9 facilement trouver l&rsquo;ouverture, et s&rsquo;est solidement install\u00e9 dans la zone des points&#8230; jusqu&rsquo;\u00e0 quatre minutes de l&rsquo;arriv\u00e9e.<\/p>\n<p>\u00ab\u00a0Il y a malgr\u00e9 tout beaucoup de positif \u00e0 retenir. Il faut que j&rsquo;analyse cette chute mais elle n&rsquo;est pas due \u00e0 une grosse erreur\u00a0\u00bb,\u00a0a estim\u00e9 le pilote espagnol. \u00ab\u00a0On peut \u00eatre satisfaits de cette course et de l&rsquo;ensemble du week-end. On s&rsquo;est beaucoup am\u00e9lior\u00e9s, on travaille de la bonne mani\u00e8re.\u00a0\u00bb<\/p>\n<p>\u00ab\u00a0Aujourd&rsquo;hui, j&rsquo;ai beaucoup appris. Apr\u00e8s la mi-course, j&rsquo;ai commenc\u00e9 \u00e0 vraiment bien g\u00e9rer la motricit\u00e9, j&rsquo;ai compris comment ne pas faire d&rsquo;erreurs dans les points de freinage. J&rsquo;ai fait des d\u00e9passements et je me suis retrouv\u00e9 devant, ce qui est bien par rapport \u00e0 la pression du pneu avant. J&rsquo;ai g\u00e9r\u00e9 \u00e7a et, au fil des tours, j&rsquo;ai mieux compris ma moto, j&rsquo;ai mieux utilis\u00e9 l&rsquo;\u00e9lectronique.\u00a0\u00bb<\/p>\n<p>   <img decoding=\"async\" draggable=\"false\" src=\"https:\/\/www.europesays.com\/fr\/wp-content\/uploads\/2025\/04\/fermin-aldeguer-gresini-racing.jpg\" alt=\"Fermin Aldeguer, Gresini Racing\" width=\"1200\" height=\"800\" loading=\"lazy\"\/> <\/p>\n<p class=\"title\">Ferm\u00edn Aldeguer a brill\u00e9 dans la lutte face \u00e0 des pilotes exp\u00e9riment\u00e9s.<\/p>\n<p class=\"photographer\">Photo de: Gold and Goose \/ Motorsport Images<\/p>\n<p>Aldeguer prend cette course comme un point de d\u00e9part vers d&rsquo;autres belles performances qu&rsquo;il esp\u00e8re pouvoir r\u00e9aliser prochainement, \u00e0 condition d&rsquo;aller au bout de son effort et aussi de continuer \u00e0 rectifier certains \u00e9l\u00e9ments qu&rsquo;il juge perfectibles.\u00a0\u00ab\u00a0Il faut qu&rsquo;on s&rsquo;am\u00e9liore sur les points n\u00e9gatifs, comme les qualifications et aussi la premi\u00e8re partie de la course. Avec Frankie [Carchedi, son ing\u00e9nieur, ndlr], on travaille toujours pour la derni\u00e8re partie de la course, au niveau des r\u00e9glages, mais je pense qu&rsquo;on peut mieux faire sur ce point.\u00a0\u00bb<\/p>\n<p>Dall&rsquo;Igna regrette l&rsquo;absence de points<\/p>\n<p>Gigi Dall&rsquo;Igna n&rsquo;a pas manqu\u00e9 de f\u00e9liciter le jeune pilote avec qui Ducati est directement li\u00e9 contractuellement, soulignant lui-m\u00eame la vitesse notable dont il a \u00e9t\u00e9 capable. Le directeur g\u00e9n\u00e9ral de Ducati Corse a n\u00e9anmoins regrett\u00e9 que cette prouesse n&rsquo;ait pas connu la conclusion esp\u00e9r\u00e9e.<\/p>\n<p>\u00ab\u00a0Aldeguer est un pilote que nous avons choisi, que nous suivons depuis longtemps, alors je suis heureux de le voir heureux sur la moto\u00a0\u00bb, a expliqu\u00e9 le responsable \u00e0 Sky \u00e0 l&rsquo;arriv\u00e9e de la course, rappelant que l&rsquo;Espagnol a \u00e9t\u00e9 choisi par Ducati avant m\u00eame le d\u00e9but de la saison 2024, lorsqu&rsquo;il courait en Moto2.<\/p>\n<p>\u00ab\u00a0Je regrette cependant qu&rsquo;il soit tomb\u00e9 \u00e0 deux tours de l&rsquo;arriv\u00e9e car, m\u00eame si sa performance a \u00e9t\u00e9 excellente, au final les points sont n\u00e9cessaires. Quand il regardera le classement et qu&rsquo;il se verra derri\u00e8re, il ne sera certainement pas content. Il aurait donc \u00e9t\u00e9 pr\u00e9f\u00e9rable pour son moral d&rsquo;aller au bout, mais je pense qu&rsquo;il a quand m\u00eame fait une belle course et je suis heureux qu&rsquo;il soit avec nous.\u00a0\u00bb<\/p>\n<p>Finalement revenu bredouille du Texas, Ferm\u00edn Aldeguer n&rsquo;affiche pour le moment \u00e0 son compteur que les trois points obtenus lors de la premi\u00e8re course sprint de l&rsquo;ann\u00e9e, \u00e0 84 longueurs de son co\u00e9quipier, <a href=\"https:\/\/fr.motorsport.com\/driver\/alex-marquez\/96324\/\" target=\"_blank\" rel=\"noopener\">\u00c1lex M\u00e1rquez<\/a>, aujourd&rsquo;hui leader du <a href=\"https:\/\/fr.motorsport.com\/motogp\/news\/championnat-marquez-chasse-autre-tete-classement\/10708385\/\" target=\"_self\" rel=\"noopener\">championnat<\/a>, et \u00e0 22 points d&rsquo;Ai Ogura, toujours premier parmi les rookies.<\/p>\n<p style=\"text-align: right;\">Avec Oriol Puigdemont<\/p>\n<p>Lire aussi :<\/p>\n<\/p>\n<\/p>\n<p>Dans cet article<\/p>\n<p>    L\u00e9na Buffa\n<\/p>\n<p>    MotoGP\n<\/p>\n<p>    Ferm\u00edn Aldeguer\n<\/p>\n<p>    Gresini Racing\n<\/p>\n<p>Soyez le premier inform\u00e9 et souscrivez aux alertes mails pour recevoir les infos en temps r\u00e9el<\/p>\n<p>    S&rsquo;abonner aux alertes de news<\/p>\n","protected":false},"excerpt":{"rendered":"Rest\u00e9 dans l&rsquo;ombre d&rsquo;Ai Ogura lors des deux premiers Grands Prix, le rookie Ferm\u00edn Aldeguer est pass\u00e9 sous&hellip;\n","protected":false},"author":2,"featured_media":5825,"comment_status":"","ping_status":"","sticky":false,"template":"","format":"standard","meta":{"footnotes":""},"categories":[1413],"tags":[2077,3453,1011,27,2076,3452,1457,1456,1458,60],"class_list":{"0":"post-5824","1":"post","2":"type-post","3":"status-publish","4":"format-standard","5":"has-post-thumbnail","7":"category-moto","8":"tag-circuit-of-the-americas","9":"tag-fermu00edn-aldeguer","10":"tag-fr","11":"tag-france","12":"tag-gp-des-amu00e9riques","13":"tag-gresini-racing","14":"tag-moto","15":"tag-motocycle","16":"tag-motogp","17":"tag-sports"},"share_on_mastodon":{"url":"https:\/\/pubeurope.com\/@fr\/114292186329256386","error":""},"_links":{"self":[{"href":"https:\/\/www.europesays.com\/fr\/wp-json\/wp\/v2\/posts\/5824","targetHints":{"allow":["GET"]}}],"collection":[{"href":"https:\/\/www.europesays.com\/fr\/wp-json\/wp\/v2\/posts"}],"about":[{"href":"https:\/\/www.europesays.com\/fr\/wp-json\/wp\/v2\/types\/post"}],"author":[{"embeddable":true,"href":"https:\/\/www.europesays.com\/fr\/wp-json\/wp\/v2\/users\/2"}],"replies":[{"embeddable":true,"href":"https:\/\/www.europesays.com\/fr\/wp-json\/wp\/v2\/comments?post=5824"}],"version-history":[{"count":0,"href":"https:\/\/www.europesays.com\/fr\/wp-json\/wp\/v2\/posts\/5824\/revisions"}],"wp:featuredmedia":[{"embeddable":true,"href":"https:\/\/www.europesays.com\/fr\/wp-json\/wp\/v2\/media\/5825"}],"wp:attachment":[{"href":"https:\/\/www.europesays.com\/fr\/wp-json\/wp\/v2\/media?parent=5824"}],"wp:term":[{"taxonomy":"category","embeddable":true,"href":"https:\/\/www.europesays.com\/fr\/wp-json\/wp\/v2\/categories?post=5824"},{"taxonomy":"post_tag","embeddable":true,"href":"https:\/\/www.europesays.com\/fr\/wp-json\/wp\/v2\/tags?post=5824"}],"curies":[{"name":"wp","href":"https:\/\/api.w.org\/{rel}","templated":true}]}}