{"id":582409,"date":"2025-12-06T15:50:17","date_gmt":"2025-12-06T15:50:17","guid":{"rendered":"https:\/\/www.europesays.com\/fr\/582409\/"},"modified":"2025-12-06T15:50:17","modified_gmt":"2025-12-06T15:50:17","slug":"le-ministre-du-commerce-serge-papin-ecarte-des-dossiers-lies-a-auchan-pour-eviter-tout-conflit-dinterets","status":"publish","type":"post","link":"https:\/\/www.europesays.com\/fr\/582409\/","title":{"rendered":"Le ministre du Commerce Serge Papin \u00e9cart\u00e9 des dossiers li\u00e9s \u00e0 Auchan, pour \u00e9viter tout conflit d\u2019int\u00e9r\u00eats"},"content":{"rendered":"<p>\n    L\u2019ancien patron de Syst\u00e8me U ne pourra traiter ni les dossiers li\u00e9s au groupe Auchan ni ceux d\u2019entreprises qu\u2019il conseillait encore r\u00e9cemment.<\/p>\n<p class=\"fig-paragraph\">Pas si facile de passer de l\u2019entreprise \u00e0 la politique. Le ministre du Commerce Serge Papin ne pourra pas intervenir sur les dossiers li\u00e9s au groupe Auchan ni sur ceux portant sur les entreprises qu&rsquo;il a accompagn\u00e9es comme consultant au cours des cinq ans pr\u00e9c\u00e9dant son entr\u00e9e au gouvernement, selon un d\u00e9cret publi\u00e9 au Journal officiel ce samedi 6 d\u00e9cembre. La gestion des dossiers concern\u00e9s sera assur\u00e9e directement par le premier ministre S\u00e9bastien Lecornu.<\/p>\n<p class=\"fig-paragraph\">\u00abLe ministre des petites et moyennes entreprises, du commerce, de l&rsquo;artisanat, du tourisme et du pouvoir d&rsquo;achat ne conna\u00eet pas des actes de toute nature relatifs aux soci\u00e9t\u00e9s du\u00a0<a href=\"http:\/\/www.lefigaro.fr\/conjoncture\/auchan-victime-d-un-piratage-massif-des-centaines-de-milliers-de-donnees-clients-derobees-selon-le-groupe-20250821\" data-fig-type=\"NewsFlash\" data-gtm-custom-categorie=\"navigation\" data-gtm-custom-action=\"crossclick\" data-gtm-custom-label=\"Contextuel\" data-gtm-event=\"customEventSPE\" data-fig-domain=\"LEFIGARO\" target=\"_blank\" rel=\"noopener\">groupe Auchan<\/a> \u00bb, mais aussi \u00absp\u00e9cifiquement aux personnes, physiques ou morales, qu&rsquo;il a eues pour clientes dans le cadre de son activit\u00e9 de conseil en strat\u00e9gie d&rsquo;entreprise durant les cinq ann\u00e9es pr\u00e9c\u00e9dant sa nomination au sein du Gouvernement\u00bb, pr\u00e9cise le d\u00e9cret.<\/p>\n<p>                                            <a class=\"fig-a11y-skip\" href=\"#fig-a11y-skip-main-inarticle\" data-module=\"a11y-skip\" data-context=\"was @visible\"><br \/>\n    Passer la publicit\u00e9<br \/>\n<\/a>            <\/p>\n<p>                                            La Coop\u00e9rative U non concern\u00e9e<\/p>\n<p class=\"fig-paragraph\">Serge Papin, l&rsquo;ancien patron de la coop\u00e9rative de commer\u00e7ants de grande distribution\u00a0<a href=\"http:\/\/www.lefigaro.fr\/conjoncture\/gouvernement-lecornu-serge-papin-ex-patron-de-systeme-u-debarque-a-bercy-20251012\" data-fig-type=\"NewsFlash\" data-gtm-custom-categorie=\"navigation\" data-gtm-custom-action=\"crossclick\" data-gtm-custom-label=\"Contextuel\" data-gtm-event=\"customEventSPE\" data-fig-domain=\"LEFIGARO\" target=\"_blank\" rel=\"noopener\">Syst\u00e8me U<\/a>, avait \u00e9t\u00e9 nomm\u00e9 fin 2022 au conseil d&rsquo;administration d&rsquo;Auchan Retail International, qui chapeaute l&rsquo;activit\u00e9 distribution du groupe dans le monde. Il a quitt\u00e9 ce poste en janvier. Syst\u00e8me U (Super U, Hyper U, U Express&#8230;) s&rsquo;appelle d\u00e9sormais Coop\u00e9rative U.<\/p>\n<p class=\"fig-paragraph\">Cette coop\u00e9rative n&rsquo;est pas concern\u00e9e par les dispositions du d\u00e9cret, Serge Papin ayant quitt\u00e9 ses fonctions en 2018, apr\u00e8s l&rsquo;avoir dirig\u00e9e depuis 2005. La Haute autorit\u00e9 pour la transparence de la vie publique (HATVP) pourra par ailleurs demander d&rsquo;autres d\u00e9ports en fonction des d\u00e9clarations d&rsquo;int\u00e9r\u00eats et de patrimoine des diff\u00e9rents ministres en cas de conflit d&rsquo;int\u00e9r\u00eats avec leurs attributions.<\/p>\n","protected":false},"excerpt":{"rendered":"L\u2019ancien patron de Syst\u00e8me U ne pourra traiter ni les dossiers li\u00e9s au groupe Auchan ni ceux d\u2019entreprises&hellip;\n","protected":false},"author":2,"featured_media":582410,"comment_status":"","ping_status":"","sticky":false,"template":"","format":"standard","meta":{"footnotes":""},"categories":[6],"tags":[14474,35,33,34,1011,27,58352],"class_list":{"0":"post-582409","1":"post","2":"type-post","3":"status-publish","4":"format-standard","5":"has-post-thumbnail","7":"category-economie","8":"tag-auchan","9":"tag-business","10":"tag-economie","11":"tag-economy","12":"tag-fr","13":"tag-france","14":"tag-serge-papin"},"share_on_mastodon":{"url":"https:\/\/pubeurope.com\/@fr\/115673420619943939","error":""},"_links":{"self":[{"href":"https:\/\/www.europesays.com\/fr\/wp-json\/wp\/v2\/posts\/582409","targetHints":{"allow":["GET"]}}],"collection":[{"href":"https:\/\/www.europesays.com\/fr\/wp-json\/wp\/v2\/posts"}],"about":[{"href":"https:\/\/www.europesays.com\/fr\/wp-json\/wp\/v2\/types\/post"}],"author":[{"embeddable":true,"href":"https:\/\/www.europesays.com\/fr\/wp-json\/wp\/v2\/users\/2"}],"replies":[{"embeddable":true,"href":"https:\/\/www.europesays.com\/fr\/wp-json\/wp\/v2\/comments?post=582409"}],"version-history":[{"count":0,"href":"https:\/\/www.europesays.com\/fr\/wp-json\/wp\/v2\/posts\/582409\/revisions"}],"wp:featuredmedia":[{"embeddable":true,"href":"https:\/\/www.europesays.com\/fr\/wp-json\/wp\/v2\/media\/582410"}],"wp:attachment":[{"href":"https:\/\/www.europesays.com\/fr\/wp-json\/wp\/v2\/media?parent=582409"}],"wp:term":[{"taxonomy":"category","embeddable":true,"href":"https:\/\/www.europesays.com\/fr\/wp-json\/wp\/v2\/categories?post=582409"},{"taxonomy":"post_tag","embeddable":true,"href":"https:\/\/www.europesays.com\/fr\/wp-json\/wp\/v2\/tags?post=582409"}],"curies":[{"name":"wp","href":"https:\/\/api.w.org\/{rel}","templated":true}]}}