{"id":582413,"date":"2025-12-06T15:52:12","date_gmt":"2025-12-06T15:52:12","guid":{"rendered":"https:\/\/www.europesays.com\/fr\/582413\/"},"modified":"2025-12-06T15:52:12","modified_gmt":"2025-12-06T15:52:12","slug":"macron-le-pen-barnier-bellamy-lart-de-la-confession-de-nicolas-sarkozy","status":"publish","type":"post","link":"https:\/\/www.europesays.com\/fr\/582413\/","title":{"rendered":"Macron, Le Pen, Barnier, Bellamy\u2026 L\u2019art de la confession de Nicolas Sarkozy"},"content":{"rendered":"<p>\n    <strong>D\u00c9CRYPTAGE &#8211; <\/strong>Sous le r\u00e9cit de son incarc\u00e9ration, Nicolas Sarkozy n\u2019en oublie pas la strat\u00e9gie politique. Avec un rejet appuy\u00e9 du \u00ab front r\u00e9publicain\u00a0\u00bb anti-RN.<\/p>\n<p class=\"fig-paragraph\">Avec\u00a0<a href=\"http:\/\/www.lefigaro.fr\/vox\/politique\/l-editorial-de-vincent-tremolet-de-villers-nicolas-sarkozy-le-cauchemar-de-l-injustice-20251110\" target=\"_blank\" data-fig-type=\"Article\" rel=\"noopener\" data-gtm-custom-categorie=\"navigation\" data-gtm-custom-action=\"crossclick\" data-gtm-custom-label=\"Contextuel\" data-gtm-event=\"customEventSPE\" data-fig-domain=\"LEFIGARO\">Nicolas Sarkozy<\/a>, la parole, \u00e0 l\u2019oral, est une arme de conqu\u00eate tandis que les mots, \u00e0 l\u2019\u00e9crit, sont vecteurs d\u2019une confession. Celui qui fut le plus m\u00e9diatique des politiques a si souvent plaid\u00e9, argument\u00e9, interpr\u00e9t\u00e9, harangu\u00e9, jou\u00e9, tour \u00e0 tour avocat, acteur et s\u00e9ducteur. Sous la plume, appara\u00eet la v\u00e9rit\u00e9 d\u2019un homme. C\u2019est vrai plus encore de cet homme\u00a0<a href=\"http:\/\/www.lefigaro.fr\/actualite-france\/nicolas-sarkozy-en-prison-une-premiere-historique-pour-un-dirigeant-europeen-20251021\" target=\"_blank\" data-fig-type=\"NewsFlash\" rel=\"noopener\" data-gtm-custom-categorie=\"navigation\" data-gtm-custom-action=\"crossclick\" data-gtm-custom-label=\"Contextuel\" data-gtm-event=\"customEventSPE\" data-fig-domain=\"LEFIGARO\">qui a connu la prison<\/a>.<\/p>\n<p class=\"fig-paragraph\">Un opus pour trois petites semaines\u00a0! L\u2019annonce surprise du Journal d\u2019un prisonnier a suscit\u00e9 les sarcasmes des narquois. La lecture de ces 216 pages montre cependant que la force d\u2019une exp\u00e9rience ne tient pas \u00e0 sa dur\u00e9e. Sarkozy sait rendre concr\u00e8tes les 85 marches qu\u2019il a gravies pour rejoindre sa cellule, le bruit des insultes ou le chant r\u00e9p\u00e9titif du Roi Lion par un de ses voisins, la gentillesse embarrass\u00e9e du personnel de la prison.<\/p>\n<p class=\"fig-paragraph\">Il n\u2019\u00e9tait pas \u00e9vident de livrer l\u2019intimit\u00e9 de ses pens\u00e9es, de sa relation \u00e0 Carla et ses enfants, de l\u2019\u00e9volution de ses sentiments religieux, sans \u00eatre impudique. L\u2019ancien\u2026<\/p>\n<p class=\"fig-premium-paywall__infos\">\n        Cet article est r\u00e9serv\u00e9 aux abonn\u00e9s.        Il vous reste 75% \u00e0 d\u00e9couvrir.\n    <\/p>\n<p>                <img  data- alt=\"Le Figaro\" class=\"fig-img--complete fig-img\"\/><\/p>\n<p class=\"fig-premium-paywall__title\">Vous avez envie de lire la suite ?<\/p>\n<p class=\"fig-premium-paywall__subtitle\">D\u00e9bloquez tous les articles imm\u00e9diatement.<\/p>\n<p class=\"fig-premium-paywall__connect\">\n                D\u00e9j\u00e0 abonn\u00e9\u00a0?                <a class=\"fig-premium-paywall__connect-link\" href=\"https:\/\/connect.lefigaro.fr\/login?client=horizon_web&amp;type=main&amp;redirect_uri=https%3A%2F%2Fwww.lefigaro.fr%2Fvox%2Fpolitique%2Fmacron-le-pen-barnier-bellamy-l-art-de-la-confession-de-nicolas-sarkozy-20251206\" data-js-gtm=\"{&quot;customCategorie&quot;: &quot;conversion&quot;, &quot;customAction&quot;: &quot;before_Landing_Connexion_paywall_auto&quot;, &quot;customLabel&quot;: &quot;bGVmaWdhcm8uZnJfXzFmMGQyYTQ5LTliZjktNmRjMi04Y2VjLWIzMGYwZGQ5YWI3MV9fQXJ0aWNsZQ==_Macron, Le Pen, Barnier, Bellamy\u2026 L\u2019art de la confession de Nicolas Sarkozy_168&quot;, &quot;customIDSPE&quot;: &quot;bGVmaWdhcm8uZnJfXzFmMGQyYTQ5LTliZjktNmRjMi04Y2VjLWIzMGYwZGQ5YWI3MV9fQXJ0aWNsZQ==&quot;, &quot;event&quot;: &quot;customEventSPE&quot;}\" target=\"_blank\" rel=\"noopener\"><br \/>\n                    Connectez-vous<br \/>\n                <\/a>\n            <\/p>\n","protected":false},"excerpt":{"rendered":"D\u00c9CRYPTAGE &#8211; Sous le r\u00e9cit de son incarc\u00e9ration, Nicolas Sarkozy n\u2019en oublie pas la strat\u00e9gie politique. Avec un&hellip;\n","protected":false},"author":2,"featured_media":582414,"comment_status":"","ping_status":"","sticky":false,"template":"","format":"standard","meta":{"footnotes":""},"categories":[4],"tags":[11,1011,27,41135,12,3091,1078,25],"class_list":{"0":"post-582413","1":"post","2":"type-post","3":"status-publish","4":"format-standard","5":"has-post-thumbnail","7":"category-france","8":"tag-actualites","9":"tag-fr","10":"tag-france","11":"tag-francois-xavier-bellamy","12":"tag-news","13":"tag-nicolas-sarkozy","14":"tag-rassemblement-national","15":"tag-republique-francaise"},"share_on_mastodon":{"url":"https:\/\/pubeurope.com\/@fr\/115673428545143851","error":""},"_links":{"self":[{"href":"https:\/\/www.europesays.com\/fr\/wp-json\/wp\/v2\/posts\/582413","targetHints":{"allow":["GET"]}}],"collection":[{"href":"https:\/\/www.europesays.com\/fr\/wp-json\/wp\/v2\/posts"}],"about":[{"href":"https:\/\/www.europesays.com\/fr\/wp-json\/wp\/v2\/types\/post"}],"author":[{"embeddable":true,"href":"https:\/\/www.europesays.com\/fr\/wp-json\/wp\/v2\/users\/2"}],"replies":[{"embeddable":true,"href":"https:\/\/www.europesays.com\/fr\/wp-json\/wp\/v2\/comments?post=582413"}],"version-history":[{"count":0,"href":"https:\/\/www.europesays.com\/fr\/wp-json\/wp\/v2\/posts\/582413\/revisions"}],"wp:featuredmedia":[{"embeddable":true,"href":"https:\/\/www.europesays.com\/fr\/wp-json\/wp\/v2\/media\/582414"}],"wp:attachment":[{"href":"https:\/\/www.europesays.com\/fr\/wp-json\/wp\/v2\/media?parent=582413"}],"wp:term":[{"taxonomy":"category","embeddable":true,"href":"https:\/\/www.europesays.com\/fr\/wp-json\/wp\/v2\/categories?post=582413"},{"taxonomy":"post_tag","embeddable":true,"href":"https:\/\/www.europesays.com\/fr\/wp-json\/wp\/v2\/tags?post=582413"}],"curies":[{"name":"wp","href":"https:\/\/api.w.org\/{rel}","templated":true}]}}