{"id":582417,"date":"2025-12-06T15:54:19","date_gmt":"2025-12-06T15:54:19","guid":{"rendered":"https:\/\/www.europesays.com\/fr\/582417\/"},"modified":"2025-12-06T15:54:19","modified_gmt":"2025-12-06T15:54:19","slug":"saint-chamond-le-nouvel-ouvrage-du-cerpi-sur-la-voiture-saint-chamonaise-stimula","status":"publish","type":"post","link":"https:\/\/www.europesays.com\/fr\/582417\/","title":{"rendered":"Saint-Chamond. Le nouvel ouvrage du Cerpi sur la voiture saint-chamonaise Stimula"},"content":{"rendered":"<p>Ouvrage collectif auquel ont particip\u00e9 les \u00ab\u00a0Cerpiens\u00a0\u00bb Ren\u00e9 Jacquet, Albert Girodet, Nicolas Dominati, Jean-Louis Gourdin, Michel Boyer et Jean-Claude Teillard, Stimula De La Chapelle, 125 ans d\u2019histoire vient de sortir. Sa diffusion sera officiellement lanc\u00e9e jeudi 11\u00a0d\u00e9cembre.<\/p>\n<p>Leur premi\u00e8re place dans la cat\u00e9gorie culture &amp; patrimoine au concours Merci aux B\u00e9n\u00e9voles leur a permis de r\u00e9colter un prix de 1\u00a0000\u00a0euros. \u00ab\u00a0Une&#8230;<\/p>\n","protected":false},"excerpt":{"rendered":"Ouvrage collectif auquel ont particip\u00e9 les \u00ab\u00a0Cerpiens\u00a0\u00bb Ren\u00e9 Jacquet, Albert Girodet, Nicolas Dominati, Jean-Louis Gourdin, Michel Boyer et&hellip;\n","protected":false},"author":2,"featured_media":582418,"comment_status":"","ping_status":"","sticky":false,"template":"","format":"standard","meta":{"footnotes":""},"categories":[9653],"tags":[1111,11,2430,7539,1777,674,1011,27,12,25,9669,9670,4001,104,1631],"class_list":{"0":"post-582417","1":"post","2":"type-post","3":"status-publish","4":"format-standard","5":"has-post-thumbnail","7":"category-saint-etienne","8":"tag-actu","9":"tag-actualites","10":"tag-auvergne-rhone-alpes","11":"tag-edition-loire-sud","12":"tag-eu","13":"tag-europe","14":"tag-fr","15":"tag-france","16":"tag-news","17":"tag-republique-francaise","18":"tag-saint-chamond","19":"tag-saint-chamond-ville","20":"tag-saint-etienne","21":"tag-societe","22":"tag-vie-associative"},"share_on_mastodon":{"url":"https:\/\/pubeurope.com\/@fr\/115673436365996630","error":""},"_links":{"self":[{"href":"https:\/\/www.europesays.com\/fr\/wp-json\/wp\/v2\/posts\/582417","targetHints":{"allow":["GET"]}}],"collection":[{"href":"https:\/\/www.europesays.com\/fr\/wp-json\/wp\/v2\/posts"}],"about":[{"href":"https:\/\/www.europesays.com\/fr\/wp-json\/wp\/v2\/types\/post"}],"author":[{"embeddable":true,"href":"https:\/\/www.europesays.com\/fr\/wp-json\/wp\/v2\/users\/2"}],"replies":[{"embeddable":true,"href":"https:\/\/www.europesays.com\/fr\/wp-json\/wp\/v2\/comments?post=582417"}],"version-history":[{"count":0,"href":"https:\/\/www.europesays.com\/fr\/wp-json\/wp\/v2\/posts\/582417\/revisions"}],"wp:featuredmedia":[{"embeddable":true,"href":"https:\/\/www.europesays.com\/fr\/wp-json\/wp\/v2\/media\/582418"}],"wp:attachment":[{"href":"https:\/\/www.europesays.com\/fr\/wp-json\/wp\/v2\/media?parent=582417"}],"wp:term":[{"taxonomy":"category","embeddable":true,"href":"https:\/\/www.europesays.com\/fr\/wp-json\/wp\/v2\/categories?post=582417"},{"taxonomy":"post_tag","embeddable":true,"href":"https:\/\/www.europesays.com\/fr\/wp-json\/wp\/v2\/tags?post=582417"}],"curies":[{"name":"wp","href":"https:\/\/api.w.org\/{rel}","templated":true}]}}