{"id":582419,"date":"2025-12-06T15:55:27","date_gmt":"2025-12-06T15:55:27","guid":{"rendered":"https:\/\/www.europesays.com\/fr\/582419\/"},"modified":"2025-12-06T15:55:27","modified_gmt":"2025-12-06T15:55:27","slug":"prouver-mon-innocence-lancien-maire-de-saint-etienne-gael-perdriau-sexprime-pour-la-premiere-fois-depuis-sa-condamnation-dans-laffaire-de-la-sextape","status":"publish","type":"post","link":"https:\/\/www.europesays.com\/fr\/582419\/","title":{"rendered":"\u00ab\u00a0Prouver mon innocence\u00a0\u00bb: l&rsquo;ancien maire de Saint-\u00c9tienne, Ga\u00ebl Perdriau, s&rsquo;exprime pour la premi\u00e8re fois depuis sa condamnation dans l&rsquo;affaire de la sextape"},"content":{"rendered":"<p class=\"mb-4 text-lg md:leading-8 break-words\">\u00ab\u00a0Laver mon honneur\u00a0\u00bb. Le 1er d\u00e9cembre dernier, l&rsquo;ex-maire de Saint-\u00c9tienne, <a data-i13n=\"cpos:1;pos:1\" href=\"https:\/\/fr.news.yahoo.com\/sextape-ann%C3%A9es-chantage-ouverture-proc%C3%A8s-043900688.html\" data-ylk=\"slk:Ga\u00ebl Perdriau;cpos:1;pos:1;elm:context_link;itc:0;sec:content-canvas;outcm:mb_qualified_link;_E:mb_qualified_link;ct:story;\" class=\"link  yahoo-link\" target=\"_blank\" rel=\"noopener\">Ga\u00ebl Perdriau<\/a>, a \u00e9t\u00e9 condamn\u00e9 \u00e0 quatre ans de prison ferme pour avoir fait chanter \u00e0 l&rsquo;aide d&rsquo;une sextape son ancien premier adjoint, le centriste Gilles Artigues. Dans un entretien accord\u00e9 \u00e0 <a data-i13n=\"cpos:2;pos:1\" href=\"https:\/\/www.rtl.fr\/actu\/politique\/ma-priorite-c-est-de-prouver-mon-innocence-sur-rtl-gael-perdriau-s-exprime-pour-la-premiere-fois-depuis-sa-condamnation-a-4-ans-de-prison-ferme-7900574661\" rel=\"nofollow noopener\" target=\"_blank\" data-ylk=\"slk:RTL;cpos:2;pos:1;elm:context_link;itc:0;sec:content-canvas\" class=\"link \">RTL<\/a>, l&rsquo;ancien \u00e9dile a pris la parole pour la premi\u00e8re fois depuis le jugement.<\/p>\n<p class=\"mb-4 text-lg md:leading-8 break-words\">\u00ab\u00a0Je ne suis pas certain qu&rsquo;un \u00eatre humain soit pr\u00eat \u00e0 ce genre d&rsquo;\u00e9preuve, mais j&rsquo;y ferai face. De toute fa\u00e7on, je n&rsquo;ai pas le choix\u00a0\u00bb, d\u00e9clare-t-il \u00e0 RTL.<\/p>\n<p class=\"mb-4 text-lg md:leading-8 break-words\">\u00ab\u00a0Mentalement, j&rsquo;y suis pr\u00eat parce que ma priorit\u00e9 aujourd&rsquo;hui, c&rsquo;est de prouver mon innocence. C&rsquo;est de laver mon honneur aussi et celui de ma famille. Puisque le tribunal a d\u00e9cid\u00e9 de m&rsquo;envoyer en prison, j&rsquo;irai\u00a0\u00bb, a-t-il ajout\u00e9.<\/p>\n<p>La relaxe vis\u00e9e<\/p>\n<p class=\"mb-4 text-lg md:leading-8 break-words\">Ga\u00ebl Perdriau et des membres de son ancienne garde rapproch\u00e9e sont accus\u00e9s d&rsquo;avoir film\u00e9 \u00e0 son insu son ancien premier adjoint en train de recevoir un massage \u00e9rotique de la part d&rsquo;un escort boy. Une fois les images capt\u00e9es et mont\u00e9es, ils se seraient alors servis de cette sextape pour couper les ambitions politiques du premier adjoint.<\/p>\n<p class=\"mb-4 text-lg md:leading-8 break-words\">Une fois le jugement tomb\u00e9, l&rsquo;ancien maire a directement annonc\u00e9 qu&rsquo;il faisait appel avant d&rsquo;annoncer qu&rsquo;il transmettait \u00e0 la pr\u00e9f\u00e8te de la Loire sa d\u00e9mission pour l&rsquo;ensemble de ses mandats.<\/p>\n<p class=\"mb-4 text-lg md:leading-8 break-words\">Interrog\u00e9 sur un possible retour dans la vie politique, Ga\u00ebl Perdriau ne ferme pas la porte. \u00ab\u00a0Quand mon innocence aura \u00e9t\u00e9 d\u00e9montr\u00e9e, que l&rsquo;appel aura \u00e9t\u00e9 relax\u00e9, les compteurs seront remis \u00e0 z\u00e9ro et on pourra reparler \u00e0 ce moment-l\u00e0\u00a0\u00bb, a-t-il r\u00e9pondu.<\/p>\n<p class=\"mb-4 text-lg md:leading-8 break-words\">En attendant, le Conseil municipal doit d\u00e9signer le nouveau maire de Saint-\u00c9tienne ce mercredi 10 d\u00e9cembre \u00e0 14h30.<\/p>\n<p class=\"mb-4 text-lg md:leading-8 break-words\"><a data-i13n=\"cpos:3;pos:1\" href=\"https:\/\/www.bfmtv.com\/police-justice\/prouver-mon-innocence-l-ancien-maire-de-saint-etienne-gael-perdriau-s-exprime-pour-la-premiere-fois-depuis-sa-condamnation-dans-l-affaire-de-la-sextape_AN-202512060154.html#xtor=AL-68\" rel=\"nofollow noopener\" target=\"_blank\" data-ylk=\"slk:Article original publi\u00e9 sur BFMTV.com;cpos:3;pos:1;elm:context_link;itc:0;sec:content-canvas\" class=\"link \">Article original publi\u00e9 sur BFMTV.com<\/a><\/p>\n","protected":false},"excerpt":{"rendered":"\u00ab\u00a0Laver mon honneur\u00a0\u00bb. Le 1er d\u00e9cembre dernier, l&rsquo;ex-maire de Saint-\u00c9tienne, Ga\u00ebl Perdriau, a \u00e9t\u00e9 condamn\u00e9 \u00e0 quatre ans&hellip;\n","protected":false},"author":2,"featured_media":582420,"comment_status":"","ping_status":"","sticky":false,"template":"","format":"standard","meta":{"footnotes":""},"categories":[9653],"tags":[1111,11,2430,1777,674,1011,27,12242,69608,5107,12,24321,25,4001],"class_list":{"0":"post-582419","1":"post","2":"type-post","3":"status-publish","4":"format-standard","5":"has-post-thumbnail","7":"category-saint-etienne","8":"tag-actu","9":"tag-actualites","10":"tag-auvergne-rhone-alpes","11":"tag-eu","12":"tag-europe","13":"tag-fr","14":"tag-france","15":"tag-gael-perdriau","16":"tag-je-n39ai-pas-le-choix","17":"tag-maire","18":"tag-news","19":"tag-perdriau","20":"tag-republique-francaise","21":"tag-saint-etienne"},"share_on_mastodon":{"url":"https:\/\/pubeurope.com\/@fr\/115673440247417513","error":""},"_links":{"self":[{"href":"https:\/\/www.europesays.com\/fr\/wp-json\/wp\/v2\/posts\/582419","targetHints":{"allow":["GET"]}}],"collection":[{"href":"https:\/\/www.europesays.com\/fr\/wp-json\/wp\/v2\/posts"}],"about":[{"href":"https:\/\/www.europesays.com\/fr\/wp-json\/wp\/v2\/types\/post"}],"author":[{"embeddable":true,"href":"https:\/\/www.europesays.com\/fr\/wp-json\/wp\/v2\/users\/2"}],"replies":[{"embeddable":true,"href":"https:\/\/www.europesays.com\/fr\/wp-json\/wp\/v2\/comments?post=582419"}],"version-history":[{"count":0,"href":"https:\/\/www.europesays.com\/fr\/wp-json\/wp\/v2\/posts\/582419\/revisions"}],"wp:featuredmedia":[{"embeddable":true,"href":"https:\/\/www.europesays.com\/fr\/wp-json\/wp\/v2\/media\/582420"}],"wp:attachment":[{"href":"https:\/\/www.europesays.com\/fr\/wp-json\/wp\/v2\/media?parent=582419"}],"wp:term":[{"taxonomy":"category","embeddable":true,"href":"https:\/\/www.europesays.com\/fr\/wp-json\/wp\/v2\/categories?post=582419"},{"taxonomy":"post_tag","embeddable":true,"href":"https:\/\/www.europesays.com\/fr\/wp-json\/wp\/v2\/tags?post=582419"}],"curies":[{"name":"wp","href":"https:\/\/api.w.org\/{rel}","templated":true}]}}